{"id":202686,"date":"2025-06-25T07:34:11","date_gmt":"2025-06-25T07:34:11","guid":{"rendered":"https:\/\/www.europesays.com\/fr\/202686\/"},"modified":"2025-06-25T07:34:11","modified_gmt":"2025-06-25T07:34:11","slug":"15-ans-que-lassociation-pour-toutes-redonne-voix-aux-femmes-du-quartier","status":"publish","type":"post","link":"https:\/\/www.europesays.com\/fr\/202686\/","title":{"rendered":"15 ans que l\u2019Association Pour Toutes redonne voix aux femmes du quartier"},"content":{"rendered":"<p>            Par<br \/>\n        <strong><br \/>\n            <a href=\"https:\/\/actu.fr\/auteur\/lea-pippinato\" title=\"Consulter tous les articles de L\u00e9a Pippinato\" target=\"_blank\" rel=\"noopener\">L\u00e9a Pippinato<\/a><br \/>\n        <\/strong><\/p>\n<p>        Publi\u00e9 le<\/p>\n<p>            25 juin 2025 \u00e0 8h52        <\/p>\n<p>Une remorque transform\u00e9e en four \u00e0 pain, des s\u00e9jours \u00e0 Bruxelles, du parapente pour les jeunes filles du quartier\u2026 L\u2019association Pour Toutes n\u2019a rien d\u2019ordinaire. Derri\u00e8re ce nom, une volont\u00e9 tenace : ouvrir les horizons, sans jamais enfermer.<\/p>\n<p class=\" wall-content\"><strong> En 2010<\/strong>, Fatima Malouane n\u2019imaginait pas que son projet allait autant grandir. \u00ab\u00a0On voulait juste sortir les femmes de leur r\u00f4le d\u2019\u00e9pouse et de m\u00e8re.\u00a0\u00bb Dans le quartier Paul-Val\u00e9ry, \u00e0 Montpellier, elle cr\u00e9e l\u2019association Pour Toutes avec une amie. Rapidement, les demandes affluent. Certaines femmes veulent d\u00e9couvrir autre chose, respirer, penser \u00e0 elles. \u00ab\u00a0On a voulu abattre les murs invisibles du quartier.\u00a0\u00bb Pas des murs de b\u00e9ton. Des murs sociaux, symboliques. L\u2019association commence sans local, avec une dizaine d\u2019adh\u00e9rentes. Pendant sept ans, Fatima accueille l\u2019accompagnement \u00e0 la scolarit\u00e9 chez elle. \u00ab\u00a0C\u2019\u00e9tait du bricolage, mais il y avait une vraie demande.\u00a0\u00bb Aujourd\u2019hui, l\u2019association a ses propres locaux et un r\u00e9seau solide de b\u00e9n\u00e9voles.<\/p>\n<p>    <a href=\"https:\/\/www.google.com\/maps\/embed?pb=!1m18!1m12!1m3!1d2889.360593267345!2d3.8434445764594503!3d43.59903307110474!2m3!1f0!2f0!3f0!3m2!1i1024!2i768!4f13.1!3m3!1m2!1s0x12b6ae427e79aa23%3A0x42ceb1fd35437804!2sCit%C3%A9%20Paul-Val%C3%A9ry%2C%2034070%20Montpellier!5e0!3m2!1sfr!2sfr!4v1749823656485!5m2!1sfr!2sfr\" title=\"Ouvrie le lien\" target=\"_blank\" rel=\"noopener\">Cliquez ici pour visualiser le contenu<\/a><\/p>\n<p>\u00c9duquer, sans imposer<\/p>\n<p class=\" wall-content\">D\u00e8s la premi\u00e8re ann\u00e9e, des ateliers d\u2019aide aux devoirs se mettent en place. Une dizaine de b\u00e9n\u00e9voles se relaient deux fois par semaine. Ils accompagnent les enfants du CP au lyc\u00e9e. Une biblioth\u00e8que s\u2019installe avec les livres de Fatima, r\u00e9cup\u00e9r\u00e9s \u00e0 domicile. Les enfants les empruntent, les lisent, les ram\u00e8nent. Parfois, ils les gardent. \u00ab\u00a0Un jour, un petit m\u2019a demand\u00e9 s\u2019il pouvait garder son livre pr\u00e9f\u00e9r\u00e9. Je lui ai dit oui. Un bon livre, c\u2019est fait pour \u00eatre transmis.\u00a0\u00bb Le dispositif s\u2019\u00e9tend naturellement aux parents. <strong>Les ateliers d\u2019accompagnement \u00e0 la parentalit\u00e9<\/strong> prennent forme, trois fois par semaine. Ils rassemblent une dizaine de m\u00e8res autour de jeux, de discussions, de pratiques \u00e9ducatives. Les \u00e9changes sont confidentiels, ce qui cr\u00e9e un climat de confiance. On y aborde les tensions familiales, les rendez-vous m\u00e9dicaux, les probl\u00e8mes d\u2019\u00e9coute avec les enfants.<\/p>\n<p>    <img   decoding=\"async\" loading=\"lazy\" src=\"https:\/\/www.europesays.com\/fr\/wp-content\/uploads\/2025\/06\/tempimageyiepbj-960x640.jpg\" alt=\"Dans la petite biblioth\u00e8que de l\u2019association, les enfants empruntent librement des livres.\" width=\"960\" height=\"640\"\/><br \/>\n    Dans la petite biblioth\u00e8que de l\u2019association, les enfants empruntent librement des livres. (\u00a9M\u00e9tropolitain \/ LP)<\/p>\n<p class=\" wall-content\">L\u2019association s\u2019est peu \u00e0 peu professionnalis\u00e9e, avec des financements de la CAF, de la Ville et de l\u2019\u00c9tat. \u00ab\u00a0Mais on faisait d\u00e9j\u00e0 tout \u00e7a avant m\u00eame de savoir que \u00e7a avait un nom ou des aides\u00a0\u00bb, pr\u00e9cise Fatima. \u00ab\u00a0Ce sont les besoins, exprim\u00e9s par les femmes elles-m\u00eames, qui guident les projets. Je ne programme rien. Je fais si elles demandent.\u00a0\u00bb<\/p>\n<p>Vid\u00e9os : en ce moment sur Actu<\/p>\n<p class=\" wall-content\">Leur projet le plus singulier, c\u2019est sans doute<strong> le four \u00e0 pain<\/strong>. L\u2019id\u00e9e vient d\u2019un souvenir d\u2019enfance. \u00ab\u00a0Quand on allait en vacances, il y avait un four. Les femmes discutaient, les enfants jouaient. On partageait du pain. C\u2019\u00e9tait vivant.\u00a0\u00bb Un jour, une amie lui demande : \u00ab\u00a0Tu pourrais en construire un ?\u00a0\u00bb Elle n\u2019a jamais fabriqu\u00e9 de four, mais elle essaie. Deux ans plus tard, le four est pr\u00eat. Mont\u00e9 sur une remorque, il peut se d\u00e9placer de quartier en quartier. Il a circul\u00e9 dans la Paillade, les Maisons pour Tous, et les \u00e9v\u00e9nements locaux. Il est devenu un objet de lien, si bien que d\u2019autres associations s\u2019en inspirent.<\/p>\n<blockquote class=\"ac-article-quote wall-content\">\n<p>\u00ab\u00a0Ce sont les besoins, exprim\u00e9s par les femmes elles-m\u00eames, qui guident les projets. Je ne programme rien. Je fais si elles demandent.\u00a0\u00bb<\/p>\n<p>    <strong>Fatima Malouane<\/strong><br \/>\n        Pr\u00e9sidente de l&rsquo;Association Pour Toutes    <\/p><\/blockquote>\n<p>Des sorties pour respirer<\/p>\n<p class=\" wall-content\">L\u2019association propose aussi des voyages, souvent inattendus. En 2012, direction Bruxelles. Trente adh\u00e9rents d\u00e9couvrent la ville et visitent le Parlement europ\u00e9en. \u00ab\u00a0Voyager, c\u2019est vivre. \u00c7a permet de sortir de chez soi, mais aussi de sa t\u00eate.\u00a0\u00bb Les sorties sont nombreuses : \u00e0 Palavas, pour d\u00e9guster des gaufres, ou en parapente pour les jeunes filles du quartier. \u00ab\u00a0C\u2019est un sport inaccessible ici. Pourtant, elles l\u2019ont fait, gratuitement.\u00a0\u00bb Parfois, les femmes viennent avec leur mari ou leurs enfants. D\u2019autres fois, elles partent seules. \u00ab\u00a0C\u2019est leur choix. L\u2019important, c\u2019est qu\u2019elles d\u00e9cident.\u00a0\u00bb<\/p>\n<p class=\" wall-content\"><strong>Le 9 novembre prochain<\/strong>, l\u2019Association Pour Toutes f\u00eatera ses 15 ans \u00e0 la Maison pour Tous Marcel Pagnol. L\u2019\u00e9v\u00e9nement est ouvert \u00e0 tous, comme toujours. Une participation symbolique \u00e0 l\u2019entr\u00e9e aidera \u00e0 financer la f\u00eate, mais personne ne sera refus\u00e9. \u00ab\u00a0On n\u2019a jamais r\u00e9serv\u00e9 nos \u00e9v\u00e9nements aux seuls b\u00e9n\u00e9ficiaires\u00a0\u00bb, insiste Fatima. Elle se souvient d\u2019une f\u00eate pr\u00e9c\u00e9dente, un mariage berb\u00e8re organis\u00e9 dans la Salle des Rencontres de l\u2019H\u00f4tel de Ville. \u00ab\u00a0Des gens sont venus de Marseille, Mont\u00e9limar, Montbrison. Personne ne me croyait. Mais ils sont venus. \u00c0 22h30, il n\u2019y avait plus rien \u00e0 vendre. Les gens allaient acheter des sandwichs dehors pour revenir dans la salle\u00a0\u00bb, raconte-t-elle, encore amus\u00e9e.<\/p>\n<blockquote class=\"ac-article-quote wall-content\">\n<p>\u00ab\u00a0Adh\u00e9rer, ce n\u2019est pas payer. C\u2019est participer. Une femme qui pr\u00e9pare un g\u00e2teau pour une vente, c\u2019est une adh\u00e9rente. M\u00eame si elle ne donne pas un centime.\u00a0\u00bb<\/p>\n<p>    <strong>Fatima Malouane<\/strong><br \/>\n        Pr\u00e9sidente de l&rsquo;Association Pour Toutes    <\/p><\/blockquote>\n<p class=\" wall-content\">L\u2019association fonctionne avec une cotisation annuelle de <strong>15 euros<\/strong>. Mais pour Fatima, l\u2019engagement va bien au-del\u00e0. \u00ab\u00a0Adh\u00e9rer, ce n\u2019est pas payer. C\u2019est participer. Une femme qui pr\u00e9pare un g\u00e2teau pour une vente, c\u2019est une adh\u00e9rente. M\u00eame si elle ne donne pas un centime.\u00a0\u00bb Chacun est un maillon d\u2019une cha\u00eene. Une cha\u00eene souple, o\u00f9 chaque personnalit\u00e9 compte. Et tout le monde est bienvenu : enfants, hommes ou femmes. De z\u00e9ro \u00e0 90 ans !<\/p>\n<p class=\" wall-content\">Suivez toute l\u2019actualit\u00e9 de vos villes et m\u00e9dias favoris en vous inscrivant \u00e0 <a href=\"https:\/\/moncompte.actu.fr\" title=\"D\u00e9couvez Mon Actu\" rel=\"nofollow noopener\" data-trk=\"{&quot;cta&quot;:{&quot;action&quot;:&quot;https:\\\/\\\/moncompte.actu.fr&quot;,&quot;category&quot;:&quot;mon compte&quot;,&quot;from&quot;:&quot;article footer&quot;,&quot;name&quot;:&quot;Mon actu&quot;,&quot;type&quot;:&quot;cta&quot;}}\" target=\"_blank\">Mon Actu<\/a>.<\/p>\n","protected":false},"excerpt":{"rendered":"Par L\u00e9a Pippinato Publi\u00e9 le 25 juin 2025 \u00e0 8h52 Une remorque transform\u00e9e en four \u00e0 pain, des&hellip;\n","protected":false},"author":2,"featured_media":202687,"comment_status":"","ping_status":"","sticky":false,"template":"","format":"standard","meta":{"footnotes":""},"categories":[9599],"tags":[1111,11,10263,1777,674,652,6757,1011,27,2208,12,2680,25,104],"class_list":{"0":"post-202686","1":"post","2":"type-post","3":"status-publish","4":"format-standard","5":"has-post-thumbnail","7":"category-montpellier","8":"tag-actu","9":"tag-actualites","10":"tag-benevolat","11":"tag-eu","12":"tag-europe","13":"tag-famille","14":"tag-feminisme","15":"tag-fr","16":"tag-france","17":"tag-montpellier","18":"tag-news","19":"tag-occitanie","20":"tag-republique-francaise","21":"tag-societe"},"share_on_mastodon":{"url":"https:\/\/pubeurope.com\/@fr\/114742851274855005","error":""},"_links":{"self":[{"href":"https:\/\/www.europesays.com\/fr\/wp-json\/wp\/v2\/posts\/202686","targetHints":{"allow":["GET"]}}],"collection":[{"href":"https:\/\/www.europesays.com\/fr\/wp-json\/wp\/v2\/posts"}],"about":[{"href":"https:\/\/www.europesays.com\/fr\/wp-json\/wp\/v2\/types\/post"}],"author":[{"embeddable":true,"href":"https:\/\/www.europesays.com\/fr\/wp-json\/wp\/v2\/users\/2"}],"replies":[{"embeddable":true,"href":"https:\/\/www.europesays.com\/fr\/wp-json\/wp\/v2\/comments?post=202686"}],"version-history":[{"count":0,"href":"https:\/\/www.europesays.com\/fr\/wp-json\/wp\/v2\/posts\/202686\/revisions"}],"wp:featuredmedia":[{"embeddable":true,"href":"https:\/\/www.europesays.com\/fr\/wp-json\/wp\/v2\/media\/202687"}],"wp:attachment":[{"href":"https:\/\/www.europesays.com\/fr\/wp-json\/wp\/v2\/media?parent=202686"}],"wp:term":[{"taxonomy":"category","embeddable":true,"href":"https:\/\/www.europesays.com\/fr\/wp-json\/wp\/v2\/categories?post=202686"},{"taxonomy":"post_tag","embeddable":true,"href":"https:\/\/www.europesays.com\/fr\/wp-json\/wp\/v2\/tags?post=202686"}],"curies":[{"name":"wp","href":"https:\/\/api.w.org\/{rel}","templated":true}]}}