{"id":202698,"date":"2025-06-25T07:44:09","date_gmt":"2025-06-25T07:44:09","guid":{"rendered":"https:\/\/www.europesays.com\/fr\/202698\/"},"modified":"2025-06-25T07:44:09","modified_gmt":"2025-06-25T07:44:09","slug":"une-toute-nouvelle-terrasse-vient-douvrir-sur-la-place-kleber","status":"publish","type":"post","link":"https:\/\/www.europesays.com\/fr\/202698\/","title":{"rendered":"une toute nouvelle terrasse vient d&rsquo;ouvrir sur la place Kl\u00e9ber"},"content":{"rendered":"<p>            Par<br \/>\n        <strong><br \/>\n            <a href=\"https:\/\/actu.fr\/auteur\/ivan-capecchi\" title=\"Consulter tous les articles de Ivan CAPECCHI\" target=\"_blank\" rel=\"noopener\">Ivan CAPECCHI<\/a><br \/>\n        <\/strong><\/p>\n<p>        Publi\u00e9 le<\/p>\n<p>            25 juin 2025 \u00e0 9h35        <\/p>\n<p>La semaine derni\u00e8re, une nouvelle terrasse a ouvert au niveau de l\u2019ancienne <a href=\"https:\/\/actu.fr\/grand-est\/strasbourg_67482\/strasbourg-un-bistrot-aux-horaires-d-ouverture-xxl-va-voir-le-jour-place-kleber_62432222.html\" target=\"_blank\" rel=\"noopener\">brasserie Kohler-Rehm<\/a>, situ\u00e9e <strong>place Kl\u00e9ber<\/strong> \u00e0 <strong>Strasbourg<\/strong>.<\/p>\n<p class=\" wall-content\">\u00ab\u2009Cela fait plusieurs mois qu\u2019on a compris que les <a href=\"https:\/\/actu.fr\/tag\/travaux\" target=\"_blank\" rel=\"noopener\">travaux<\/a> \u00e0 l\u2019int\u00e9rieur du b\u00e2timent prendront du temps, donc on a soudainement d\u00e9cid\u00e9 d\u2019ouvrir au moins la <strong>terrasse<\/strong>\u2009\u00bb, explique Alexis Nacher, le porteur du projet de r\u00e9habilitation.<\/p>\n<p class=\" wall-content\">Ce dernier promet des \u00ab<strong>\u2009happenings pendant tout l\u2019\u00e9t\u00e9<\/strong>\u2009\u00bb, \u00ab\u2009comme des <strong>cartes blanches au barman<\/strong>\u2009\u00bb, des \u00ab<strong>\u2009d\u00e9gustations de vins et de bi\u00e8res<\/strong>\u2009\u00bb ou encore \u00ab\u2009plein d\u2019autres surprises comme des <strong>brunchs originaux<\/strong>\u2009\u00bb.<\/p>\n<p>Ouverture par \u00e9tapes<\/p>\n<p class=\" wall-content\">Le lieu va donc ouvrir par \u00e9tapes. D\u2019abord la terrasse puis, \u00e0 <strong>l\u2019automne<\/strong>, le <strong>rez-de-chauss\u00e9e<\/strong>. \u00ab\u2009On devrait avoir <strong>fini les travaux \u00e0 l\u2019\u00e9tage au premier trimestre 2026<\/strong>\u2009\u00bb, indique M. Nacher.<\/p>\n<p class=\" wall-content\">L\u2019id\u00e9e, \u00e0 terme, est \u00ab\u2009d\u2019avoir un lieu qui puisse accueillir tout le monde toute la journ\u00e9e et \u00e0 toute heure\u2009\u00bb. Au rez-de-chauss\u00e9e, on trouvera \u00ab\u2009une <strong>brasserie<\/strong>, populaire, un peu bruyante, avec de la musique, un vrai bar et de la petite restauration\u2009\u00bb. Et \u00e0 l\u2019\u00e9tage, \u00ab\u2009un c\u00f4t\u00e9 <strong>salon de th\u00e9\/p\u00e2tisserie<\/strong> pendant la journ\u00e9e et un <strong>bar \u00e0 cocktails\/bar \u00e0 vins<\/strong> plus pos\u00e9, plus lounge le soir\u2009\u00bb.<\/p>\n<p>Vid\u00e9os : en ce moment sur Actu<\/p>\n<p class=\" wall-content\">Suivez toute l\u2019actualit\u00e9 de vos villes et m\u00e9dias favoris en vous inscrivant \u00e0 <a href=\"https:\/\/moncompte.actu.fr\" title=\"D\u00e9couvez Mon Actu\" rel=\"nofollow noopener\" data-trk=\"{&quot;cta&quot;:{&quot;action&quot;:&quot;https:\\\/\\\/moncompte.actu.fr&quot;,&quot;category&quot;:&quot;mon compte&quot;,&quot;from&quot;:&quot;article footer&quot;,&quot;name&quot;:&quot;Mon actu&quot;,&quot;type&quot;:&quot;cta&quot;}}\" target=\"_blank\">Mon Actu<\/a>.<\/p>\n","protected":false},"excerpt":{"rendered":"Par Ivan CAPECCHI Publi\u00e9 le 25 juin 2025 \u00e0 9h35 La semaine derni\u00e8re, une nouvelle terrasse a ouvert&hellip;\n","protected":false},"author":2,"featured_media":202699,"comment_status":"","ping_status":"","sticky":false,"template":"","format":"standard","meta":{"footnotes":""},"categories":[2820],"tags":[1111,11,1777,674,1011,27,775,1652,12,25,1340,640,2086],"class_list":{"0":"post-202698","1":"post","2":"type-post","3":"status-publish","4":"format-standard","5":"has-post-thumbnail","7":"category-strasbourg","8":"tag-actu","9":"tag-actualites","10":"tag-eu","11":"tag-europe","12":"tag-fr","13":"tag-france","14":"tag-grand-est","15":"tag-loisirs-culture","16":"tag-news","17":"tag-republique-francaise","18":"tag-restaurant","19":"tag-strasbourg","20":"tag-travaux"},"share_on_mastodon":{"url":"https:\/\/pubeurope.com\/@fr\/114742890666237721","error":""},"_links":{"self":[{"href":"https:\/\/www.europesays.com\/fr\/wp-json\/wp\/v2\/posts\/202698","targetHints":{"allow":["GET"]}}],"collection":[{"href":"https:\/\/www.europesays.com\/fr\/wp-json\/wp\/v2\/posts"}],"about":[{"href":"https:\/\/www.europesays.com\/fr\/wp-json\/wp\/v2\/types\/post"}],"author":[{"embeddable":true,"href":"https:\/\/www.europesays.com\/fr\/wp-json\/wp\/v2\/users\/2"}],"replies":[{"embeddable":true,"href":"https:\/\/www.europesays.com\/fr\/wp-json\/wp\/v2\/comments?post=202698"}],"version-history":[{"count":0,"href":"https:\/\/www.europesays.com\/fr\/wp-json\/wp\/v2\/posts\/202698\/revisions"}],"wp:featuredmedia":[{"embeddable":true,"href":"https:\/\/www.europesays.com\/fr\/wp-json\/wp\/v2\/media\/202699"}],"wp:attachment":[{"href":"https:\/\/www.europesays.com\/fr\/wp-json\/wp\/v2\/media?parent=202698"}],"wp:term":[{"taxonomy":"category","embeddable":true,"href":"https:\/\/www.europesays.com\/fr\/wp-json\/wp\/v2\/categories?post=202698"},{"taxonomy":"post_tag","embeddable":true,"href":"https:\/\/www.europesays.com\/fr\/wp-json\/wp\/v2\/tags?post=202698"}],"curies":[{"name":"wp","href":"https:\/\/api.w.org\/{rel}","templated":true}]}}