{"id":202705,"date":"2025-06-25T07:48:17","date_gmt":"2025-06-25T07:48:17","guid":{"rendered":"https:\/\/www.europesays.com\/fr\/202705\/"},"modified":"2025-06-25T07:48:17","modified_gmt":"2025-06-25T07:48:17","slug":"ce-qui-nous-alerte-cest-le-fait-quil-ny-ait-justement-pas-dalerte-face-au-niveau-record-de-particules-fines-les-riverains-de-lecocentre-de-lile-de-nantes-inquiets","status":"publish","type":"post","link":"https:\/\/www.europesays.com\/fr\/202705\/","title":{"rendered":"\u00ab\u00a0Ce qui nous alerte, c&rsquo;est le fait qu&rsquo;il n&rsquo;y ait justement pas d&rsquo;alerte\u00a0\u00bb, face au niveau record de particules fines, les riverains de l&rsquo;\u00e9cocentre de l&rsquo;\u00eele de Nantes inquiets"},"content":{"rendered":"<p class=\"article__intro\">Le collectif de riverains oppos\u00e9s \u00e0 l&rsquo;\u00e9cocentre, la plateforme de recyclage de d\u00e9chets de chantiers situ\u00e9 sur l&rsquo;\u00eele de Nantes, tire \u00e0 nouveau la sonnette d&rsquo;alarme, alors qu&rsquo;un nouveau pic de pollution aux particules fines, encore jamais atteint, a \u00e9t\u00e9 enregistr\u00e9 ce mardi 24 juin, d\u00e9passant m\u00eame le seuil d&rsquo;information.<\/p>\n<p>\n      Soci\u00e9t\u00e9\n    <\/p>\n<p>\n      De la vie quotidienne aux grands enjeux, d\u00e9couvrez les sujets qui font la soci\u00e9t\u00e9 locale, comme la justice, l\u2019\u00e9ducation, la sant\u00e9 et la famille.\n    <\/p>\n<p>    France T\u00e9l\u00e9visions utilise votre adresse e-mail afin de vous envoyer la newsletter \u00ab\u00a0Soci\u00e9t\u00e9\u00a0\u00bb. Vous pouvez vous d\u00e9sinscrire \u00e0 tout moment via le lien en bas de cette newsletter. <a target=\"_blank\" href=\"https:\/\/www.francetelevisions.fr\/groupe\/confidentialite\/politique-de-confidentialite\/politique-de-confidentialite-de-france-televisions-6503\" rel=\"noopener\">Notre politique de confidentialit\u00e9<\/a><\/p>\n<p>Ces derniers jours, et particuli\u00e8rement ces derni\u00e8res heures, le collectif des riverains Stop Ecocentre a l&rsquo;\u0153il riv\u00e9 sur\u00a0les mesures prises par Air Pays de la Loire. \u00ab\u00a0Ce matin (mardi), on a atteint un niveau record avec un pic de particules fines de 242 \u00b5g\/m3 relev\u00e9 \u00e0 dix heures alors que le seuil d&rsquo;alerte est \u00e0 80 \u00b5g\/m3, donc l\u00e0, on est trois fois sup\u00e9rieur au seuil d&rsquo;alerte\u00a0\u00bb, l\u00e2che Emilie Silantieff, qui habite \u00e0 quelques encablures du chantier.<\/p>\n<p><a rel=\"noopener noreferrer nofollow\" href=\"https:\/\/www.airpl.org\/air-exterieur\/mesures-en-direct?zone=1&amp;polluant=24\" target=\"_blank\">C&rsquo;est un nouveau record de pollution aux particules fines<\/a> qui vient d&rsquo;\u00eatre enregistr\u00e9 dans le quartier Prairie-au-Duc \u00e0 Nantes, \u00e0 proximit\u00e9 de l&rsquo;\u00e9cocentre, une plateforme de recyclage des d\u00e9chets issus des chantiers de construction de l&rsquo;\u00eele de Nantes.<\/p>\n<p>Si le record est \u00e9tabli, le seuil d&rsquo;alerte se calculant sur une moyenne des derni\u00e8res 24 heures, il n\u2019est pas encore franchi. Mais Emilie n&rsquo;en d\u00e9mord pas, \u00ab\u00a0sur la p\u00e9riode de fonctionnement du chantier, de 7h \u00e0 16h, on \u00e9tait clairement au-dessus du seuil d&rsquo;alerte, au moment o\u00f9 les enfants jouent dans la cour d&rsquo;\u00e9cole, sans oublier qu&rsquo;il y a aussi une cr\u00e8che qui est \u00e0 proximit\u00e9 imm\u00e9diate de ces travaux\u00a0\u00bb.<\/p>\n<p>Ce qui est s\u00fbr, c&rsquo;est que le<a target=\"_blank\" rel=\"noopener noreferrer nofollow\" href=\"https:\/\/sante.gouv.fr\/sante-et-environnement\/air-exterieur\/qualite-de-l-air-exterieur-10984\/article\/recommandations-en-cas-d-episode-de-pollution\"> seuil d&rsquo;information et de recommandation<\/a> de 50 \u00b5g\/m\u00b3 a bien \u00e9t\u00e9 atteint, sans que la population n&rsquo;en soit inform\u00e9e ni que des dispositifs de protection soient mis en place.<\/p>\n<blockquote class=\"ftvi_content_quote\">\n<p class=\"ftvi_citation_quote\">Ce qui nous alerte, c&rsquo;est le fait qu&rsquo;il n&rsquo;y ait justement pas d&rsquo;alerte. Ce qu&rsquo;on craignait se r\u00e9alise : tout le dispositif mis en place, comit\u00e9 de suivi, discussion avec la Samoa, n&rsquo;a pas pour effet d&rsquo;enclencher les bons leviers d&rsquo;alerte et les populations ne sont pas averties du tout<\/p>\n<p>Paul-Anthelme Adele<\/p>\n<p class=\"ftvi_citation_source\">Membre du collectif de riverains Stop Ecocentre<\/p>\n<\/blockquote>\n<p>\u00ab\u00a0Une<strong> <\/strong>d\u00e9gradation de la qualit\u00e9 de l\u2019air aux particules fines a \u00e9t\u00e9 enregistr\u00e9e ces derniers jours sur la station Air Pays de la Loire positionn\u00e9e depuis plusieurs mois au pied des immeubles du Boulevard de l\u2019Estuaire, et dont les r\u00e9sultats sont diffus\u00e9s en direct sur le site\u00a0 site Air Pays de la Loire\u00a0\u00bb, pr\u00e9cise la Samoa, qui d\u00e9finit la strat\u00e9gie globale d\u2019am\u00e9nagement de l\u2019\u00eele de Nantes. <\/p>\n<p>\u00ab\u00a0Ces pics de pollution n\u2019ont pas \u00e9t\u00e9 observ\u00e9s par les capteurs situ\u00e9s au niveau de l\u2019ecocentre, temporise-t-elle. Cette pollution est li\u00e9e aux conditions climatiques et devrait \u00eatre ponctuelle\u00a0\u00bb.<\/p>\n<p>Selon le collectif Stop \u00e9concentre, cette pollution atmosph\u00e9rique semble directement li\u00e9e aux excavations de terres pollu\u00e9es provenant des anciennes voies ferr\u00e9es, actuellement en cours pour l\u2019am\u00e9nagement du jardin de l\u2019Estuaire, \u00e0 moins de 20 m\u00e8tres de la cr\u00e8che La Toupie Magique.<\/p>\n<p>\u00ab\u00a0Quand le projet d&rsquo;\u00e9cocentre est arriv\u00e9, nous avons demand\u00e9 des garanties aupr\u00e8s de la Samoa, l&rsquo;ARS, la pr\u00e9fecture et le d\u00e9partement et tout le monde nous a donn\u00e9 ces garanties. Je n&rsquo;explique pas ces taux \u00e9lev\u00e9s et j&rsquo;esp\u00e8re que le process a bien \u00e9t\u00e9 respect\u00e9\u00a0\u00bb, explique Adel Fernane, pr\u00e9sident de la cr\u00e8che.<\/p>\n<p><a rel=\"noopener noreferrer nofollow\" href=\"https:\/\/france3-regions.franceinfo.fr\/pays-de-la-loire\/loire-atlantique\/nantes\/on-n-a-pas-de-visibilite-de-sante-publique-sur-les-effets-de-ces-poussieres-ce-centre-de-recyclage-de-dechets-a-ciel-ouvert-inquiete-les-riverains-3122053.html\" target=\"_blank\">\u201cOn n&rsquo;a pas de visibilit\u00e9 de sant\u00e9 publique sur les effets de ces poussi\u00e8res\u201d, ce centre de recyclage de d\u00e9chets \u00e0 ciel ouvert inqui\u00e8te les riverains<\/a><\/p>\n<p>\u00ab\u00a0Vu que c&rsquo;est au niveau des anciennes voies ferr\u00e9es, il doit y avoir tout un tas d&rsquo;hydrocarbure et on peut penser aussi des m\u00e9taux lourds. J&rsquo;ai pris des photos et on voit bien qu&rsquo;\u00e0 l&rsquo;endroit o\u00f9 la terre a \u00e9t\u00e9 creus\u00e9e, il y a une partie qui est couleur jaune sable et en surface, c&rsquo;est de la terre qui est totalement noire, signe de contamination\u00a0\u00bb, d\u00e9plore Emilie Silantieff.<\/p>\n<p>Dans cette vid\u00e9o, prise ce mardi matin par un particulier, toutes ces terres sont transport\u00e9es sans b\u00e2chage jusqu\u2019\u00e0 l\u2019\u00e9cocentre voisin, ce qui favorise la dispersion de poussi\u00e8res, d\u00e9plorent les riverains.<\/p>\n<p>    dur\u00e9e de la vid\u00e9o : 00h00mn30s<\/p>\n<p>        <img decoding=\"async\" width=\"640\" height=\"426\" class=\"article-image not-lazy\" src=\"https:\/\/www.europesays.com\/fr\/wp-content\/uploads\/2025\/06\/d2843dfd-8f8f-4466-9403-47102ecced14.jpg\" alt=\"\" fetchpriority=\"high\"\/><\/p>\n<p>\n          C&rsquo;est un nouveau record de pollution aux particules fines qui vient d&rsquo;\u00eatre enregistr\u00e9 dans le quartier Prairie-au-Duc \u00e0 Nantes, \u00e0 proximit\u00e9 de l&rsquo;\u00e9cocentre, une plateforme de recyclage des d\u00e9chets issus des chantiers de construction de l&rsquo;\u00eele de Nantes<\/p>\n<p>        \u2022<\/p>\n<p>              \u00a9Collectif Stop Ecocentre\n      <\/p>\n<p>La Samoa, de son c\u00f4t\u00e9, affirme qu&rsquo;elle proc\u00e8de au \u00ab\u00a0b\u00e2chage syst\u00e9matique de tous les camions pour le transport des mat\u00e9riaux volatiles y compris pour des trajets courts\u00a0\u00bb.<\/p>\n<p>Le collectif d\u00e9plore \u00e9galement les tas de terre entrepos\u00e9s sur le site qui ne sont ni b\u00e2ch\u00e9s ni arros\u00e9s, \u00ab\u00a0contrairement aux engagements pris publiquement par l&rsquo;entreprise Brezillon et par la Samoa\u00a0\u00bb, insiste le collectif Stop Ecocentre.<\/p>\n<p>La Samoa affirme l\u00e0 aussi qu&rsquo;elle met \u00ab\u00a0en place (des) mesures d\u2019att\u00e9nuation\u00a0\u00bb avec un \u00ab\u00a0dispositif de brumisation pour les zones de chantiers afin d\u2019\u00e9viter la propagation des poussi\u00e8res\u00a0\u00bb.<\/p>\n<p>\u00ab\u00a0Je suis tr\u00e8s inquiet pour mes enfants. Au bout de 12 ans d&rsquo;\u00e9cocentre, est-ce que mes enfants ne d\u00e9clencheront pas des cancers quand ils auront 40 ans ?\u00a0\u00bb, s&rsquo;interroge Paul-Anthelme Ademe, riverain et enseignant chercheur en droit de la sant\u00e9.<\/p>\n<p>Pour Nicole Lacorne, 76 ans, qui habite le quartier depuis deux ans, c&rsquo;est un spectacle de d\u00e9solation qui se joue sous son balcon. \u00ab\u00a0Ce chantier, j&rsquo;en suis malade, j&rsquo;y pense tous les jours. On respire de la cochonnerie sans arr\u00eat, je suis en train de m&rsquo;intoxiquer tous les jours un peu plus\u00a0\u00bb, se d\u00e9sole la vieille dame, qui pensait trouver ici un \u00e9crin de verdure avec la construction de ce Jardin de l&rsquo;Estuaire. \u00ab\u00a0Une supercherie\u00a0\u00bb ajoute-t-elle.<\/p>\n<p>Le collectif Stop Ecocentre demande \u00e0 la pr\u00e9fecture de Loire-Atlantique d&rsquo;intervenir en urgence pour assurer la protection de la sant\u00e9 des enfants et des habitants du quartier.<\/p>\n<p><strong>Retrouvez-nous\u00a0sur nos r\u00e9seaux sociaux et sur\u00a0<\/strong><a rel=\"noopener noreferrer nofollow\" href=\"http:\/\/france.tv\" target=\"_blank\"><strong>france.tv<\/strong><\/a><\/p>\n","protected":false},"excerpt":{"rendered":"Le collectif de riverains oppos\u00e9s \u00e0 l&rsquo;\u00e9cocentre, la plateforme de recyclage de d\u00e9chets de chantiers situ\u00e9 sur l&rsquo;\u00eele&hellip;\n","protected":false},"author":2,"featured_media":202706,"comment_status":"","ping_status":"","sticky":false,"template":"","format":"standard","meta":{"footnotes":""},"categories":[2818],"tags":[1111,11,1777,674,1011,27,766,12,2636,25],"class_list":{"0":"post-202705","1":"post","2":"type-post","3":"status-publish","4":"format-standard","5":"has-post-thumbnail","7":"category-nantes","8":"tag-actu","9":"tag-actualites","10":"tag-eu","11":"tag-europe","12":"tag-fr","13":"tag-france","14":"tag-nantes","15":"tag-news","16":"tag-pays-de-la-loire","17":"tag-republique-francaise"},"share_on_mastodon":{"url":"https:\/\/pubeurope.com\/@fr\/114742906630739029","error":""},"_links":{"self":[{"href":"https:\/\/www.europesays.com\/fr\/wp-json\/wp\/v2\/posts\/202705","targetHints":{"allow":["GET"]}}],"collection":[{"href":"https:\/\/www.europesays.com\/fr\/wp-json\/wp\/v2\/posts"}],"about":[{"href":"https:\/\/www.europesays.com\/fr\/wp-json\/wp\/v2\/types\/post"}],"author":[{"embeddable":true,"href":"https:\/\/www.europesays.com\/fr\/wp-json\/wp\/v2\/users\/2"}],"replies":[{"embeddable":true,"href":"https:\/\/www.europesays.com\/fr\/wp-json\/wp\/v2\/comments?post=202705"}],"version-history":[{"count":0,"href":"https:\/\/www.europesays.com\/fr\/wp-json\/wp\/v2\/posts\/202705\/revisions"}],"wp:featuredmedia":[{"embeddable":true,"href":"https:\/\/www.europesays.com\/fr\/wp-json\/wp\/v2\/media\/202706"}],"wp:attachment":[{"href":"https:\/\/www.europesays.com\/fr\/wp-json\/wp\/v2\/media?parent=202705"}],"wp:term":[{"taxonomy":"category","embeddable":true,"href":"https:\/\/www.europesays.com\/fr\/wp-json\/wp\/v2\/categories?post=202705"},{"taxonomy":"post_tag","embeddable":true,"href":"https:\/\/www.europesays.com\/fr\/wp-json\/wp\/v2\/tags?post=202705"}],"curies":[{"name":"wp","href":"https:\/\/api.w.org\/{rel}","templated":true}]}}