{"id":202713,"date":"2025-06-25T07:52:12","date_gmt":"2025-06-25T07:52:12","guid":{"rendered":"https:\/\/www.europesays.com\/fr\/202713\/"},"modified":"2025-06-25T07:52:12","modified_gmt":"2025-06-25T07:52:12","slug":"autoroute-a69-non-aux-voyous-une-action-des-pro-autoroute-dans-la-nuit-entre-castres-et-toulouse-une-entreprise-ciblee","status":"publish","type":"post","link":"https:\/\/www.europesays.com\/fr\/202713\/","title":{"rendered":"Autoroute A69\u00a0: \u00ab\u00a0Non aux voyous\u00a0\u00bb\u2026 Une action des \u00ab\u00a0pro-autoroute\u00a0\u00bb dans la nuit entre Castres et Toulouse, une entreprise cibl\u00e9e"},"content":{"rendered":"<p>\n                                                                    l&rsquo;essentiel<br \/>\n                                                                Des partisans de l\u2019autoroute ont men\u00e9 une action dans la nuit du mardi\u00a024 au mercredi 25\u00a0juin, entre Castres et Puylaurens. Ils d\u00e9noncent notamment ceux qui \u00ab\u00a0soutiennent les voyous\u00a0\u00bb.\n                            <\/p>\n<p>Ils se revendiquent eux-m\u00eames comme \u00ab\u00a0Les Pros\u00a0\u00bb. Comprendre les \u00ab\u00a0pros autoroute\u00a0\u00bb. Dans la nuit de mardi \u00e0 mercredi, des panneaux ont \u00e9t\u00e9 affich\u00e9s \u00e0 chaque rond-point entre Castres et Puylaurens, notamment\u00a0\u00e0 la zone de M\u00e9lou, \u00e0 la sortie de Castres, ou encore au carrefour de Sa\u00efx. \u00ab\u00a0Oui \u00e0 l\u2019A69, non aux voyoux\u00a0\u00bb, (sic) sign\u00e9 \u00ab\u00a0Les Pros\u00a0\u00bb, peut-on lire sur ces panneaux, ou encore la liste des \u00ab\u00a0h\u00e9bergeurs ou soutiens de voyous\u00a0\u00bb, avec les noms de personnes que ce collectif accuse de prendre une part importante dans le soutien aux opposants, et notamment ceux qui fournissent des terrains pour accueillir les diff\u00e9rents rassemblements qui ont eu lieu depuis 2023.<\/p>\n<p>        <img decoding=\"async\" class=\"std-img__img responsive-img\" src=\"https:\/\/www.europesays.com\/fr\/wp-content\/uploads\/2025\/06\/1750837930_116_image.jpg\" alt=\"De nombreux panneaux ont \u00e9t\u00e9 install\u00e9s sur les ronds-points.\"\/><\/p>\n<p>                De nombreux panneaux ont \u00e9t\u00e9 install\u00e9s sur les ronds-points.<br \/>\n                                    DDM &#8211; BrM<\/p>\n<p>Tension avant la manifestation du 5\u00a0juillet<\/p>\n<p class=\"std-elt__inline\">\n        <strong>\u00c0 lire aussi :<\/strong><br \/>\n        <a href=\"https:\/\/www.ladepeche.fr\/2025\/06\/14\/autoroute-a69-tout-savoir-sur-la-reprise-du-chantier-12757300.php\" target=\"_blank\" rel=\"noopener\">Autoroute A69\u00a0: tout savoir sur la reprise du chantier<\/a>\n    <\/p>\n<p>A 15 jours de la manifestation annonc\u00e9e par les collectifs oppos\u00e9s \u00e0 l\u2019A69, qui se tiendra le samedi 5\u00a0juillet, des militants pro-autouroute se font ainsi entendre. Ce mercredi matin, l\u2019action n\u2019avait pas \u00e9t\u00e9 revendiqu\u00e9e. Le 5\u00a0juillet, les opposants \u00e0 l\u2019A69 ont appel\u00e9 \u00e0 un grand rassemblement sur le trac\u00e9, et notamment une manifestation le samedi apr\u00e8s-midi. Un important dispositif de gendarmerie a \u00e9t\u00e9 d\u00e9ploy\u00e9 ces derni\u00e8res semaines entre Castres et Toulouse, depuis l\u2019annonce de la reprise du chantier. Le 10\u00a0juin, deux coffrages avaient \u00e9t\u00e9 d\u00e9truits par les flammes sur le chantier.<\/p>\n<p>        <img decoding=\"async\" class=\"std-img__img responsive-img\" src=\"https:\/\/www.europesays.com\/fr\/wp-content\/uploads\/2025\/06\/1750837931_303_image.jpg\" alt=\"La liste des &quot;h\u00e9bergeurs&quot; de &quot;voyous&quot;, au rond-point de M\u00e9lou.\"\/><\/p>\n<p>                La liste des \u00ab\u00a0h\u00e9bergeurs\u00a0\u00bb de \u00ab\u00a0voyous\u00a0\u00bb, au rond-point de M\u00e9lou.<br \/>\n                                    DDM &#8211; BrM<\/p>\n<p>Cette nuit, l\u2019entreprise Missegle, \u00e0 Burlats, dont la fondatrice a affich\u00e9 son opposition \u00e0 l\u2019A69, a \u00e9t\u00e9 prise pour cible\u00a0: deux panneaux publicitaires ont \u00e9t\u00e9 tagu\u00e9s du slogan \u00ab\u00a0oui \u00e0 l\u2019A69\u00a0\u00bb.\u00a0Sur les r\u00e9seaux sociaux, l\u2019action de cette nuit fait largement r\u00e9agir partisans et opposants \u00e0 l\u2019A69. Les opposants se gaussant notamment de la faute d\u2019orthographe sur certains panneaux, o\u00f9 \u00ab\u00a0voyous\u00a0\u00bb est devenu \u00ab\u00a0voyoux\u00a0\u00bb\u00a0: \u00ab\u00a0vous qui parlez de progr\u00e8s, servez-vous au moins des correcteurs pour l\u2019orthographe\u00a0\u00bb, s\u2019amuse l\u2019un d\u2019eux.<\/p>\n<p>        <img decoding=\"async\" class=\"std-img__img responsive-img\" src=\"https:\/\/www.europesays.com\/fr\/wp-content\/uploads\/2025\/06\/1750837932_769_image.jpg\" alt=\"L\u2019entreprise Missegle a \u00e9t\u00e9 prise pour cible durant cette action.\"\/><\/p>\n<p>                L\u2019entreprise Missegle a \u00e9t\u00e9 prise pour cible durant cette action.<br \/>\n                                    OB<\/p>\n","protected":false},"excerpt":{"rendered":"l&rsquo;essentiel Des partisans de l\u2019autoroute ont men\u00e9 une action dans la nuit du mardi\u00a024 au mercredi 25\u00a0juin, entre&hellip;\n","protected":false},"author":2,"featured_media":202714,"comment_status":"","ping_status":"","sticky":false,"template":"","format":"standard","meta":{"footnotes":""},"categories":[2816],"tags":[1111,11,1777,674,1011,27,12,2680,25,2312],"class_list":{"0":"post-202713","1":"post","2":"type-post","3":"status-publish","4":"format-standard","5":"has-post-thumbnail","7":"category-toulouse","8":"tag-actu","9":"tag-actualites","10":"tag-eu","11":"tag-europe","12":"tag-fr","13":"tag-france","14":"tag-news","15":"tag-occitanie","16":"tag-republique-francaise","17":"tag-toulouse"},"share_on_mastodon":{"url":"https:\/\/pubeurope.com\/@fr\/114742922153989320","error":""},"_links":{"self":[{"href":"https:\/\/www.europesays.com\/fr\/wp-json\/wp\/v2\/posts\/202713","targetHints":{"allow":["GET"]}}],"collection":[{"href":"https:\/\/www.europesays.com\/fr\/wp-json\/wp\/v2\/posts"}],"about":[{"href":"https:\/\/www.europesays.com\/fr\/wp-json\/wp\/v2\/types\/post"}],"author":[{"embeddable":true,"href":"https:\/\/www.europesays.com\/fr\/wp-json\/wp\/v2\/users\/2"}],"replies":[{"embeddable":true,"href":"https:\/\/www.europesays.com\/fr\/wp-json\/wp\/v2\/comments?post=202713"}],"version-history":[{"count":0,"href":"https:\/\/www.europesays.com\/fr\/wp-json\/wp\/v2\/posts\/202713\/revisions"}],"wp:featuredmedia":[{"embeddable":true,"href":"https:\/\/www.europesays.com\/fr\/wp-json\/wp\/v2\/media\/202714"}],"wp:attachment":[{"href":"https:\/\/www.europesays.com\/fr\/wp-json\/wp\/v2\/media?parent=202713"}],"wp:term":[{"taxonomy":"category","embeddable":true,"href":"https:\/\/www.europesays.com\/fr\/wp-json\/wp\/v2\/categories?post=202713"},{"taxonomy":"post_tag","embeddable":true,"href":"https:\/\/www.europesays.com\/fr\/wp-json\/wp\/v2\/tags?post=202713"}],"curies":[{"name":"wp","href":"https:\/\/api.w.org\/{rel}","templated":true}]}}