{"id":202715,"date":"2025-06-25T07:53:12","date_gmt":"2025-06-25T07:53:12","guid":{"rendered":"https:\/\/www.europesays.com\/fr\/202715\/"},"modified":"2025-06-25T07:53:12","modified_gmt":"2025-06-25T07:53:12","slug":"art-verite-energie-brute-nayra-sinvite-a-lurbx-festival","status":"publish","type":"post","link":"https:\/\/www.europesays.com\/fr\/202715\/","title":{"rendered":"Art, v\u00e9rit\u00e9, \u00e9nergie brute : Nayra s&rsquo;invite \u00e0 l&rsquo;URBX Festival"},"content":{"rendered":"<p data-start=\"975\" data-end=\"1072\"><strong data-start=\"975\" data-end=\"1072\">URBX 2025 : le Bar Live en mode commando artistique avec Nayra et la cr\u00e8me de la sc\u00e8ne street<\/strong><\/p>\n<p data-start=\"1074\" data-end=\"1364\">Dans le cadre du festival des cultures urbaines <strong data-start=\"1122\" data-end=\"1135\">URBX 2025<\/strong>, le <strong data-start=\"1140\" data-end=\"1152\">Bar Live<\/strong> se transforme en quartier g\u00e9n\u00e9ral des activistes culturels. Une journ\u00e9e coup de poing, sans concession, o\u00f9 l\u2019art se vit sans filtre, entre live percutants, voix f\u00e9minines puissantes et prises de parole engag\u00e9es.<\/p>\n<p data-start=\"1366\" data-end=\"1770\"><strong data-start=\"1366\" data-end=\"1421\">\u00c0 la t\u00eate de cette d\u00e9flagration artistique : Nayra.<\/strong><br data-start=\"1421\" data-end=\"1424\"\/>Rappeuse ind\u00e9, incisive, fulgurante, Nayra bouscule les codes et remet l\u2019art au c\u0153ur du d\u00e9bat. Elle ouvre la journ\u00e9e avec une <strong data-start=\"1550\" data-end=\"1594\">conf\u00e9rence choc sur l\u2019industrie musicale<\/strong> : ici, pas de langue de bois. \u00ab\u00a0L\u2019art avant le business\u00a0\u00bb, clame-t-elle. Et elle prouve ses mots par un <strong data-start=\"1697\" data-end=\"1714\">live survolt\u00e9<\/strong>, une <strong data-start=\"1720\" data-end=\"1741\">performance brute<\/strong>, et une \u00e9nergie contagieuse.<\/p>\n<p data-start=\"1772\" data-end=\"2036\">Autour d\u2019elle, un line-up en \u00e9bullition port\u00e9 par les collectifs <strong data-start=\"1837\" data-end=\"1846\">L\u2019ARA<\/strong>, <strong data-start=\"1848\" data-end=\"1866\">Z\u00e9ro Vice City<\/strong>, <strong data-start=\"1868\" data-end=\"1894\">L\u2019Art Qui Part En Live<\/strong>, <strong data-start=\"1896\" data-end=\"1907\">MagHypr<\/strong> et bien d\u2019autres. Ensemble, ils investissent le Bar Live pour une <strong data-start=\"1974\" data-end=\"2020\">f\u00eate urbaine libre, inclusive et d\u00e9tonante<\/strong>. Au programme :<\/p>\n<ul data-start=\"2038\" data-end=\"2396\">\n<li data-start=\"2038\" data-end=\"2088\">\n<p data-start=\"2040\" data-end=\"2088\"><strong data-start=\"2040\" data-end=\"2065\">Concerts et showcases<\/strong> de talents \u00e9mergents<\/p>\n<\/li>\n<li data-start=\"2089\" data-end=\"2144\">\n<p data-start=\"2091\" data-end=\"2144\"><strong data-start=\"2091\" data-end=\"2120\">Voix f\u00e9minines puissantes<\/strong>, pr\u00eates \u00e0 en d\u00e9coudre<\/p>\n<\/li>\n<li data-start=\"2145\" data-end=\"2201\">\n<p data-start=\"2147\" data-end=\"2201\"><strong data-start=\"2147\" data-end=\"2168\">Stand-up d\u00e9capant<\/strong>, qui cloue le public sur place<\/p>\n<\/li>\n<li data-start=\"2202\" data-end=\"2257\">\n<p data-start=\"2204\" data-end=\"2257\"><strong data-start=\"2204\" data-end=\"2221\">Stands pop-up<\/strong> aux couleurs de la culture street<\/p>\n<\/li>\n<li data-start=\"2258\" data-end=\"2331\">\n<p data-start=\"2260\" data-end=\"2331\"><strong data-start=\"2260\" data-end=\"2277\">Sc\u00e8ne ouverte<\/strong> pour tous les artistes qui veulent prendre le micro<\/p>\n<\/li>\n<li data-start=\"2332\" data-end=\"2396\">\n<p data-start=\"2334\" data-end=\"2396\">Une ambiance r\u00e9solument urbaine, entre graff, beats et vibes<\/p>\n<\/li>\n<\/ul>\n<p data-start=\"2398\" data-end=\"2605\">Ce jour-l\u00e0, <strong data-start=\"2410\" data-end=\"2434\">la rue devient sc\u00e8ne<\/strong>, les murs explosent, et le Bar Live se mue en bastion artistique o\u00f9 tout peut arriver. Pas de barri\u00e8res, pas de filtre : <strong data-start=\"2556\" data-end=\"2604\">juste l\u2019\u00e9nergie brute de la cr\u00e9ation en live<\/strong>.<\/p>\n<p data-start=\"2607\" data-end=\"2795\">\ud83d\udcc5 <strong data-start=\"2610\" data-end=\"2649\">Rendez-vous pendant l\u2019URBX Festival<\/strong>, du <strong data-start=\"2654\" data-end=\"2676\">19 au 29 juin 2025<\/strong> \u00e0 Roubaix. Pour d\u00e9couvrir toute la programmation, c\u2019est par ici : <a class=\"\" href=\"https:\/\/www.urbxfestival.com\" target=\"_new\" rel=\"noopener nofollow\" data-start=\"2743\" data-end=\"2795\">www.urbxfestival.com<\/a><\/p>\n<p class=\"title\">\ud83d\udc49 Plus d\u2019infos sur URBX 2025<\/p>\n<p data-start=\"179\" data-end=\"537\">Pour sa 4e \u00e9dition, <strong data-start=\"199\" data-end=\"216\">URBX Festival<\/strong> investit \u00e0 nouveau Roubaix et la m\u00e9tropole du 19 au 29 juin 2025, avec une programmation toujours plus ambitieuse. Pens\u00e9 comme un grand rendez-vous populaire et cr\u00e9atif, URBX met \u00e0 l\u2019honneur <strong data-start=\"408\" data-end=\"457\">cinq disciplines phares des cultures urbaines<\/strong> : la <strong data-start=\"463\" data-end=\"474\">musique<\/strong>, la <strong data-start=\"479\" data-end=\"488\">danse<\/strong>, la <strong data-start=\"493\" data-end=\"501\">mode<\/strong>, le <strong data-start=\"506\" data-end=\"520\">street art<\/strong> et le <strong data-start=\"527\" data-end=\"536\">sport<\/strong>.<\/p>\n<p data-start=\"804\" data-end=\"948\">Le <strong data-start=\"807\" data-end=\"818\">19 juin<\/strong>, la soir\u00e9e d\u2019ouverture s\u2019annonce intense avec une <strong data-start=\"869\" data-end=\"899\">Carte blanche \u00e0 Heaven Sam<\/strong>, parrain 2025, toujours \u00e0 La Condition Publique.<\/p>\n<p data-start=\"950\" data-end=\"1293\">Au programme pendant dix jours :<br data-start=\"982\" data-end=\"985\"\/>\ud83c\udfb6 Concerts (Soso Maness, Naza, Heaven Sam, Alonzo, Nayra, Ocean Wisdom\u2026)<br data-start=\"1058\" data-end=\"1061\"\/>\ud83d\udd7a Spectacles et workshops de danse (Zarbaht, Dans la Rue la Danse, Pantsula\u2026)<br data-start=\"1139\" data-end=\"1142\"\/>\ud83c\udfa8 Street-art sur les murs et les toits de Roubaix<br data-start=\"1192\" data-end=\"1195\"\/>\ud83d\udc55 D\u00e9fil\u00e9 ESMOD, ateliers Anti_Fashion<br data-start=\"1233\" data-end=\"1236\"\/>\ud83c\udfae E-sport, cin\u00e9ma, expos, afters festifs et Block Party\u2026<\/p>\n<p data-start=\"1295\" data-end=\"1449\">\ud83d\udcc5 <strong data-start=\"1298\" data-end=\"1350\">\u00c0 ne pas manquer : le concert gratuit du 21 juin<\/strong>, jour de la F\u00eate de la musique, avec Soso Maness, Naza et Heaven Sam pour une ambiance survolt\u00e9e !<\/p>\n<p>Suivez les sur Instagram : <a href=\"https:\/\/www.instagram.com\/urbx_festival\" target=\"_blank\" rel=\"noopener nofollow\">@urbx_festival<\/a><\/p>\n<p>Abonnez-vous \u00e0 la Newsletter : <a href=\"https:\/\/www.urbxfestival.com\/\" target=\"_blank\" rel=\"noopener nofollow\">urbxfestival.com<\/a><\/p>\n<p><script async src=\"\/\/www.instagram.com\/embed.js\"><\/script><\/p>\n","protected":false},"excerpt":{"rendered":"URBX 2025 : le Bar Live en mode commando artistique avec Nayra et la cr\u00e8me de la sc\u00e8ne&hellip;\n","protected":false},"author":2,"featured_media":202716,"comment_status":"","ping_status":"","sticky":false,"template":"","format":"standard","meta":{"footnotes":""},"categories":[2815],"tags":[1111,11,34212,1697,1777,674,1011,27,811,1307,34213,12,25,22085],"class_list":{"0":"post-202715","1":"post","2":"type-post","3":"status-publish","4":"format-standard","5":"has-post-thumbnail","7":"category-lille","8":"tag-actu","9":"tag-actualites","10":"tag-bar-live","11":"tag-concert","12":"tag-eu","13":"tag-europe","14":"tag-fr","15":"tag-france","16":"tag-hauts-de-france","17":"tag-lille","18":"tag-nayra","19":"tag-news","20":"tag-republique-francaise","21":"tag-urbx"},"share_on_mastodon":{"url":"https:\/\/pubeurope.com\/@fr\/114742926071368531","error":""},"_links":{"self":[{"href":"https:\/\/www.europesays.com\/fr\/wp-json\/wp\/v2\/posts\/202715","targetHints":{"allow":["GET"]}}],"collection":[{"href":"https:\/\/www.europesays.com\/fr\/wp-json\/wp\/v2\/posts"}],"about":[{"href":"https:\/\/www.europesays.com\/fr\/wp-json\/wp\/v2\/types\/post"}],"author":[{"embeddable":true,"href":"https:\/\/www.europesays.com\/fr\/wp-json\/wp\/v2\/users\/2"}],"replies":[{"embeddable":true,"href":"https:\/\/www.europesays.com\/fr\/wp-json\/wp\/v2\/comments?post=202715"}],"version-history":[{"count":0,"href":"https:\/\/www.europesays.com\/fr\/wp-json\/wp\/v2\/posts\/202715\/revisions"}],"wp:featuredmedia":[{"embeddable":true,"href":"https:\/\/www.europesays.com\/fr\/wp-json\/wp\/v2\/media\/202716"}],"wp:attachment":[{"href":"https:\/\/www.europesays.com\/fr\/wp-json\/wp\/v2\/media?parent=202715"}],"wp:term":[{"taxonomy":"category","embeddable":true,"href":"https:\/\/www.europesays.com\/fr\/wp-json\/wp\/v2\/categories?post=202715"},{"taxonomy":"post_tag","embeddable":true,"href":"https:\/\/www.europesays.com\/fr\/wp-json\/wp\/v2\/tags?post=202715"}],"curies":[{"name":"wp","href":"https:\/\/api.w.org\/{rel}","templated":true}]}}