{"id":202717,"date":"2025-06-25T07:54:15","date_gmt":"2025-06-25T07:54:15","guid":{"rendered":"https:\/\/www.europesays.com\/fr\/202717\/"},"modified":"2025-06-25T07:54:15","modified_gmt":"2025-06-25T07:54:15","slug":"lille-ces-chercheurs-du-digital-creent-des-applications-sur-mesure-pour-les-entreprises","status":"publish","type":"post","link":"https:\/\/www.europesays.com\/fr\/202717\/","title":{"rendered":"Lille. Ces \u00ab chercheurs du digital \u00bb cr\u00e9ent des applications sur-mesure pour les entreprises"},"content":{"rendered":"<p>            Par<br \/>\n        <strong><br \/>\n            <a href=\"https:\/\/actu.fr\/auteur\/amandine-vachez\" title=\"Consulter tous les articles de Amandine Vachez\" rel=\"nofollow noopener\" target=\"_blank\">Amandine Vachez<\/a><br \/>\n        <\/strong><\/p>\n<p>        Publi\u00e9 le<\/p>\n<p>            25 juin 2025 \u00e0 9h40        <\/p>\n<p>La<b> start-up Id\u00e9ine <\/b>propose des <b>solutions digitales sur-mesure<\/b> aux<b> entreprises<\/b>. Bas\u00e9e \u00e0 <b>La Plaine Images \u00e0 Tourcoing<\/b> (Nord), la structure est suivie depuis 2024 par le <a href=\"https:\/\/www.reseau-entreprendre.org\/nord\/promotion-2024\/\" rel=\"nofollow noopener\" target=\"_blank\">R\u00e9seau Entreprendre<\/a>. Toni Da Cruz, cofondateur d\u2019Id\u00e9ine, nous raconte l\u2019histoire de cette soci\u00e9t\u00e9 qui a grandi et continue de grandir, avec le temps et aux c\u00f4t\u00e9s de ses clients.<\/p>\n<p>Un duo de passionn\u00e9s compl\u00e9mentaire<\/p>\n<p class=\" wall-content\">L\u2019id\u00e9e d\u2019Id\u00e9ine est venue de<b> Toni Da Cruz et Paul Leman<\/b>, son associ\u00e9. Ensemble, ils ont commenc\u00e9, pour s\u2019amuser, \u00e0 cr\u00e9er des outils digitaux, pour les statistiques \u00e0 la belote, ou des pronostics pour l\u2019Euro 2016. Le duo passionn\u00e9 de digital voit vite qu\u2019il est compl\u00e9mentaire. Il y a 12\u00a0ans, ils cr\u00e9ent donc leur soci\u00e9t\u00e9, et dirigent en 2025 une \u00e9quipe d\u2019une vingtaine de personnes.<\/p>\n<p>Inverser l\u2019exp\u00e9rience utilisateur<\/p>\n<p class=\" wall-content\">Pour prendre la marche du digital, bien souvent <b>les entreprises adaptent leur fonctionnement aux outils qui existent. <\/b>Chez Id\u00e9ine, la d\u00e9marche est invers\u00e9e. \u00ab\u2009Parfois, bien souvent m\u00eame, les solutions qui existent ne r\u00e9pondent pas aux besoins exacts des entreprises. Alors certaines changent leur organisation. Nous avons propos\u00e9 une solution qui n\u2019existe pas pour faciliter cette transition\u2009\u00bb, r\u00e9sume Toni.<\/p>\n<p class=\" wall-content\">\u00ab\u2009Pour nous, l\u2019important est que ce soit le plus utile possible, le plus fluide pour les personnes sur le terrain.\u2009\u00bb<\/p>\n<p>Une \u00e9quipe \u00ab\u2009tr\u00e8s geek\u2009\u00bb, qui part d\u2019une page blanche<\/p>\n<p class=\" wall-content\">Apr\u00e8s 12\u00a0ans d\u2019activit\u00e9, l\u2019entreprise bas\u00e9e \u00e0 La Plaine Images a travaill\u00e9 sur <b>plus de 100 projets<\/b>. Elle suit aussi des clients au long cours.<b> <\/b>\u00ab\u2009Nous avons beaucoup de profils tech, il y a le marketing, le design\u2026 C\u2019est une \u00e9quipe jeune, environ 28-29\u00a0ans, tr\u00e8s geek et gaming\u2009\u00bb, pr\u00e9sente Toni.<\/p>\n<p class=\" wall-content\">Si les membres d\u2019Id\u00e9ine savent faire, c\u00f4t\u00e9 technique, ils n\u2019ont <b>pas de site ou logiciel vendu cl\u00e9 en main.<\/b> Ils<b> construisent des solutions adapt\u00e9es \u00e0 chaque client<\/b>, affirme le repr\u00e9sentant de l\u2019entreprise. \u00ab\u2009On part du principe qu\u2019on ne sait rien. L\u2019id\u00e9e est de faire parler le client, qu\u2019il nous explique son quotidien, ce qu\u2019il souhaite mettre en place et ses contraintes. On a vraiment d\u00e9velopp\u00e9 une m\u00e9thode en interne en ce sens.\u2009\u00bb<\/p>\n<p class=\" wall-content\">C\u2019est par exemple proposer une solution pour qu\u2019un hard discounter puisse suivre ses stocks en France. \u00ab\u2009Quand on est arriv\u00e9 sur place, pour ce client, on a rencontr\u00e9 une technicienne. Elle nous a dit d\u2019embl\u00e9e qu\u2019elle n\u2019avait pas grand-chose \u00e0 raconter. Et finalement, \u00e7a a d\u00e9bouch\u00e9 sur un entretien de 2\u2009h\u200930. C\u2019est dingue, tout ce qu\u2019on peut apprendre des m\u00e9tiers op\u00e9rationnels\u2009!\u2009\u00bb Sur cette base, l\u2019\u00e9quipe d\u2019Id\u00e9ine a cherch\u00e9 et trouv\u00e9 une solution adapt\u00e9e.<\/p>\n<blockquote class=\"ac-article-quote wall-content\">\n<p>\u00ab\u2009On n\u2019a pas de logiciel tout fait. On part de rien, d\u2019une page blanche.\u2009\u00bb<\/p>\n<p>Toni Da Cruz, cofondateur d\u2019Id\u00e9ine.<\/p><\/blockquote>\n<p>Savoir rester humble<\/p>\n<p class=\" wall-content\">Id\u00e9ine travaille beaucoup avec de grandes entreprises. \u00ab\u2009Ce sont <b>des projets longs, sur-mesure, et donc co\u00fbteux. <\/b>On travaille peu avec des PME. Mais nous avons un vrai lien avec le terrain.\u2009\u00bb L\u2019\u00e9quipe a imagin\u00e9 un \u00e9diteur de parcours pour Saint-Maclou, afin de faire en quelques clics un devis sur-mesure. Il a aussi travaill\u00e9 pour le Furet du Nord, aid\u00e9 \u00e0 l\u2019\u00e9laboration de l\u2019application de <a href=\"https:\/\/actu.fr\/hauts-de-france\/lille_59350\/lille-plus-ethique-et-abordable-voici-comment-ce-service-de-menage-a-domicile-concurrence-wecasa_62493927.html\" rel=\"nofollow noopener\" target=\"_blank\">Club Tidy<\/a>, mis en place un processus de pointage pour une entreprise du b\u00e2timent, ou une application pour la maintenance d\u2019extincteurs.<\/p>\n<p class=\" wall-content\">Elle a aussi entrepris un gros projet en lien avec l\u2019EPSM de Lille m\u00e9tropole pour cr\u00e9er une application pour les patients. \u00ab\u2009Beaucoup d\u2019entre eux passent l\u2019essentiel de leur temps seul. Il y a la probl\u00e9matique de d\u00e9tection de crise, dans la vie quotidienne.\u2009\u00bb Toni \u00e9voque leur premi\u00e8re proposition faite par son \u00e9quipe, qui n\u2019a pas \u00e9t\u00e9 accueillie comme esp\u00e9r\u00e9. \u00ab\u2009On s\u2019est vautr\u00e9s en avant-vente, parce qu\u2019on n\u2019avait pas une proposition adapt\u00e9e aux usagers. On a \u00e9chang\u00e9, et on s\u2019est rendu compte que ce qu\u2019on proposait en termes de design \u00e9tait anxiog\u00e8ne. On a pu, avec les impressions, imaginer une exp\u00e9rience compl\u00e8tement adapt\u00e9e.\u2009\u00bb<\/p>\n<blockquote class=\"ac-article-quote wall-content\">\n<p>\u00ab\u2009Il faut savoir rester humble dans le digital. Surtout, \u00eatre capable d\u2019\u00e9couter.\u2009\u00bb<\/p>\n<p>Toni Da Cruz, cofondateur d\u2019Id\u00e9ine.<\/p><\/blockquote>\n<p>Et l\u2019IA dans tout \u00e7a\u2009?<\/p>\n<p class=\" wall-content\">L\u2019<a href=\"https:\/\/actu.fr\/tag\/intelligence-artificielle\" rel=\"nofollow noopener\" target=\"_blank\">intelligence artificielle<\/a>, forc\u00e9ment, \u00ab\u2009rebat un peu les cartes\u2009\u00bb, exprime Toni. Optimisation des plannings, analyse de documents\u2026 Elle est \u00e9tudi\u00e9e de pr\u00e8s par les \u00e9quipes, qui y voient <b>de<\/b> <b>nouvelles possibilit\u00e9s, au service des d\u00e9veloppeurs<\/b>. Bref, le digital, oui. Mais pens\u00e9, r\u00e9fl\u00e9chi, pour \u00eatre au service de l\u2019humain. L\u2019humain qui reste au c\u0153ur de ce projet qui fait, une nouvelle fois, rayonner les Nordistes\u2009!<\/p>\n<p class=\" wall-content\">Suivez toute l\u2019actualit\u00e9 de vos villes et m\u00e9dias favoris en vous inscrivant \u00e0 <a href=\"https:\/\/moncompte.actu.fr\" title=\"D\u00e9couvez Mon Actu\" rel=\"nofollow noopener\" data-trk=\"{&quot;cta&quot;:{&quot;action&quot;:&quot;https:\\\/\\\/moncompte.actu.fr&quot;,&quot;category&quot;:&quot;mon compte&quot;,&quot;from&quot;:&quot;article footer&quot;,&quot;name&quot;:&quot;Mon actu&quot;,&quot;type&quot;:&quot;cta&quot;}}\" target=\"_blank\">Mon Actu<\/a>.<\/p>\n","protected":false},"excerpt":{"rendered":"Par Amandine Vachez Publi\u00e9 le 25 juin 2025 \u00e0 9h40 La start-up Id\u00e9ine propose des solutions digitales sur-mesure&hellip;\n","protected":false},"author":2,"featured_media":202718,"comment_status":"","ping_status":"","sticky":false,"template":"","format":"standard","meta":{"footnotes":""},"categories":[2815],"tags":[1111,11,33,1777,674,1011,27,811,142,1307,12,25,675],"class_list":{"0":"post-202717","1":"post","2":"type-post","3":"status-publish","4":"format-standard","5":"has-post-thumbnail","7":"category-lille","8":"tag-actu","9":"tag-actualites","10":"tag-economie","11":"tag-eu","12":"tag-europe","13":"tag-fr","14":"tag-france","15":"tag-hauts-de-france","16":"tag-high-tech","17":"tag-lille","18":"tag-news","19":"tag-republique-francaise","20":"tag-start-up"},"share_on_mastodon":{"url":"https:\/\/pubeurope.com\/@fr\/114742930005436365","error":""},"_links":{"self":[{"href":"https:\/\/www.europesays.com\/fr\/wp-json\/wp\/v2\/posts\/202717","targetHints":{"allow":["GET"]}}],"collection":[{"href":"https:\/\/www.europesays.com\/fr\/wp-json\/wp\/v2\/posts"}],"about":[{"href":"https:\/\/www.europesays.com\/fr\/wp-json\/wp\/v2\/types\/post"}],"author":[{"embeddable":true,"href":"https:\/\/www.europesays.com\/fr\/wp-json\/wp\/v2\/users\/2"}],"replies":[{"embeddable":true,"href":"https:\/\/www.europesays.com\/fr\/wp-json\/wp\/v2\/comments?post=202717"}],"version-history":[{"count":0,"href":"https:\/\/www.europesays.com\/fr\/wp-json\/wp\/v2\/posts\/202717\/revisions"}],"wp:featuredmedia":[{"embeddable":true,"href":"https:\/\/www.europesays.com\/fr\/wp-json\/wp\/v2\/media\/202718"}],"wp:attachment":[{"href":"https:\/\/www.europesays.com\/fr\/wp-json\/wp\/v2\/media?parent=202717"}],"wp:term":[{"taxonomy":"category","embeddable":true,"href":"https:\/\/www.europesays.com\/fr\/wp-json\/wp\/v2\/categories?post=202717"},{"taxonomy":"post_tag","embeddable":true,"href":"https:\/\/www.europesays.com\/fr\/wp-json\/wp\/v2\/tags?post=202717"}],"curies":[{"name":"wp","href":"https:\/\/api.w.org\/{rel}","templated":true}]}}