{"id":202730,"date":"2025-06-25T08:01:09","date_gmt":"2025-06-25T08:01:09","guid":{"rendered":"https:\/\/www.europesays.com\/fr\/202730\/"},"modified":"2025-06-25T08:01:09","modified_gmt":"2025-06-25T08:01:09","slug":"air-france-relance-ses-vols-depuis-paris-vers-le-golfe-et-le-liban-mais-pas-tel-aviv","status":"publish","type":"post","link":"https:\/\/www.europesays.com\/fr\/202730\/","title":{"rendered":"Air France relance ses vols depuis Paris vers le Golfe et le Liban, mais pas Tel-Aviv"},"content":{"rendered":"<p>            Par<br \/>\n        <strong><br \/>\n            <a href=\"https:\/\/actu.fr\/auteur\/redaction-paris\" title=\"Consulter tous les articles de R\u00e9daction Paris\" target=\"_blank\" rel=\"noopener\">R\u00e9daction Paris<\/a><br \/>\n        <\/strong><\/p>\n<p>        Publi\u00e9 le<\/p>\n<p>            25 juin 2025 \u00e0 8h02        <\/p>\n<p>Une reprise progressive. <a href=\"https:\/\/actu.fr\/tag\/air-france\" target=\"_blank\" rel=\"noopener\">Air France<\/a> reprend ce mercredi 25 juin 2025 ses liaisons <strong>vers l\u2019Arabie saoudite et les \u00c9mirats arabes unis<\/strong>, puis jeudi 26\u00a0juin celles \u00e0 destination du Liban depuis <a href=\"https:\/\/actu.fr\/tag\/aeroport-roissy-charles-de-gaulle\" target=\"_blank\" rel=\"noopener\">l\u2019a\u00e9roport de Roissy-Charles-de-Gaulle<\/a>, a annonc\u00e9 la compagnie a\u00e9rienne fran\u00e7aise. En revanche, <strong>les vols vers Isra\u00ebl restent suspendus<\/strong> quelques semaines.<\/p>\n<p>Une reprise progressive<\/p>\n<p class=\" wall-content\">\u00ab\u2009\u00c0 ce stade, la compagnie pr\u00e9voit de reprendre ses vols entre Paris-Charles de Gaulle et Duba\u00ef (\u00c9mirats arabes unis) ainsi que Riyad (Arabie saoudite) <strong>\u00e0 compter du mercredi 25\u00a0juin 2025<\/strong>\u2009\u00bb, a pr\u00e9cis\u00e9 une porte-parole d\u2019Air France.<\/p>\n<p class=\" wall-content\">Ces liaisons avaient \u00e9t\u00e9 interrompues dimanche, <strong>en raison de l\u2019escalade militaire au Moyen-Orient<\/strong>, marqu\u00e9e notamment par des frappes am\u00e9ricaines sur des sites nucl\u00e9aires iraniens, dans le sillage d\u2019un conflit opposant l\u2019Iran \u00e0 Isra\u00ebl depuis une semaine.<\/p>\n<p class=\" wall-content\">Un cessez-le-feu, annonc\u00e9 mardi par le pr\u00e9sident am\u00e9ricain Donald Trump, <strong>est officiellement entr\u00e9 en vigueur<\/strong>. Les parties concern\u00e9es se rejettent toutefois mutuellement la responsabilit\u00e9 de violations de cette tr\u00eave.<\/p>\n<p>Vid\u00e9os : en ce moment sur ActuLes liaisons vers Tel-Aviv suspendues encore quelques semaines<\/p>\n<p class=\" wall-content\">Par ailleurs, Air France a \u00e9galement d\u00e9cid\u00e9 de reprendre ses vols entre Paris-Charles de Gaulle et Beyrouth (Liban) <strong>\u00e0 partir du jeudi 26\u00a0juin<\/strong>. Cette ligne avait \u00e9t\u00e9 suspendue depuis le 16\u00a0juin.<\/p>\n<p class=\" wall-content\">Les liaisons entre Paris et Tel-Aviv restent, quant \u00e0 elles, suspendues<strong> \u00ab\u2009au moins jusqu\u2019au 14\u00a0juillet inclus\u2009\u00bb<\/strong>, a rappel\u00e9 la compagnie, qui avait cess\u00e9 d\u2019exploiter cette ligne d\u00e8s le d\u00e9but de l\u2019offensive isra\u00e9lienne sur l\u2019Iran, le 13\u00a0juin.<\/p>\n<p class=\" wall-content\">Avec AFP<\/p>\n<p class=\" wall-content\">Suivez toute l\u2019actualit\u00e9 de vos villes et m\u00e9dias favoris en vous inscrivant \u00e0 <a href=\"https:\/\/moncompte.actu.fr\" title=\"D\u00e9couvez Mon Actu\" rel=\"nofollow noopener\" data-trk=\"{&quot;cta&quot;:{&quot;action&quot;:&quot;https:\\\/\\\/moncompte.actu.fr&quot;,&quot;category&quot;:&quot;mon compte&quot;,&quot;from&quot;:&quot;article footer&quot;,&quot;name&quot;:&quot;Mon actu&quot;,&quot;type&quot;:&quot;cta&quot;}}\" target=\"_blank\">Mon Actu<\/a>.<\/p>\n","protected":false},"excerpt":{"rendered":"Par R\u00e9daction Paris Publi\u00e9 le 25 juin 2025 \u00e0 8h02 Une reprise progressive. Air France reprend ce mercredi&hellip;\n","protected":false},"author":2,"featured_media":202731,"comment_status":"","ping_status":"","sticky":false,"template":"","format":"standard","meta":{"footnotes":""},"categories":[1888],"tags":[1111,1928,11,1927,10045,1816,31122,1777,674,1011,27,12,1926,626,1925,25,104],"class_list":{"0":"post-202730","1":"post","2":"type-post","3":"status-publish","4":"format-standard","5":"has-post-thumbnail","7":"category-paris","8":"tag-actu","9":"tag-actu-paris","10":"tag-actualites","11":"tag-actualites-paris","12":"tag-aeroport-roissy-charles-de-gaulle","13":"tag-air-france","14":"tag-conflit-israel-iran","15":"tag-eu","16":"tag-europe","17":"tag-fr","18":"tag-france","19":"tag-news","20":"tag-news-paris","21":"tag-paris","22":"tag-paris-news","23":"tag-republique-francaise","24":"tag-societe"},"share_on_mastodon":{"url":"https:\/\/pubeurope.com\/@fr\/114742957533907937","error":""},"_links":{"self":[{"href":"https:\/\/www.europesays.com\/fr\/wp-json\/wp\/v2\/posts\/202730","targetHints":{"allow":["GET"]}}],"collection":[{"href":"https:\/\/www.europesays.com\/fr\/wp-json\/wp\/v2\/posts"}],"about":[{"href":"https:\/\/www.europesays.com\/fr\/wp-json\/wp\/v2\/types\/post"}],"author":[{"embeddable":true,"href":"https:\/\/www.europesays.com\/fr\/wp-json\/wp\/v2\/users\/2"}],"replies":[{"embeddable":true,"href":"https:\/\/www.europesays.com\/fr\/wp-json\/wp\/v2\/comments?post=202730"}],"version-history":[{"count":0,"href":"https:\/\/www.europesays.com\/fr\/wp-json\/wp\/v2\/posts\/202730\/revisions"}],"wp:featuredmedia":[{"embeddable":true,"href":"https:\/\/www.europesays.com\/fr\/wp-json\/wp\/v2\/media\/202731"}],"wp:attachment":[{"href":"https:\/\/www.europesays.com\/fr\/wp-json\/wp\/v2\/media?parent=202730"}],"wp:term":[{"taxonomy":"category","embeddable":true,"href":"https:\/\/www.europesays.com\/fr\/wp-json\/wp\/v2\/categories?post=202730"},{"taxonomy":"post_tag","embeddable":true,"href":"https:\/\/www.europesays.com\/fr\/wp-json\/wp\/v2\/tags?post=202730"}],"curies":[{"name":"wp","href":"https:\/\/api.w.org\/{rel}","templated":true}]}}