{"id":202732,"date":"2025-06-25T08:03:38","date_gmt":"2025-06-25T08:03:38","guid":{"rendered":"https:\/\/www.europesays.com\/fr\/202732\/"},"modified":"2025-06-25T08:03:38","modified_gmt":"2025-06-25T08:03:38","slug":"jacques-soloviere-ouvre-une-seconde-boutique-a-paris","status":"publish","type":"post","link":"https:\/\/www.europesays.com\/fr\/202732\/","title":{"rendered":"Jacques Solovi\u00e8re ouvre une seconde boutique \u00e0 Paris"},"content":{"rendered":"<p class=\"article-content col-md-8 offset-md-1\">\n                                C\u2019est \u00e0 deux pas du mus\u00e9e du Louvre, au 3 rue Moli\u00e8re, que Jacques Solovi\u00e8re inaugure sa seconde adresse parisienne. Trois ans apr\u00e8s l\u2019ouverture de sa premi\u00e8re boutique rue du Cherche-Midi, la maison fran\u00e7aise de souliers poursuit son d\u00e9veloppement avec un nouveau lieu fid\u00e8le \u00e0 son esth\u00e9tique : lumineux, \u00e9pur\u00e9 et r\u00e9solument minimaliste.<\/p>\n<p><img decoding=\"async\" class=\"news-image\" style=\"width:100%;\" src=\"https:\/\/www.europesays.com\/fr\/wp-content\/uploads\/2025\/06\/cf58.gif\" alt=\"Fa\u00e7ade de la nouvelle boutique parisienne Jacques Solovi\u00e8re\" loading=\"lazy\"\/>Fa\u00e7ade de la nouvelle boutique parisienne Jacques Solovi\u00e8re &#8211; DR<\/p>\n<p class=\"col-md-8 offset-md-1 article-content--texte\">Ce nouvel espace de 70 m\u00e8tres carr\u00e9s, tout en courbes et baign\u00e9 de lumi\u00e8re, fait face \u00e0 la toute nouvelle boutique Merci. Son ouverture, strat\u00e9gique, co\u00efncide avec le lancement de la Fashion Week Homme de Paris (du 24 au 29 juin 2025), offrant \u00e0 la marque une vitrine id\u00e9ale pour accueillir acheteurs, influenceurs et clients venus du monde entier.<\/p>\n<p>Lanc\u00e9e en 2014 par Alexia Aubert, Jacques Solovi\u00e8re incarne une vision intemporelle et cr\u00e9ative de la chaussure masculine. Si la marque s\u2019adresse principalement aux hommes, ses mod\u00e8les sont unisexes. Fabriqu\u00e9s aujourd\u2019hui au Portugal, ses souliers conjuguent \u00e9l\u00e9gance discr\u00e8te, confort et artisanat.<\/p>\n<p class=\"col-md-8 offset-md-1 article-content--texte\">\u00ab\u00a0Le march\u00e9 am\u00e9ricain reste notre premier march\u00e9. Nous comptons d\u2019ailleurs participer en janvier prochain au salon Chicago Collective\u00a0\u00bb, explique Alexia Aubert.<\/p>\n<p><img decoding=\"async\" class=\"news-image\" style=\"width:100%;\" src=\"https:\/\/www.europesays.com\/fr\/wp-content\/uploads\/2025\/06\/e4e9.gif\" alt=\"A l'int\u00e9rieur de la boutique Jacques Solovi\u00e8re\" loading=\"lazy\"\/>A l&rsquo;int\u00e9rieur de la boutique Jacques Solovi\u00e8re &#8211; DR<\/p>\n<p class=\"col-md-8 offset-md-1 article-content--texte\">La premi\u00e8re boutique, ouverte rue du Cherche-Midi, offre une atmosph\u00e8re plus intimiste avec ses 35 m\u00e8tres carr\u00e9s et une mise en valeur du bois clair. Ce nouveau point de vente, plus spacieux et pens\u00e9 comme un \u00e9crin architectural, vient ainsi compl\u00e9ter l\u2019exp\u00e9rience Jacques Solovi\u00e8re \u00e0 Paris.<\/p>\n<p>Form\u00e9e \u00e0 l\u2019\u00c9cole Estienne puis au lyc\u00e9e d\u2019Alembert, Alexia Aubert a aff\u00fbt\u00e9 son savoir-faire aupr\u00e8s de maisons prestigieuses telles que Christian Louboutin, Pierre Hardy ou encore Oscar de la Renta, avant de lancer sa propre marque. Rapidement rep\u00e9r\u00e9e par le concept store Colette, Jacques Solovi\u00e8re conna\u00eet aussi un succ\u00e8s imm\u00e9diat au Japon.<\/p>\n<p>Aujourd\u2019hui ind\u00e9pendante, la maison, qui porte le nom de la grand-m\u00e8re d\u2019Alexia Aubert, emploie une dizaine de personnes. Des projets d\u2019ouvertures \u00e0 Londres ou \u00e0 New York pourraient par ailleurs \u00e9clore dans les prochaines ann\u00e9es.\u00a0<br \/>\u00a0\n                            <\/p>\n<p>\n                                Tous droits de reproduction et de repr\u00e9sentation r\u00e9serv\u00e9s.<br \/>\u00a9 2025 FashionNetwork.com\n                            <\/p>\n","protected":false},"excerpt":{"rendered":"C\u2019est \u00e0 deux pas du mus\u00e9e du Louvre, au 3 rue Moli\u00e8re, que Jacques Solovi\u00e8re inaugure sa seconde&hellip;\n","protected":false},"author":2,"featured_media":202733,"comment_status":"","ping_status":"","sticky":false,"template":"","format":"standard","meta":{"footnotes":""},"categories":[1888],"tags":[1111,1928,11,1927,2424,537,2423,1777,674,1011,27,2425,985,12,1926,2298,626,1925,2426,2427,25,2421,2422],"class_list":{"0":"post-202732","1":"post","2":"type-post","3":"status-publish","4":"format-standard","5":"has-post-thumbnail","7":"category-paris","8":"tag-actu","9":"tag-actu-paris","10":"tag-actualites","11":"tag-actualites-paris","12":"tag-beaute","13":"tag-contact","14":"tag-cosmetiques","15":"tag-eu","16":"tag-europe","17":"tag-fr","18":"tag-france","19":"tag-luxe","20":"tag-mode","21":"tag-news","22":"tag-news-paris","23":"tag-parfum","24":"tag-paris","25":"tag-paris-news","26":"tag-professionnel","27":"tag-professionnels","28":"tag-republique-francaise","29":"tag-reseau","30":"tag-textile"},"share_on_mastodon":{"url":"https:\/\/pubeurope.com\/@fr\/114742965358868117","error":""},"_links":{"self":[{"href":"https:\/\/www.europesays.com\/fr\/wp-json\/wp\/v2\/posts\/202732","targetHints":{"allow":["GET"]}}],"collection":[{"href":"https:\/\/www.europesays.com\/fr\/wp-json\/wp\/v2\/posts"}],"about":[{"href":"https:\/\/www.europesays.com\/fr\/wp-json\/wp\/v2\/types\/post"}],"author":[{"embeddable":true,"href":"https:\/\/www.europesays.com\/fr\/wp-json\/wp\/v2\/users\/2"}],"replies":[{"embeddable":true,"href":"https:\/\/www.europesays.com\/fr\/wp-json\/wp\/v2\/comments?post=202732"}],"version-history":[{"count":0,"href":"https:\/\/www.europesays.com\/fr\/wp-json\/wp\/v2\/posts\/202732\/revisions"}],"wp:featuredmedia":[{"embeddable":true,"href":"https:\/\/www.europesays.com\/fr\/wp-json\/wp\/v2\/media\/202733"}],"wp:attachment":[{"href":"https:\/\/www.europesays.com\/fr\/wp-json\/wp\/v2\/media?parent=202732"}],"wp:term":[{"taxonomy":"category","embeddable":true,"href":"https:\/\/www.europesays.com\/fr\/wp-json\/wp\/v2\/categories?post=202732"},{"taxonomy":"post_tag","embeddable":true,"href":"https:\/\/www.europesays.com\/fr\/wp-json\/wp\/v2\/tags?post=202732"}],"curies":[{"name":"wp","href":"https:\/\/api.w.org\/{rel}","templated":true}]}}