{"id":202738,"date":"2025-06-25T08:06:11","date_gmt":"2025-06-25T08:06:11","guid":{"rendered":"https:\/\/www.europesays.com\/fr\/202738\/"},"modified":"2025-06-25T08:06:11","modified_gmt":"2025-06-25T08:06:11","slug":"en-direct-guerre-en-ukraine-une-rencontre-zelensky-trump-prevue-au-sommet-de-lotan","status":"publish","type":"post","link":"https:\/\/www.europesays.com\/fr\/202738\/","title":{"rendered":"EN DIRECT &#8211; Guerre en Ukraine : une rencontre Zelensky-Trump pr\u00e9vue au sommet de l\u2019Otan"},"content":{"rendered":"<ul class=\"jsx-862013697 ArticleChapo__List\">\n<li class=\"jsx-862013697 ArticleChapo__List_Item flex\">Une rencontre entre le pr\u00e9sident ukrainien et son homologue am\u00e9ricain est pr\u00e9vue ce mercredi en marge du sommet de l\u2019Otan \u00e0 La Haye, a indiqu\u00e9 \u00e0 l\u2019AFP un haut responsable de la pr\u00e9sidence ukrainienne.<\/li>\n<li class=\"jsx-862013697 ArticleChapo__List_Item flex\">La r\u00e9union est programm\u00e9e \u00ab\u00a0en d\u00e9but d\u2019apr\u00e8s-midi\u00a0\u00bb.<\/li>\n<li class=\"jsx-862013697 ArticleChapo__List_Item flex\">Suivez les derni\u00e8res informations.<\/li>\n<\/ul>\n<p><a href=\"https:\/\/www.tf1info.fr\/actualite\/invasion-de-l-ukraine-par-la-russie-une-guerre-qui-dure-12951\/\" rel=\"noopener\" class=\"jsx-484472199 Link jsx-1428418400 jsx-554215408\" target=\"_blank\"><\/p>\n<p style=\"font-weight:400\" class=\"jsx-1837267516\">Suivez la couverture compl\u00e8te<\/p>\n<p style=\"font-weight:800\" class=\"jsx-1837267516\">Ukraine : 4\u1d49 ann\u00e9e de guerre<\/p>\n<p><\/a>Les \u00e9l\u00e9ments marquants14:58TRUMP \u00c9VOQUE UNE RENCONTRE \u00ab\u00a0PROBABLE\u00a0\u00bb AVEC ZELENSKY<\/p>\n<p>Donald Trump a indiqu\u00e9 mardi \u00e0 bord d&rsquo;Air Force One qu&rsquo;il rencontrerait \u00ab\u00a0probablement\u00a0\u00bb le pr\u00e9sident ukrainien Volodymyr Zelensky en marge du sommet de l&rsquo;Otan \u00e0 La Haye o\u00f9 le pr\u00e9sident am\u00e9ricain est attendu en fin de journ\u00e9e. \u00ab\u00a0Je lui dirai &lsquo;comment \u00e7a va ?&rsquo;. Il est dans une situation difficile, il n&rsquo;aurait jamais d\u00fb se trouver l\u00e0\u00a0\u00bb, a soulign\u00e9 Donald Trump, dont les relations avec M. Zelensky sont difficiles.<\/p>\n<p>Minute par minute09:59950 SOLDATS RUSSES \u00ab\u00a0\u00c9LIMIN\u00c9S\u00a0\u00bb EN 24 HEURES<\/p>\n<p>Selon l&rsquo;arm\u00e9e ukrainienne, 950 soldats russes sont morts sur le front ces derni\u00e8res 24 heures. 58 syst\u00e8mes d&rsquo;artillerie ont aussi \u00e9t\u00e9 d\u00e9truits.<\/p>\n<blockquote data-testid=\"EmbedTwitter\" id=\"tweet-1937747626046492865-:R1pgkqqb6ij9n79m:\" class=\"jsx-aeff1a1c40f54d7a twitter-tweet flex justify-center items-center\"><p>\u00ab\u00a0Every man has his own destiny: the only imperative is to follow it, to accept it, no matter where it leads him.\u00a0\u00bb Henry Miller The combat losses of the enemy from February 24, 2022 to June 25, 2025.  pic.twitter.com\/VT9LSZXi5u \u2014 Defense of Ukraine (@DefenceU)  June 25, 2025<\/p><\/blockquote>\n<p>09:54RENCONTRE ZELENSKY-TRUMP<\/p>\n<p>Une rencontre entre le pr\u00e9sident ukrainien Volodymyr Zelensky et son homologue am\u00e9ricain Donald Trump aura lieu aujourd&rsquo;hui, en marge du sommet de l&rsquo;Otan \u00e0 La Haye, a confirm\u00e9 \u00e0 l&rsquo;AFP une source au sein de la pr\u00e9sidence ukrainienne.<\/p>\n<p>Les deux dirigeants devraient faire de br\u00e8ves d\u00e9clarations en amont de leur entretien pr\u00e9vu autour de 12h30 GMT, a pr\u00e9cis\u00e9 cette source. Le pr\u00e9sident am\u00e9ricain avait assur\u00e9 dans l&rsquo;avion le menant aux Pays-Bas qu&rsquo;il rencontrerait \u00ab\u00a0probablement\u00a0\u00bb son homologue ukrainien. \u00a0<\/p>\n<p>mardi 24 juin 2025<\/p>\n<p>17:35&Prime;AUCUN SIGNE QUE POUTINE VEUT ARR\u00caTER CETTE GUERRE\u00a0\u00bb<\/p>\n<p>Depuis La Haye, Volodymyr Zelensky a martel\u00e9 qu&rsquo;il n&rsquo;y a aucun signe laissant pendant que Vladimir Poutine veut arr\u00eater la guerre. \u00ab\u00a0La Russie rejette toutes les propositions de paix, incluant celle des \u00c9tats-Unis\u00a0\u00bb, \u00e9crit-il ce mardi apr\u00e8s-midi sur le r\u00e9seau social X.\u00a0<\/p>\n<blockquote data-testid=\"EmbedTwitter\" id=\"tweet-1937531830850453507-:R1phkqqb6ij9n79m:\" class=\"jsx-aeff1a1c40f54d7a twitter-tweet flex justify-center items-center\"><p>At the Defense Industries Forum in The Hague I stressed: there are no signs Putin wants to stop this war. Russia rejects all peace proposals, including from the U.S. Maybe Putin connects his own political survival with his ability to keep killing: so long as he kills, he lives.  pic.twitter.com\/wGblcT0cNx \u2014 Volodymyr Zelenskyy \/ \u0412\u043e\u043b\u043e\u0434\u0438\u043c\u0438\u0440 \u0417\u0435\u043b\u0435\u043d\u0441\u044c\u043a\u0438\u0439 (@ZelenskyyUa)  June 24, 2025<\/p><\/blockquote>\n<p>15:51LES SECOURS \u00c0 DNIPRO<\/p>\n<p>Les secours sont \u00e0 pied d&rsquo;\u0153uvre \u00e0 Dnipro, dans la partie est du pays, pour venir porter assistance aux victimes, mais aussi \u00e9teindre les feux provoqu\u00e9s par les missiles russes tir\u00e9s plus t\u00f4t dans la journ\u00e9e. Au moins 11 personnes sont mortes et une douzaine d&rsquo;autres sont bless\u00e9es, parmi lesquels 10 enfants.<\/p>\n<p><img decoding=\"async\" src=\"https:\/\/www.europesays.com\/fr\/wp-content\/uploads\/2025\/06\/ukraine-bombardement-russe-dnipro-25-juin-2025-2026-f90d9f-0@1x.jpeg\" alt=\"Handout \/ State Emergency Service of Ukraine \/ AFP\" loading=\"lazy\" importance=\"low\" fetchpriority=\"low\" class=\"\"\/>Handout \/ State Emergency Service of Ukraine \/ AFP15:19&Prime;LA RUSSIE MENACE ACTIVEMENT LA S\u00c9CURIT\u00c9\u00a0\u00bb DANS TOUTE L&rsquo;EUROPE<\/p>\n<p>Le chancelier allemand Friedrich Merz a qualifi\u00e9 \u00ab\u00a0d&rsquo;historique\u00a0\u00bb le sommet de l&rsquo;Otan qui s&rsquo;ouvre mardi et a assur\u00e9 que l&rsquo;engagement des alli\u00e9s \u00e0 augmenter massivement leurs d\u00e9penses de s\u00e9curit\u00e9 ne vise pas seulement \u00e0 satisfaire Donald Trump.<\/p>\n<p>\u00ab\u00a0Nous ne faisons pas cela, comme certains le pr\u00e9tendent, pour faire plaisir aux \u00c9tats-Unis et \u00e0 leur pr\u00e9sident\u00a0\u00bb, a-t-il d\u00e9clar\u00e9 devant le Parlement allemand avant de se rendre \u00e0 La Haye pour participer au sommet. \u00ab\u00a0Nous agissons sur la base de nos propres observations et convictions. La Russie, plus que tout autre pays, menace activement et agressivement la s\u00e9curit\u00e9 et la libert\u00e9\u00a0\u00bb dans toute l&rsquo;Europe, a-t-il ajout\u00e9.<\/p>\n<p>\u00ab\u00a0Nous devons craindre que la Russie poursuive sa guerre au-del\u00e0 de l&rsquo;Ukraine\u00a0\u00bb, a ajout\u00e9 le dirigeant allemand<\/p>\n<p>15:19&Prime;LA RUSSIE MENACE ACTIVEMENT LA S\u00c9CURIT\u00c9\u00a0\u00bb DANS TOUTE L&rsquo;EUROPE<\/p>\n<p>Le chancelier allemand Friedrich Merz a qualifi\u00e9 \u00ab\u00a0d&rsquo;historique\u00a0\u00bb le sommet de l&rsquo;Otan qui s&rsquo;ouvre mardi et a assur\u00e9 que l&rsquo;engagement des alli\u00e9s \u00e0 augmenter massivement leurs d\u00e9penses de s\u00e9curit\u00e9 ne vise pas seulement \u00e0 satisfaire Donald Trump.<\/p>\n<p>\u00ab\u00a0Nous ne faisons pas cela, comme certains le pr\u00e9tendent, pour faire plaisir aux \u00c9tats-Unis et \u00e0 leur pr\u00e9sident\u00a0\u00bb, a-t-il d\u00e9clar\u00e9 devant le Parlement allemand avant de se rendre \u00e0 La Haye pour participer au sommet. \u00ab\u00a0Nous agissons sur la base de nos propres observations et convictions. La Russie, plus que tout autre pays, menace activement et agressivement la s\u00e9curit\u00e9 et la libert\u00e9\u00a0\u00bb dans toute l&rsquo;Europe, a-t-il ajout\u00e9.<\/p>\n<p>\u00ab\u00a0Nous devons craindre que la Russie poursuive sa guerre au-del\u00e0 de l&rsquo;Ukraine\u00a0\u00bb, a ajout\u00e9 le dirigeant allemand<\/p>\n<p>14:58TRUMP \u00c9VOQUE UNE RENCONTRE \u00ab\u00a0PROBABLE\u00a0\u00bb AVEC ZELENSKY<\/p>\n<p>Donald Trump a indiqu\u00e9 mardi \u00e0 bord d&rsquo;Air Force One qu&rsquo;il rencontrerait \u00ab\u00a0probablement\u00a0\u00bb le pr\u00e9sident ukrainien Volodymyr Zelensky en marge du sommet de l&rsquo;Otan \u00e0 La Haye o\u00f9 le pr\u00e9sident am\u00e9ricain est attendu en fin de journ\u00e9e. \u00ab\u00a0Je lui dirai &lsquo;comment \u00e7a va ?&rsquo;. Il est dans une situation difficile, il n&rsquo;aurait jamais d\u00fb se trouver l\u00e0\u00a0\u00bb, a soulign\u00e9 Donald Trump, dont les relations avec M. Zelensky sont difficiles.<\/p>\n<p>13:46ZELENSKY \u00c0 LA HAYE<\/p>\n<p>Le pr\u00e9sident ukrainien est aujourd&rsquo;hui et demain \u00e0 La Haye, aux Pays-Bas, \u00e0 l&rsquo;occasion du sommet de l&rsquo;Otan. Depuis ce matin, il a fait quelques courtes allocutions et tenu une r\u00e9union bilat\u00e9rale, notamment aux c\u00f4t\u00e9s de Dick Schoof, le Premier ministre n\u00e9erlandais.<\/p>\n<p><img decoding=\"async\" src=\"https:\/\/www.europesays.com\/fr\/wp-content\/uploads\/2025\/06\/zelensky-schoof-la-haye-otan-24-juin-2025-1a2411-0@1x.jpeg\" alt=\"AFP\" loading=\"lazy\" importance=\"low\" fetchpriority=\"low\" class=\"\"\/>AFP13:43&Prime;UN MESSAGE DE TERREUR\u00a0\u00bb<\/p>\n<p>L&rsquo;Ukraine a accus\u00e9 mardi Moscou d&rsquo;envoyer \u00ab\u00a0un message de terreur et de rejet de la paix\u00a0\u00bb apr\u00e8s le bombardement meurtrier russe sur la ville de Dnipro, dans le centre-est du pays, avant l&rsquo;ouverture du sommet de l&rsquo;Otan. \u00ab\u00a0Alors que les dirigeants se r\u00e9unissent \u00e0 La Haye pour le sommet de l&rsquo;Otan, la Russie envoie un message de terreur et de rejet de la paix. Il en va de la cr\u00e9dibilit\u00e9 des alli\u00e9s de renforcer la pression sur Moscou\u00a0\u00bb, a \u00e9crit sur X le ministre des Affaires \u00e9trang\u00e8res ukrainien, Andri\u00ef Sybiga.\u00a0<\/p>\n<blockquote data-testid=\"EmbedTwitter\" id=\"tweet-1937456454958563472-:R1pkkqqb6ij9n79m:\" class=\"jsx-aeff1a1c40f54d7a twitter-tweet flex justify-center items-center\"><p>Russian strike on Dnipro. An ordinary passenger train was damaged, as were schools and kindergartens, a hospital, and a clinic. There are killed and injured people. While leaders gather in The Hague for the NATO summit, Russia sends a message of terror and rejection of peace. It\u2026  pic.twitter.com\/sEnPyfjKNk \u2014 Andrii Sybiha \ud83c\uddfa\ud83c\udde6 (@andrii_sybiha)  June 24, 2025<\/p><\/blockquote>\n<p>13:097 MORTS \u00c0 DNIPRO<\/p>\n<p>Un bombardement russe sur la ville ukrainienne de Dnipro a fait mardi au moins sept morts et environ 70 bless\u00e9s, selon les autorit\u00e9s r\u00e9gionales, nouvel exemple de la poursuite de frappes de la Russie en Ukraine, les n\u00e9gociations entre les deux camps \u00e9tant au point mort.<\/p>\n<p>\u00ab\u00a0\u00c0 Dnipro, le nombre de morts caus\u00e9s par l&rsquo;attaque russe est mont\u00e9 \u00e0 sept. Environ 70 personnes ont \u00e9t\u00e9 bless\u00e9es, dont 10 enfants\u00a0\u00bb, a d\u00e9clar\u00e9 le chef de l&rsquo;administration militaire r\u00e9gionale, Sergui\u00ef Lyssak, pr\u00e9cisant que le bilan pourrait augmenter. Deux autres personnes ont \u00e9t\u00e9 tu\u00e9es dans une frappe russe distincte dans la ville de Samar, dans la m\u00eame r\u00e9gion, a-t-il ajout\u00e9.<\/p>\n<p>10:09RENCONTRE ZELENSKY-TRUMP<\/p>\n<p>Une rencontre entre le pr\u00e9sident ukrainien Volodymyr Zelensky et son homologue am\u00e9ricain Donald Trump est pr\u00e9vue mercredi en marge du sommet de l&rsquo;Otan \u00e0 La Haye, a indiqu\u00e9 mardi \u00e0 l&rsquo;AFP un haut responsable de la pr\u00e9sidence ukrainienne.<\/p>\n<p>La r\u00e9union est programm\u00e9e pour mercredi \u00ab\u00a0en d\u00e9but d&rsquo;apr\u00e8s-midi\u00a0\u00bb, \u00ab\u00a0les \u00e9quipes sont en train de finaliser les d\u00e9tails\u00a0\u00bb, a indiqu\u00e9 \u00e0 l&rsquo;AFP ce responsable sous le couvert de l&rsquo;anonymat. M. Zelensky, dont les relations avec M. Trump sont compliqu\u00e9es, va \u00e9voquer \u00ab\u00a0les sanctions contre la Russie\u00a0\u00bb, qui a envahi son pays en 2022, et l&rsquo;achat d&rsquo;armes \u00e0 Washington, a pr\u00e9cis\u00e9 cette m\u00eame source.<\/p>\n<p>09:34SOMMET DE L&rsquo;OTAN<\/p>\n<p>Sous la pression de Donald Trump, l&rsquo;Otan s&rsquo;appr\u00eate \u00e0 s&rsquo;engager sur une hausse spectaculaire de ses d\u00e9penses de s\u00e9curit\u00e9, lors d&rsquo;un sommet mardi et mercredi \u00e0 La Haye visant \u00e0 rassurer sur le devenir de l&rsquo;Alliance et calibr\u00e9 pour \u00e9viter un esclandre du pr\u00e9sident am\u00e9ricain. Les frappes am\u00e9ricaines en Iran, et l&rsquo;annonce par le pr\u00e9sident am\u00e9ricain d&rsquo;un cessez-le-feu entre l&rsquo;Iran et Isra\u00ebl, seront \u00e9videmment dans tous les esprits.\u00a0<\/p>\n<p>L&rsquo;Ukraine, invit\u00e9e d&rsquo;honneur du pr\u00e9c\u00e9dent sommet \u00e0 Washington l&rsquo;an dernier, sera cette fois contrainte \u00e0 davantage de discr\u00e9tion face aux r\u00e9ticences am\u00e9ricaines.<\/p>\n<p>06:533 MORTS \u00c0 SOUMY<\/p>\n<p>Des frappes de drones russes ont fait trois morts, dont un enfant de huit ans, dans l&rsquo;agglom\u00e9ration de Soumy, ville du nord-est de l&rsquo;Ukraine, a annonc\u00e9 mardi matin l&rsquo;administration r\u00e9gionale. \u00ab\u00a0Vers minuit, les Russes ont attaqu\u00e9 massivement avec des drones un village (&#8230;) Nous avons des informations sur trois morts\u00a0\u00bb, a d\u00e9clar\u00e9 le chef de l&rsquo;administration r\u00e9gionale, Oleg Grygorov. Outre le petit gar\u00e7on, \u00ab\u00a0un homme et une femme sont \u00e9galement morts\u00a0\u00bb, a-t-il pr\u00e9cis\u00e9. \u00ab\u00a0La frappe a pris la vie de personnes issues de familles diff\u00e9rentes. Ils vivaient tous dans la m\u00eame rue.\u00a0\u00bb<\/p>\n<p>Igor Terekhov, maire de Kharkiv, a indiqu\u00e9 dans un message sur Telegram que la Russie avait tir\u00e9 7 drones sur la ville du nord-est de l&rsquo;Ukraine pendant la nuit. Trois personnes ont \u00e9t\u00e9 bless\u00e9es dans les attaques, selon M. Terekhov.<\/p>\n<p>06:52BONJOUR \u00c0 TOUS<\/p>\n<p>Bonjour \u00e0 toutes et \u00e0 tous et bienvenue dans ce direct du mardi 24 juin consacr\u00e9 \u00e0 la guerre en Ukraine.<\/p>\n<p data-module=\"article-paragraph\" class=\"jsx-3046738180 Paragraph\">Volodymyr Zelensky doit se rendre mercredi \u00e0 Strasbourg pour s&rsquo;adresser au Conseil de l&rsquo;Europe, lors d&rsquo;une visite domin\u00e9e par le projet d&rsquo;instauration d&rsquo;un tribunal sp\u00e9cial pour le crime d&rsquo;agression contre son pays. Le Conseil de l&rsquo;Europe, qui r\u00e9unit 46 pays dont l&rsquo;Ukraine, est la vigie de la d\u00e9mocratie et des droits de l&rsquo;homme sur le continent.<\/p>\n<p data-module=\"article-paragraph\" class=\"jsx-3046738180 Paragraph Paragraph__End\">Dans un communiqu\u00e9, le Conseil de l&rsquo;Europe a pr\u00e9cis\u00e9 lundi que Volodymyr Zelensky s&rsquo;adresserait \u00e0 son comit\u00e9 des ministres, organe qui \u00ab\u00a0est en train de finaliser les instruments juridiques n\u00e9cessaires au lancement\u00a0\u00bb de ce tribunal destin\u00e9 \u00e0 poursuivre les dirigeants russes pour l&rsquo;invasion de l&rsquo;Ukraine.<\/p>\n<p data-module=\"article-paragraph\" class=\"jsx-3046738180 Paragraph\">Le tribunal, dont la cr\u00e9ation a \u00e9t\u00e9 annonc\u00e9e le 9 mai \u00e0 Lviv par l&rsquo;Ukraine et ses alli\u00e9s europ\u00e9ens, aura pour objectif de juger le \u00ab\u00a0crime d&rsquo;agression\u00a0\u00bb, ce que ne peut faire la Cour p\u00e9nale internationale (CPI).<\/p>\n<p data-module=\"article-paragraph\" class=\"jsx-3046738180 Paragraph\">L&rsquo;Ukraine fait partie du Conseil de l&rsquo;Europe mais la Russie en a \u00e9t\u00e9 exclue en 2022, peu apr\u00e8s le d\u00e9but de la guerre entre les deux pays.<\/p>\n<p data-module=\"article-paragraph\" class=\"jsx-3046738180 Paragraph Paragraph__End\"><strong>Retrouvez les derni\u00e8res informations dans le fil ci-dessus.<\/strong><\/p>\n<p>La r\u00e9daction de TF1info avec AFP<\/p>\n<p><script async src=\"https:\/\/platform.twitter.com\/widgets.js\" charset=\"utf-8\"><\/script><\/p>\n","protected":false},"excerpt":{"rendered":"Une rencontre entre le pr\u00e9sident ukrainien et son homologue am\u00e9ricain est pr\u00e9vue ce mercredi en marge du sommet&hellip;\n","protected":false},"author":2,"featured_media":202739,"comment_status":"","ping_status":"","sticky":false,"template":"","format":"standard","meta":{"footnotes":""},"categories":[1591],"tags":[1111,11,1921,1887,28083,1922,12,1885,1886,132,220,1917,133,1920,134],"class_list":{"0":"post-202738","1":"post","2":"type-post","3":"status-publish","4":"format-standard","5":"has-post-thumbnail","7":"category-russie","8":"tag-actu","9":"tag-actualites","10":"tag-article-video","11":"tag-federation-de-russie","12":"tag-guerre-en-ukraine-une-treve-sera-t-elle-possible","13":"tag-info","14":"tag-news","15":"tag-russia","16":"tag-russian-federation","17":"tag-russie","18":"tag-ukraine","19":"tag-ukraine-4-annee-de-guerre","20":"tag-video","21":"tag-video-international","22":"tag-volodymyr-zelensky"},"share_on_mastodon":{"url":"https:\/\/pubeurope.com\/@fr\/114742977099684011","error":""},"_links":{"self":[{"href":"https:\/\/www.europesays.com\/fr\/wp-json\/wp\/v2\/posts\/202738","targetHints":{"allow":["GET"]}}],"collection":[{"href":"https:\/\/www.europesays.com\/fr\/wp-json\/wp\/v2\/posts"}],"about":[{"href":"https:\/\/www.europesays.com\/fr\/wp-json\/wp\/v2\/types\/post"}],"author":[{"embeddable":true,"href":"https:\/\/www.europesays.com\/fr\/wp-json\/wp\/v2\/users\/2"}],"replies":[{"embeddable":true,"href":"https:\/\/www.europesays.com\/fr\/wp-json\/wp\/v2\/comments?post=202738"}],"version-history":[{"count":0,"href":"https:\/\/www.europesays.com\/fr\/wp-json\/wp\/v2\/posts\/202738\/revisions"}],"wp:featuredmedia":[{"embeddable":true,"href":"https:\/\/www.europesays.com\/fr\/wp-json\/wp\/v2\/media\/202739"}],"wp:attachment":[{"href":"https:\/\/www.europesays.com\/fr\/wp-json\/wp\/v2\/media?parent=202738"}],"wp:term":[{"taxonomy":"category","embeddable":true,"href":"https:\/\/www.europesays.com\/fr\/wp-json\/wp\/v2\/categories?post=202738"},{"taxonomy":"post_tag","embeddable":true,"href":"https:\/\/www.europesays.com\/fr\/wp-json\/wp\/v2\/tags?post=202738"}],"curies":[{"name":"wp","href":"https:\/\/api.w.org\/{rel}","templated":true}]}}