{"id":202742,"date":"2025-06-25T08:08:24","date_gmt":"2025-06-25T08:08:24","guid":{"rendered":"https:\/\/www.europesays.com\/fr\/202742\/"},"modified":"2025-06-25T08:08:24","modified_gmt":"2025-06-25T08:08:24","slug":"usa-cuomo-concede-sa-defaite-a-la-primaire-democrate-de-new-york-25-06-2025-a-0522","status":"publish","type":"post","link":"https:\/\/www.europesays.com\/fr\/202742\/","title":{"rendered":"USA-Cuomo conc\u00e8de sa d\u00e9faite \u00e0 la primaire d\u00e9mocrate de New York &#8211; 25\/06\/2025 \u00e0 05:22"},"content":{"rendered":"<p>\n L&rsquo;ancien gouverneur de l&rsquo;Etat de New<br \/>\nYork, Andrew Cuomo, a conc\u00e9d\u00e9 mardi sa d\u00e9faite \u00e0 la primaire du<br \/>\nParti d\u00e9mocrate en vue des \u00e9lections municipales \u00e0 New York.\n<\/p>\n<p>\n Zohran Mamdani, membre de l&rsquo;Assembl\u00e9e de l&rsquo;Etat de New York,<br \/>\nremporte ainsi l&rsquo;investiture du parti et briguera la mairie de<br \/>\nNew York lors des \u00e9lections de novembre.\n<\/p>\n<p>\n Andrew Cuomo, 67 ans, tentait de revenir sur la sc\u00e8ne<br \/>\npolitique, quatre ans apr\u00e8s avoir d\u00e9missionn\u00e9 de son poste de<br \/>\ngouverneur apr\u00e8s avoir \u00e9t\u00e9 mis en cause dans des affaires de<br \/>\nharc\u00e8lement sexuel.\n<\/p>\n<p>\n Zohran Mamdani, 33 ans, se d\u00e9crit comme un d\u00e9mocrate<br \/>\nsocialiste et s&rsquo;est engag\u00e9 \u00e0 faire table rase du pass\u00e9. Il<br \/>\nb\u00e9n\u00e9ficie notamment du soutien du s\u00e9nateur d\u00e9mocrate Bernie<br \/>\nSanders.\n<\/p>\n<p>\n Le maire actuel de New York, Eric Adams, se pr\u00e9sentera en<br \/>\ntant que candidat ind\u00e9pendant. Il se trouve toutefois affaibli<br \/>\npar des scandales de corruption et ses liens suppos\u00e9s avec le<br \/>\npr\u00e9sident am\u00e9ricain, le r\u00e9publicain Donald Trump.\n<\/p>\n<p>\n Curtis Sliwa, un pr\u00e9sentateur de radio qui avait perdu<br \/>\nl&rsquo;\u00e9lection face \u00e0 Eric Adams en 2021, repr\u00e9sentera le Parti<br \/>\nr\u00e9publicain.\n<\/p>\n<p>\n (Joseph Ax et Maria Tsvetkova; version fran\u00e7aise Camille<br \/>\nRaynaud)<\/p>\n","protected":false},"excerpt":{"rendered":"L&rsquo;ancien gouverneur de l&rsquo;Etat de New York, Andrew Cuomo, a conc\u00e9d\u00e9 mardi sa d\u00e9faite \u00e0 la primaire du&hellip;\n","protected":false},"author":2,"featured_media":2486,"comment_status":"","ping_status":"","sticky":false,"template":"","format":"standard","meta":{"footnotes":""},"categories":[1589],"tags":[400,11,398,408,405,73,1866,403,402,399,404,12,401,406,1864,1865,1863,308,407],"class_list":{"0":"post-202742","1":"post","2":"type-post","3":"status-publish","4":"format-standard","5":"has-post-thumbnail","7":"category-etats-unis","8":"tag-action-cac-40","9":"tag-actualites","10":"tag-bourse-de-paris","11":"tag-boursorama","12":"tag-cotations","13":"tag-etats-unis","14":"tag-etats-unis-damerique","15":"tag-indices-devises","16":"tag-investir","17":"tag-investissement","18":"tag-marche-boursier","19":"tag-news","20":"tag-sicav","21":"tag-trackers","22":"tag-united-states","23":"tag-united-states-of-america","24":"tag-us","25":"tag-usa","26":"tag-warrants"},"share_on_mastodon":{"url":"https:\/\/pubeurope.com\/@fr\/114742984932217050","error":""},"_links":{"self":[{"href":"https:\/\/www.europesays.com\/fr\/wp-json\/wp\/v2\/posts\/202742","targetHints":{"allow":["GET"]}}],"collection":[{"href":"https:\/\/www.europesays.com\/fr\/wp-json\/wp\/v2\/posts"}],"about":[{"href":"https:\/\/www.europesays.com\/fr\/wp-json\/wp\/v2\/types\/post"}],"author":[{"embeddable":true,"href":"https:\/\/www.europesays.com\/fr\/wp-json\/wp\/v2\/users\/2"}],"replies":[{"embeddable":true,"href":"https:\/\/www.europesays.com\/fr\/wp-json\/wp\/v2\/comments?post=202742"}],"version-history":[{"count":0,"href":"https:\/\/www.europesays.com\/fr\/wp-json\/wp\/v2\/posts\/202742\/revisions"}],"wp:featuredmedia":[{"embeddable":true,"href":"https:\/\/www.europesays.com\/fr\/wp-json\/wp\/v2\/media\/2486"}],"wp:attachment":[{"href":"https:\/\/www.europesays.com\/fr\/wp-json\/wp\/v2\/media?parent=202742"}],"wp:term":[{"taxonomy":"category","embeddable":true,"href":"https:\/\/www.europesays.com\/fr\/wp-json\/wp\/v2\/categories?post=202742"},{"taxonomy":"post_tag","embeddable":true,"href":"https:\/\/www.europesays.com\/fr\/wp-json\/wp\/v2\/tags?post=202742"}],"curies":[{"name":"wp","href":"https:\/\/api.w.org\/{rel}","templated":true}]}}