{"id":202744,"date":"2025-06-25T08:10:09","date_gmt":"2025-06-25T08:10:09","guid":{"rendered":"https:\/\/www.europesays.com\/fr\/202744\/"},"modified":"2025-06-25T08:10:09","modified_gmt":"2025-06-25T08:10:09","slug":"proces-des-deux-centenaires-deportes-et-forces-a-travailler-en-allemagne-pendant-la-seconde-guerre-mondiale-la-justice-evoque-pour-la-premiere-fois-la-responsabilite-de-letat","status":"publish","type":"post","link":"https:\/\/www.europesays.com\/fr\/202744\/","title":{"rendered":"Proc\u00e8s des deux centenaires d\u00e9port\u00e9s et forc\u00e9s \u00e0 travailler en Allemagne pendant la Seconde Guerre mondiale: la justice \u00e9voque pour la premi\u00e8re fois la responsabilit\u00e9 de l&rsquo;\u00c9tat"},"content":{"rendered":"<p>Albert vient de d\u00e9buter son travail sur le Vieux-Port de Marseille quand il est interpell\u00e9 par deux soldats allemands le 13 mars 1943. Erpilio, de son c\u00f4t\u00e9, est chez lui boulevard Carnot \u00e0 Nice quand un gendarme fran\u00e7ais lui remet un pli un an plus tard.\u00a0<\/p>\n<p>Au premier, on explique que\u00a0s\u2019il ne se rend pas \u00e0 ce rendez-vous, <strong>on retirera les cartes de rationnement \u00e0 toute sa famille<\/strong>. Au deuxi\u00e8me, on assure que \u00ab\u00a0<strong>des repr\u00e9sailles<\/strong> pourront \u00eatre exerc\u00e9es envers [sa] famille\u00a0\u00bb.<\/p>\n<p>Alors les deux jeunes hommes montent chacun dans un train. Albert est d\u00e9barqu\u00e9 \u00e0 Ludwigshafen, ville o\u00f9 se trouve la principale usine de l\u2019entreprise chimique allemande IG Farben (on y fabrique notamment <strong>le gaz Zyklon B utilis\u00e9 dans les chambres \u00e0 gaz<\/strong>).\u00a0Pendant dix-huit mois, le jeune homme est<strong>\u00a0forc\u00e9 \u00e0 remplir des wagons de charbon<\/strong>, six jours sur sept, 10 heures par jour.<\/p>\n<p>Erpilio se retrouve \u00e0 Oberkassel, \u00e0 1.200 km de la C\u00f4te d\u2019Azur, dans une usine priv\u00e9e, la Deutsch Delta Metal\u00a0\u00ab\u00a0qui travaillait certainement pour la d\u00e9fense allemande\u00a0\u00bb.\u00a0Il est charg\u00e9 de s\u2019occuper de r\u00e9parer les machines qui tombent en panne.\u00a0<\/p>\n<p><strong>Tous deux subissent des centaines de bombardements<\/strong>. Albert perd des milliers de coll\u00e8gues. Erpilio se souvient que les bombes tombaient \u00ab\u00a0tous les jours, de jour ou de nuit\u00a0\u00bb.\u00a0<\/p>\n<p>\u00c0 la fin de la guerre, le Marseillais et le Ni\u00e7ois sont renvoy\u00e9s chez eux. Ils font partie des 650.000 jeunes Fran\u00e7ais qui ont \u00e9t\u00e9 d\u00e9port\u00e9s dans le cadre du Service du travail obligatoire (STO) mis en place par le r\u00e9gime de Vichy, et dont environ 250.000 ne sont pas revenus.<\/p>\n<p>              <img ci-src=\"https:\/\/www.nicematin.com\/justice\/Albert+et+Erpilio+jeunes-2ZkZzVXy.png?ci_seal=5bc7edc487\" alt=\"\"\/><br \/>\n        Albert et Erpilio, \u00e0 l&rsquo;\u00e9poque o\u00f9 ils ont \u00e9t\u00e9 d\u00e9port\u00e9s en Allemagne.  <strong>Photos DR et Sandrine Beigas\/NM.<\/strong> <\/p>\n<p>                                Le combat<\/p>\n<p><strong>Pendant ses dix-huit mois de STO, Albert n&rsquo;a pas touch\u00e9 un centime<\/strong>, lui qui \u00e9tait charg\u00e9 de famille avant d&rsquo;\u00eatre d\u00e9port\u00e9. Erpilio, qui avait re\u00e7u un peu d&rsquo;argent en Allemagne,\u00a0environ 2.000 deutschemarks, s&rsquo;est vu oblig\u00e9 de le remettre aux autorit\u00e9s alors qu&rsquo;il \u00e9tait sur le chemin du retour.\u00a0<\/p>\n<p><strong>\u00c0 partir de 1957, Albert\u00a0demande reconnaissance et r\u00e9paration de l&rsquo;\u00c9tat. En vain<\/strong>. Les choses bougent enfin quand, il y a quelques ann\u00e9es, il trouve du soutien aupr\u00e8s de l&rsquo;historien Michel Ficetola et de l&rsquo;avocat Me Michel Pautot. C&rsquo;est ce dernier qui d\u00e9cide de porter l&rsquo;affaire\u00a0au tribunal administratif de Marseille.\u00a0Erpilio, avec l&rsquo;aide de son petit-fils, entend alors parler de la d\u00e9marche et d\u00e9cide aussi de lancer une proc\u00e9dure avec Me Pautot.<\/p>\n<p>Albert et Erpilio demandent une r\u00e9paration financi\u00e8re, \u00e0 savoir que leurs heures de travail accomplies pendant le STO soient pay\u00e9es. <strong><a href=\"https:\/\/www.nicematin.com\/histoire\/la-france-refuse-toujours-dassumer-ses-responsabilites-premiere-audience-a-nice-dans-le-combat-d-erpilio-101-ans-deporte-et-force-a-travailler-en-allemagne-pendant-la-seconde-guerre-mondiale-967693\" target=\"_blank\" rel=\"noopener\">Leurs requ\u00eates<\/a>\u00a0sont\u00a0<a href=\"https:\/\/www.nicematin.com\/histoire\/on-n-est-plus-le-pays-des-droits-de-l-homme-demande-rejetee-pour-albert-102-ans-deporte-et-force-a-travailler-en-allemagne-pendant-la-seconde-guerre-mondiale-978530\" target=\"_blank\" rel=\"noopener\">rejet\u00e9es<\/a> en premi\u00e8re instance<\/strong>,\u00a0<strong>\u00e9tant prescrites selon la justice <\/strong>qui s&rsquo;appuie sur <a href=\"https:\/\/www.legifrance.gouv.fr\/download\/securePrint?token=Vx20vzdkS8!dir0oL$CL\" target=\"_blank\" rel=\"noopener\">la loi du 14 mai 1951<\/a>. La\u00a0\u00ab\u00a0qualit\u00e9 de d\u00e9port\u00e9\u00a0\u00bb\u00a0n&rsquo;est pas non plus reconnue,\u00a0\u00ab\u00a0au sens de la\u00a0<a href=\"https:\/\/www.legifrance.gouv.fr\/codes\/article_lc\/LEGIARTI000006494561\/2023-06-27#:~:text=Aujourd&#039;hui-,Loi%20n%C2%B0%2064%2D1326%20du%2026%20d%C3%A9cembre%201964%20tendant,&#039;humanit%C3%A9%20(1).%20%C2%BB\" target=\"_blank\" rel=\"noopener\">loi du 26 d\u00e9cembre 1964<\/a>\u00ab\u00a0.\u00a0<\/p>\n<p>                                Un premier pas\u00a0<\/p>\n<p>Devant\u00a0la cour administrative d&rsquo;appel de Marseille ce mardi 24 juin, la rapporteure publique n&rsquo;a pas chang\u00e9 de discours concernant la question de la r\u00e9paration financi\u00e8re. En revanche, et <strong>c&rsquo;est une premi\u00e8re<\/strong> selon l&rsquo;historien Michel Ficetola, la question de la responsabilit\u00e9 de l&rsquo;\u00c9tat a \u00e9t\u00e9 \u00e9voqu\u00e9e.\u00a0<\/p>\n<p>\u00ab\u00a0La rapporteure publique a reconnu qu&rsquo;Albert et Erpilio ont \u00e9t\u00e9 contraints et forc\u00e9s\u00a0\u00bb\u00a0et que\u00a0\u00ab\u00a0<strong>l&rsquo;\u00c9tat actuel \u00e9tait redevable de l&rsquo;\u00c9tat de Vichy qui a instaur\u00e9 la loi du STO<\/strong>\u00ab\u00a0, rapporte le sp\u00e9cialiste qui tient \u00e0 souligner que \u00ab\u00a0le crime contre l&rsquo;humanit\u00e9 n&rsquo;a pas \u00e9t\u00e9 remis en cause\u00a0\u00bb.\u00a0\u00a0<\/p>\n<p>Ce pas vers la reconnaissance des STO a \u00e9t\u00e9 \u00e9galement fait par le chef de l&rsquo;\u00c9tat lui-m\u00eame d\u00e9but juin. R\u00e9pondant par courrier \u00e0 une <a href=\"https:\/\/www.nicematin.com\/histoire\/je-me-permets-de-venir-afin-de-solliciter-une-audience-a-l-elysee-deporte-sto-le-centenaire-albert-corrieri-demande-a-rencontrer-emmanuel-macron-pour-lui-parler-de-son-combat-979299\" target=\"_blank\" rel=\"noopener\">demande d&rsquo;audience formul\u00e9e par Albert Corrieri<\/a>, Emmanuel Macron a d\u00e9clar\u00e9 qu&rsquo;il \u00ab\u00a0<strong>n&rsquo;oubliait pas les \u00e9preuves endur\u00e9es<\/strong> <strong>par les Fran\u00e7aises et les Fran\u00e7ais r\u00e9quisitionn\u00e9s en Allemagne durant la Seconde Guerre mondiale<\/strong>\u00ab\u00a0.\u00a0<\/p>\n<p>Concernant les affaires d&rsquo;Albert et d&rsquo;Erpilio,<strong> le jugement a \u00e9t\u00e9 mis en d\u00e9lib\u00e9r\u00e9<\/strong>\u00a0et sera rendu le 8 juillet prochain.\u00a0<\/p>\n","protected":false},"excerpt":{"rendered":"Albert vient de d\u00e9buter son travail sur le Vieux-Port de Marseille quand il est interpell\u00e9 par deux soldats&hellip;\n","protected":false},"author":2,"featured_media":202745,"comment_status":"","ping_status":"","sticky":false,"template":"","format":"standard","meta":{"footnotes":""},"categories":[1587],"tags":[11,672,1804,10411,1805,1803,1777,674,1801,937,303,12,1802],"class_list":{"0":"post-202744","1":"post","2":"type-post","3":"status-publish","4":"format-standard","5":"has-post-thumbnail","7":"category-allemagne","8":"tag-actualites","9":"tag-allemagne","10":"tag-bundesrepublik-deutschland","11":"tag-conflits","12":"tag-de","13":"tag-deutschland","14":"tag-eu","15":"tag-europe","16":"tag-germany","17":"tag-histoire","18":"tag-justice","19":"tag-news","20":"tag-republique-federale-dallemagne"},"share_on_mastodon":{"url":"https:\/\/pubeurope.com\/@fr\/114742992920662591","error":""},"_links":{"self":[{"href":"https:\/\/www.europesays.com\/fr\/wp-json\/wp\/v2\/posts\/202744","targetHints":{"allow":["GET"]}}],"collection":[{"href":"https:\/\/www.europesays.com\/fr\/wp-json\/wp\/v2\/posts"}],"about":[{"href":"https:\/\/www.europesays.com\/fr\/wp-json\/wp\/v2\/types\/post"}],"author":[{"embeddable":true,"href":"https:\/\/www.europesays.com\/fr\/wp-json\/wp\/v2\/users\/2"}],"replies":[{"embeddable":true,"href":"https:\/\/www.europesays.com\/fr\/wp-json\/wp\/v2\/comments?post=202744"}],"version-history":[{"count":0,"href":"https:\/\/www.europesays.com\/fr\/wp-json\/wp\/v2\/posts\/202744\/revisions"}],"wp:featuredmedia":[{"embeddable":true,"href":"https:\/\/www.europesays.com\/fr\/wp-json\/wp\/v2\/media\/202745"}],"wp:attachment":[{"href":"https:\/\/www.europesays.com\/fr\/wp-json\/wp\/v2\/media?parent=202744"}],"wp:term":[{"taxonomy":"category","embeddable":true,"href":"https:\/\/www.europesays.com\/fr\/wp-json\/wp\/v2\/categories?post=202744"},{"taxonomy":"post_tag","embeddable":true,"href":"https:\/\/www.europesays.com\/fr\/wp-json\/wp\/v2\/tags?post=202744"}],"curies":[{"name":"wp","href":"https:\/\/api.w.org\/{rel}","templated":true}]}}