{"id":202746,"date":"2025-06-25T08:11:13","date_gmt":"2025-06-25T08:11:13","guid":{"rendered":"https:\/\/www.europesays.com\/fr\/202746\/"},"modified":"2025-06-25T08:11:13","modified_gmt":"2025-06-25T08:11:13","slug":"leurope-ouvre-en-hausse-soulagee-par-la-treve-au-moyen-orient","status":"publish","type":"post","link":"https:\/\/www.europesays.com\/fr\/202746\/","title":{"rendered":"L&rsquo;Europe ouvre en hausse, soulag\u00e9e par la tr\u00eave au Moyen-Orient"},"content":{"rendered":"<p>\u00c0 Paris, le CAC 40 gagne 0,29% \u00e0 7.638,34 points vers 07h20 GMT. \u00c0 Francfort, le Dax avance de 0,03% et \u00e0 Londres, le FTSE 100 prend 0,24%.<\/p>\n<p>L&rsquo;indice EuroStoxx 50 est en hausse de 0,16%, le FTSEurofirst 300 de 0,21% et le Stoxx 600 de 0,22%.<\/p>\n<p>L&rsquo;app\u00e9tit des investisseurs pour le risque revient alors que la tr\u00eave annonc\u00e9e 24 heures plus t\u00f4t par Washington pour mettre fin aux attaques sans pr\u00e9c\u00e9dent entre l&rsquo;Iran et Isra\u00ebl semble se maintenir pour le moment, malgr\u00e9 les incertitudes persistantes sur le programme nucl\u00e9aire iranien et les doutes initiaux sur le respect de l&rsquo;accord de cessez-le-feu par les deux ennemis acharn\u00e9s du Moyen-Orient.<\/p>\n<p>L&rsquo;optimisme quant \u00e0 l&rsquo;apaisement des tensions dans cette r\u00e9gion cl\u00e9 de l&rsquo;approvisionnement en p\u00e9trole, d\u00e9j\u00e0 boulevers\u00e9e par la guerre \u00e0 Gaza, a pouss\u00e9 l&rsquo;indice STOXX 600 \u00e0 augmenter de 1,1% mardi, sa plus forte hausse quotidienne depuis le 12 mai dernier.<\/p>\n<p>Outre la tr\u00eave, les analystes soulignent que, m\u00eame au plus fort des hostilit\u00e9s, la s\u00e9curit\u00e9 de l&rsquo;infrastructure p\u00e9troli\u00e8re iranienne et du d\u00e9troit d&rsquo;Ormuz, une route vitale des p\u00e9troliers, n&rsquo;a jamais \u00e9t\u00e9 s\u00e9rieusement mise en doute.<\/p>\n<p>Aux valeurs, le fabricant de briquets et mat\u00e9riel de papeterie BIC recule de 5% apr\u00e8s un placement secondaire d&rsquo;actions. <\/p>\n<p>Stellantis avance de 3% apr\u00e8s que Jefferies a relev\u00e9 sa recommandation \u00e0 \u00ab\u00a0acheter\u00a0\u00bb contre \u00ab\u00a0conserver\u00a0\u00bb, le courtier s&rsquo;attendant \u00e0 ce que le nouveau directeur g\u00e9n\u00e9ral Antonio Filosa mette rapidement en oeuvre des d\u00e9cisions strat\u00e9giques. <\/p>\n<p>A Londres, la soci\u00e9t\u00e9 britannique d&rsquo;ing\u00e9nierie de d\u00e9fense Babcock, qui a revu mercredi \u00e0 la hausse ses pr\u00e9visions \u00e0 moyen terme, prend 12%.<\/p>\n<p> (R\u00e9dig\u00e9 par Diana Mandi\u00e1, \u00e9dit\u00e9 par Augustin Turpin)<\/p>\n","protected":false},"excerpt":{"rendered":"\u00c0 Paris, le CAC 40 gagne 0,29% \u00e0 7.638,34 points vers 07h20 GMT. \u00c0 Francfort, le Dax avance&hellip;\n","protected":false},"author":2,"featured_media":202747,"comment_status":"","ping_status":"","sticky":false,"template":"","format":"standard","meta":{"footnotes":""},"categories":[1586],"tags":[11,2125,1777,674,1011,27,2124,12,25],"class_list":{"0":"post-202746","1":"post","2":"type-post","3":"status-publish","4":"format-standard","5":"has-post-thumbnail","7":"category-europe","8":"tag-actualites","9":"tag-depeches-reuters","10":"tag-eu","11":"tag-europe","12":"tag-fr","13":"tag-france","14":"tag-infos-reuters","15":"tag-news","16":"tag-republique-francaise"},"share_on_mastodon":{"url":"https:\/\/pubeurope.com\/@fr\/114742996924669112","error":""},"_links":{"self":[{"href":"https:\/\/www.europesays.com\/fr\/wp-json\/wp\/v2\/posts\/202746","targetHints":{"allow":["GET"]}}],"collection":[{"href":"https:\/\/www.europesays.com\/fr\/wp-json\/wp\/v2\/posts"}],"about":[{"href":"https:\/\/www.europesays.com\/fr\/wp-json\/wp\/v2\/types\/post"}],"author":[{"embeddable":true,"href":"https:\/\/www.europesays.com\/fr\/wp-json\/wp\/v2\/users\/2"}],"replies":[{"embeddable":true,"href":"https:\/\/www.europesays.com\/fr\/wp-json\/wp\/v2\/comments?post=202746"}],"version-history":[{"count":0,"href":"https:\/\/www.europesays.com\/fr\/wp-json\/wp\/v2\/posts\/202746\/revisions"}],"wp:featuredmedia":[{"embeddable":true,"href":"https:\/\/www.europesays.com\/fr\/wp-json\/wp\/v2\/media\/202747"}],"wp:attachment":[{"href":"https:\/\/www.europesays.com\/fr\/wp-json\/wp\/v2\/media?parent=202746"}],"wp:term":[{"taxonomy":"category","embeddable":true,"href":"https:\/\/www.europesays.com\/fr\/wp-json\/wp\/v2\/categories?post=202746"},{"taxonomy":"post_tag","embeddable":true,"href":"https:\/\/www.europesays.com\/fr\/wp-json\/wp\/v2\/tags?post=202746"}],"curies":[{"name":"wp","href":"https:\/\/api.w.org\/{rel}","templated":true}]}}