{"id":202748,"date":"2025-06-25T08:12:09","date_gmt":"2025-06-25T08:12:09","guid":{"rendered":"https:\/\/www.europesays.com\/fr\/202748\/"},"modified":"2025-06-25T08:12:09","modified_gmt":"2025-06-25T08:12:09","slug":"quel-roi-a-eu-le-regne-le-plus-long","status":"publish","type":"post","link":"https:\/\/www.europesays.com\/fr\/202748\/","title":{"rendered":"Quel roi a eu le r\u00e8gne le plus long ?"},"content":{"rendered":"<p><img fetchpriority=\"high\" decoding=\"async\" width=\"1024\" height=\"538\" src=\"https:\/\/www.europesays.com\/fr\/wp-content\/uploads\/2025\/06\/une-pharaon-nil-1024x538.jpg\" alt=\"Pharaon\" class=\"wp-image-570756\"  \/><\/p>\n<p><strong>Le r\u00e8gne du <a href=\"https:\/\/dailygeekshow.com\/tag\/roi\" target=\"_blank\" rel=\"noreferrer noopener\">roi<\/a> \u00e9gyptien P\u00e9pi II aurait dur\u00e9 pas moins de 94 ans, \u00e9clipsant ceux largement attest\u00e9s de Louis XIV (72 ans) et de la reine Elizabeth II (70 ans), s\u2019\u00e9tant \u00e9teinte en 2022.<\/strong><\/p>\n<p><strong>R\u00e8gne antique<\/strong><\/p>\n<p>Alors \u00e2g\u00e9 de six ans, P\u00e9pi II N\u00e9ferkar\u00ea acc\u00e8de au tr\u00f4ne en 2281 avant notre \u00e8re. Son long r\u00e8gne sera marqu\u00e9 par une profonde p\u00e9riode d\u2019instabilit\u00e9 politique et sociale, \u00e0 l\u2019origine de l\u2019effondrement de l\u2019Ancien Empire.<\/p>\n<p>Lire aussi <a href=\"https:\/\/dailygeekshow.com\/lezard-monstre-prehistorique\/\" target=\"_blank\" rel=\"noopener\">Ce redoutable monstre pr\u00e9historique n\u2019avait pas vraiment une gueule de porte-bonheur<\/a><\/p>\n<p>Selon Man\u00e9thon, le monarque serait mort \u00e0 l\u2019\u00e2ge remarquable de 100 ans, impliquant qu\u2019il ait administr\u00e9 l\u2019\u00c9gypte pendant pas moins de 94 ans. Cet historien et grand pr\u00eatre antique ayant v\u00e9cu pr\u00e8s de deux mill\u00e9naires apr\u00e8s P\u00e9pi II, cette possibilit\u00e9 reste largement discut\u00e9e.<\/p>\n<p>R\u00e9dig\u00e9 au dos d\u2019un ancien registre fiscal, le papyrus de Turin recense les souverains \u00e9gyptiens jusqu\u2019en 1650 avant notre \u00e8re. Constituant la base de notre compr\u00e9hension de la chronologie de l\u2019<strong><a href=\"https:\/\/dailygeekshow.com\/tag\/egypte\" target=\"_blank\" rel=\"noreferrer noopener\">\u00c9gypte<\/a><\/strong> antique, celui-ci \u00e9voque un r\u00e8gne de plus de 90 ans pour P\u00e9pi II.<\/p>\n<p>Une fois encore, le fait que ce document historique date du r\u00e8gne de <a href=\"https:\/\/dailygeekshow.com\/sarcophage-ramses-ii\/\" target=\"_blank\" rel=\"noreferrer noopener\">Rams\u00e8s II<\/a>, soit plus d\u2019un mill\u00e9naire apr\u00e8s la mort de P\u00e9pi, pose question.<\/p>\n<p>Lire aussi <a href=\"https:\/\/dailygeekshow.com\/crane-visage-denisovien\/\" target=\"_blank\" rel=\"noopener\">D\u00e9nisoviens : on sait enfin \u00e0 quoi ressemblaient ces myst\u00e9rieux humains pr\u00e9historiques<\/a><\/p>\n<p><img loading=\"lazy\" decoding=\"async\" width=\"1024\" height=\"576\" src=\"https:\/\/www.europesays.com\/fr\/wp-content\/uploads\/2025\/06\/une-sarcophage-ramses-1024x576.jpg\" alt=\"Sarcophage Ramses\" class=\"wp-image-929795\"  \/>\u2014 Ram Kay \/ Shutterstock.com<\/p>\n<p><strong>Un titre contest\u00e9<\/strong><\/p>\n<p>Ajoutez \u00e0 cela le fait que <a href=\"https:\/\/dailygeekshow.com\/centaines-antiquite\/\" target=\"_blank\" rel=\"noreferrer noopener\">les humains centenaires \u00e9taient remarquablement rares dans l\u2019Antiquit\u00e9<\/a>, et des inscriptions hi\u00e9roglyphiques \u00e9voquant au maximum le 31e recensement du souverain \u00e9gyptien (correspondant \u00e0 sa 62e ou 63e ann\u00e9e de fonction), de nombreux historiens estiment aujourd\u2019hui que le r\u00e8gne le plus long de l\u2019histoire \u00e9tait celui de <a href=\"https:\/\/dailygeekshow.com\/louis-xiv-haleine\/\" target=\"_blank\" rel=\"noreferrer noopener\">Louis XIV<\/a>.<\/p>\n<p>Malgr\u00e9 ces s\u00e9rieux doutes, le Guinness Book consid\u00e8re toujours P\u00e9pi II comme le recordman de la \u00ab discipline \u00bb.<\/p>\n<p>Pour aller plus loin, d\u00e9couvrez <a href=\"https:\/\/dailygeekshow.com\/civilisation-plus-longtemps\/\" target=\"_blank\" rel=\"noreferrer noopener\">quelle civilisation a perdur\u00e9 le plus longtemps<\/a>.<\/p>\n<p>Lire aussi <a href=\"https:\/\/dailygeekshow.com\/fast-food-romains-oiseaux\/\" target=\"_blank\" rel=\"noopener\">Cet ancien \u00ab\u00a0fast food\u00a0\u00bb est la preuve que les Romains \u00e9taient friands de petits oiseaux<\/a><\/p>\n","protected":false},"excerpt":{"rendered":"Le r\u00e8gne du roi \u00e9gyptien P\u00e9pi II aurait dur\u00e9 pas moins de 94 ans, \u00e9clipsant ceux largement attest\u00e9s&hellip;\n","protected":false},"author":2,"featured_media":202749,"comment_status":"","ping_status":"","sticky":false,"template":"","format":"standard","meta":{"footnotes":""},"categories":[1586],"tags":[11,4303,1777,674,1779,1011,27,12,3241,25,553,1778,364],"class_list":{"0":"post-202748","1":"post","2":"type-post","3":"status-publish","4":"format-standard","5":"has-post-thumbnail","7":"category-europe","8":"tag-actualites","9":"tag-egypte","10":"tag-eu","11":"tag-europe","12":"tag-european-union","13":"tag-fr","14":"tag-france","15":"tag-news","16":"tag-record","17":"tag-republique-francaise","18":"tag-roi","19":"tag-ue","20":"tag-union-europeenne"},"share_on_mastodon":{"url":"https:\/\/pubeurope.com\/@fr\/114743000784227039","error":""},"_links":{"self":[{"href":"https:\/\/www.europesays.com\/fr\/wp-json\/wp\/v2\/posts\/202748","targetHints":{"allow":["GET"]}}],"collection":[{"href":"https:\/\/www.europesays.com\/fr\/wp-json\/wp\/v2\/posts"}],"about":[{"href":"https:\/\/www.europesays.com\/fr\/wp-json\/wp\/v2\/types\/post"}],"author":[{"embeddable":true,"href":"https:\/\/www.europesays.com\/fr\/wp-json\/wp\/v2\/users\/2"}],"replies":[{"embeddable":true,"href":"https:\/\/www.europesays.com\/fr\/wp-json\/wp\/v2\/comments?post=202748"}],"version-history":[{"count":0,"href":"https:\/\/www.europesays.com\/fr\/wp-json\/wp\/v2\/posts\/202748\/revisions"}],"wp:featuredmedia":[{"embeddable":true,"href":"https:\/\/www.europesays.com\/fr\/wp-json\/wp\/v2\/media\/202749"}],"wp:attachment":[{"href":"https:\/\/www.europesays.com\/fr\/wp-json\/wp\/v2\/media?parent=202748"}],"wp:term":[{"taxonomy":"category","embeddable":true,"href":"https:\/\/www.europesays.com\/fr\/wp-json\/wp\/v2\/categories?post=202748"},{"taxonomy":"post_tag","embeddable":true,"href":"https:\/\/www.europesays.com\/fr\/wp-json\/wp\/v2\/tags?post=202748"}],"curies":[{"name":"wp","href":"https:\/\/api.w.org\/{rel}","templated":true}]}}