{"id":202750,"date":"2025-06-25T08:13:09","date_gmt":"2025-06-25T08:13:09","guid":{"rendered":"https:\/\/www.europesays.com\/fr\/202750\/"},"modified":"2025-06-25T08:13:09","modified_gmt":"2025-06-25T08:13:09","slug":"deux-hommes-dont-un-policier-belge-tues-lors-dune-course-poursuite","status":"publish","type":"post","link":"https:\/\/www.europesays.com\/fr\/202750\/","title":{"rendered":"Deux hommes, dont un policier belge, tu\u00e9s lors d\u2019une course-poursuite"},"content":{"rendered":"<p>La course-poursuite, d\u00e9marr\u00e9e en <a href=\"https:\/\/www.20minutes.fr\/dossier\/belgique\" class=\"color-ultramarine c-link\" target=\"_blank\" rel=\"noopener\">Belgique<\/a>, s\u2019est tragiquement termin\u00e9e sur une route d\u00e9partementale de <a href=\"https:\/\/www.20minutes.fr\/dossier\/moselle\" class=\"color-ultramarine c-link\" target=\"_blank\" rel=\"noopener\">Moselle<\/a>. Deux personnes &#8211; un policier belge et un homme qu\u2019il tentait d\u2019interpeller &#8211; ont \u00e9t\u00e9 <a href=\"https:\/\/www.20minutes.fr\/faits_divers\/faits-divers-paris\/4107370-20240828-seine-marne-policier-municipal-moto-coma-apres-course-poursuite\" target=\"_blank\" class=\"color-ultramarine c-link\" rel=\"noopener\">percut\u00e9es mardi soir, peu avant 23 heures, par une autre voiture<\/a>, au niveau d\u2019Angevillers, a appris 20 Minutes aupr\u00e8s des gendarmes. Les deux victimes sont d\u00e9c\u00e9d\u00e9es sur le coup.<\/p>\n<p>Selon les premiers \u00e9l\u00e9ments de l\u2019enqu\u00eate, trois voitures de police belges \u00e9taient lanc\u00e9es aux trousses d\u2019une voiture soup\u00e7onn\u00e9e d\u2019\u00eatre un go-fast &#8211; c\u2019est-\u00e0-dire une voiture qui convoie de la drogue &#8211; entre la France et la Belgique. Pour \u00ab\u00a0une raison encore inconnue\u00a0\u00bb, selon une source proche de l\u2019enqu\u00eate, le v\u00e9hicule des malfaiteurs s\u2019est brusquement immobilis\u00e9 sur la D14 &#8211; \u00e0 environ 40 kilom\u00e8tres de la fronti\u00e8re belge &#8211; et ses deux occupants ont tent\u00e9 de prendre la fuite \u00e0 pied.<\/p>\n<p>Percut\u00e9 par un v\u00e9hicule ext\u00e9rieur \u00e0 l\u2019affaire<\/p>\n<p>L\u2019un des deux a \u00e9t\u00e9 rapidement interpell\u00e9 tandis que le second \u00e9tait poursuivi par un policier, \u00e9galement \u00e0 pied. C\u2019est au cours de cette course-poursuite p\u00e9destre que le drame s\u2019est produit. Un autre v\u00e9hicule, totalement ext\u00e9rieur \u00e0 la course-poursuite, a percut\u00e9 le fuyard et le policier. Tous deux sont d\u00e9c\u00e9d\u00e9s sur le coup. Selon les premiers \u00e9l\u00e9ments de l\u2019enqu\u00eate, l\u2019automobiliste ne les aurait pas vus.<\/p>\n<p>La police belge a confirm\u00e9 aupr\u00e8s de la RTBF, le d\u00e9c\u00e8s de ce policier \u00ab\u00a0pendant une intervention sur la D14 juste au-del\u00e0 de la fronti\u00e8re fran\u00e7aise\u00a0\u00bb. La France et la Belgique sont r\u00e9guli\u00e8rement amen\u00e9es \u00e0 coop\u00e9rer dans ce genre d\u2019affaires et les forces de l\u2019ordre peuvent traverser la fronti\u00e8re lorsqu\u2019elles sont \u00e0 la poursuite de malfrats.<\/p>\n","protected":false},"excerpt":{"rendered":"La course-poursuite, d\u00e9marr\u00e9e en Belgique, s\u2019est tragiquement termin\u00e9e sur une route d\u00e9partementale de Moselle. Deux personnes &#8211; un&hellip;\n","protected":false},"author":2,"featured_media":202751,"comment_status":"","ping_status":"","sticky":false,"template":"","format":"standard","meta":{"footnotes":""},"categories":[2],"tags":[4376,47,11,33553,1052,118,1011,27,12,10910,2852,25,104,4377],"class_list":{"0":"post-202750","1":"post","2":"type-post","3":"status-publish","4":"format-standard","5":"has-post-thumbnail","7":"category-actualites","8":"tag-accident-de-la-route","9":"tag-actualite","10":"tag-actualites","11":"tag-belge","12":"tag-drogue","13":"tag-faits-divers","14":"tag-fr","15":"tag-france","16":"tag-news","17":"tag-policier","18":"tag-refus-dobtemperer","19":"tag-republique-francaise","20":"tag-societe","21":"tag-stupefiant"},"share_on_mastodon":{"url":"https:\/\/pubeurope.com\/@fr\/114743004615302756","error":""},"_links":{"self":[{"href":"https:\/\/www.europesays.com\/fr\/wp-json\/wp\/v2\/posts\/202750","targetHints":{"allow":["GET"]}}],"collection":[{"href":"https:\/\/www.europesays.com\/fr\/wp-json\/wp\/v2\/posts"}],"about":[{"href":"https:\/\/www.europesays.com\/fr\/wp-json\/wp\/v2\/types\/post"}],"author":[{"embeddable":true,"href":"https:\/\/www.europesays.com\/fr\/wp-json\/wp\/v2\/users\/2"}],"replies":[{"embeddable":true,"href":"https:\/\/www.europesays.com\/fr\/wp-json\/wp\/v2\/comments?post=202750"}],"version-history":[{"count":0,"href":"https:\/\/www.europesays.com\/fr\/wp-json\/wp\/v2\/posts\/202750\/revisions"}],"wp:featuredmedia":[{"embeddable":true,"href":"https:\/\/www.europesays.com\/fr\/wp-json\/wp\/v2\/media\/202751"}],"wp:attachment":[{"href":"https:\/\/www.europesays.com\/fr\/wp-json\/wp\/v2\/media?parent=202750"}],"wp:term":[{"taxonomy":"category","embeddable":true,"href":"https:\/\/www.europesays.com\/fr\/wp-json\/wp\/v2\/categories?post=202750"},{"taxonomy":"post_tag","embeddable":true,"href":"https:\/\/www.europesays.com\/fr\/wp-json\/wp\/v2\/tags?post=202750"}],"curies":[{"name":"wp","href":"https:\/\/api.w.org\/{rel}","templated":true}]}}