{"id":202757,"date":"2025-06-25T08:18:12","date_gmt":"2025-06-25T08:18:12","guid":{"rendered":"https:\/\/www.europesays.com\/fr\/202757\/"},"modified":"2025-06-25T08:18:12","modified_gmt":"2025-06-25T08:18:12","slug":"transferts-top-14-emilien-gailleton-pau-et-tommaso-menoncello-benetton-trevise-vont-animer-le-marche-des-centres","status":"publish","type":"post","link":"https:\/\/www.europesays.com\/fr\/202757\/","title":{"rendered":"Transferts \/ Top 14 \u2013 \u00c9milien Gailleton (Pau) et Tommaso Menoncello (Benetton Tr\u00e9vise) vont animer le march\u00e9 des centres"},"content":{"rendered":"<p>\n                \u00c9milien Gailleton (21 ans) va prochainement entrer dans la derni\u00e8re ann\u00e9e de son contrat.\u00a0Des cadors du Top 14, en qu\u00eate d\u2019un centre de stature internationale, sont dans les starting-blocks pour s\u2019attacher ses services. Des clubs o\u00f9 le nom de\u00a0Tommaso Menoncello (22 ans), qui va \u00eatre enfin libre de quitter Tr\u00e9vise, revient aussi.\n            <\/p>\n<p>De l\u2019avis de tous les recruteurs, ce sera un des dossiers majeurs du mercato 2025-2026\u00a0: au 1er\u00a0juillet, \u00c9milien Gailleton (21 ans) va entrer dans sa derni\u00e8re ann\u00e9e de contrat avec la Section paloise. Depuis des mois, Pau\u00a0a entam\u00e9 une op\u00e9ration s\u00e9duction pour convaincre sa p\u00e9pite de prolonger l\u2019aventure au Hameau. Si l\u2019int\u00e9ress\u00e9 n\u2019a, \u00e0 ce jour, pas annonc\u00e9 son d\u00e9part \u00e0 ses dirigeants, la probabilit\u00e9 est grande de le voir prendre une autre direction dans douze mois.<\/p>\n<p>La\u00a0Rochelle, Toulouse et Toulon, qui vont rechercher un centre d\u2019envergure internationale pour juillet\u00a02026, sont\u00a0trois s\u00e9rieux candidats, comme \u00e9voqu\u00e9 par La D\u00e9p\u00eache du Midi. D\u2019autres \u00e9curies sont int\u00e9ress\u00e9es mais elles partiront avec une longueur de retard. Jusqu\u2019alors, aucun rendez-vous\u00a0ext\u00e9rieur n\u2019a encore eu lieu.\u00a0Le joueur a d\u00e9cid\u00e9, en accord avec la Section, d\u2019attendre cet \u00e9t\u00e9 pour prendre contact avec les recruteurs. <strong><a href=\"https:\/\/www.rugbyrama.fr\/2025\/06\/24\/tournee-en-nouvelle-zelande-xv-de-france-leon-darricarrere-joris-segonds-esteban-abadie-la-nouvelle-liste-des-bleus-pour-la-tournee-en-nouvelle-12782503.php\" target=\"_self\" rel=\"nofollow noopener\">Au retour de Nouvelle-Z\u00e9lande<\/a><\/strong>, les rendez-vous devraient se programmer et s\u2019acc\u00e9l\u00e9rer, emmenant vraisemblablement \u00c9milien Gailleton du c\u00f4t\u00e9 de Wallon, Deflandre et Mayol.<\/p>\n<p>Des profils quelque peu diff\u00e9rents<\/p>\n<p>Toulouse, qui cherche un successeur \u00e0 Pita Ahki, lui aussi engag\u00e9 jusqu\u2019en juin\u00a02026, appr\u00e9cie de longue date le profil du Lotois d\u2019origine. En 2022, le natif de Croydon avait d\u2019ailleurs \u00e9t\u00e9 proche de s\u2019installer dans la Ville rose\u00a0; mais, alors que les Toulousains envisageaient de le laisser une saison en pr\u00eat \u00e0 Agen, Pau avait emport\u00e9 la mise en lui ouvrant imm\u00e9diatement les portes du Top 14. Avec la r\u00e9ussite que l\u2019on sait en suivant.\u00a0La\u00a0Rochelle, qui entend renouveler progressivement ses lignes arri\u00e8re, est aussi en lice\u00a0: apr\u00e8s Le Garrec et Niniashvili, \u00c9milien Gailleton serait une nouvelle prise de choix et d\u2019avenir pour les Maritimes qui en feraient la plaque tournante de leur jeu de ligne.<\/p>\n<p>Au petit jeu des arguments, Toulouse a pour lui le palmar\u00e8s et une aura in\u00e9galables mais la concurrence y para\u00eet plus relev\u00e9e sur le papier (Chocobares, Barassi, Costes, Thomas) et son profil colle davantage \u00e0 ceux de Barassi ou Costes qu\u2019\u00e0 celui de Ahki. Toulon est une autre piste envisageable et le RCT devrait prochainement passer \u00e0 l\u2019action alors que J\u00e9r\u00e9my Sinzelle est en fin de contrat\u00a0mais pourrait rempiler et que Rayan Rebbadj arrivera au terme de son bail au 30\u00a0juin 2026. Le club varois\u00a0se cherche aussi une pi\u00e8ce ma\u00eetresse au centre et \u00c9milien Gailleton, par sa jeunesse et l\u2019\u00e9tendue de ses qualit\u00e9s, a le profil idoine.<\/p>\n<p>Un autre jeune centre international promet d\u2019affoler le march\u00e9 en la personne de Tommaso Menoncello (22 ans, 28 s\u00e9lections). Et les deux hommes risquent de se croiser, en coulisses. Le puissant et explosif Transalpin est une perle tout aussi rare, dans un style plus dense et polyvalent 12-13, qui se rapproche d\u2019un\u2026 Pita Ahki. La\u00a0Rochelle et Toulon avaient tent\u00e9 le coup cette ann\u00e9e, sans succ\u00e8s. Si Tr\u00e9vise est parvenu \u00e0 le retenir, l\u2019international italien sera libre dans un an et va, \u00e0 n\u2019en pas douter, entrer dans ce jeu de chaises musicales entre les trois cadors.<\/p>\n","protected":false},"excerpt":{"rendered":"\u00c9milien Gailleton (21 ans) va prochainement entrer dans la derni\u00e8re ann\u00e9e de son contrat.\u00a0Des cadors du Top 14,&hellip;\n","protected":false},"author":2,"featured_media":202758,"comment_status":"","ping_status":"","sticky":false,"template":"","format":"standard","meta":{"footnotes":""},"categories":[1416],"tags":[1011,27,479,1468,60],"class_list":{"0":"post-202757","1":"post","2":"type-post","3":"status-publish","4":"format-standard","5":"has-post-thumbnail","7":"category-rugby","8":"tag-fr","9":"tag-france","10":"tag-rugby","11":"tag-rugby-football","12":"tag-sports"},"share_on_mastodon":{"url":"https:\/\/pubeurope.com\/@fr\/114743024414201105","error":""},"_links":{"self":[{"href":"https:\/\/www.europesays.com\/fr\/wp-json\/wp\/v2\/posts\/202757","targetHints":{"allow":["GET"]}}],"collection":[{"href":"https:\/\/www.europesays.com\/fr\/wp-json\/wp\/v2\/posts"}],"about":[{"href":"https:\/\/www.europesays.com\/fr\/wp-json\/wp\/v2\/types\/post"}],"author":[{"embeddable":true,"href":"https:\/\/www.europesays.com\/fr\/wp-json\/wp\/v2\/users\/2"}],"replies":[{"embeddable":true,"href":"https:\/\/www.europesays.com\/fr\/wp-json\/wp\/v2\/comments?post=202757"}],"version-history":[{"count":0,"href":"https:\/\/www.europesays.com\/fr\/wp-json\/wp\/v2\/posts\/202757\/revisions"}],"wp:featuredmedia":[{"embeddable":true,"href":"https:\/\/www.europesays.com\/fr\/wp-json\/wp\/v2\/media\/202758"}],"wp:attachment":[{"href":"https:\/\/www.europesays.com\/fr\/wp-json\/wp\/v2\/media?parent=202757"}],"wp:term":[{"taxonomy":"category","embeddable":true,"href":"https:\/\/www.europesays.com\/fr\/wp-json\/wp\/v2\/categories?post=202757"},{"taxonomy":"post_tag","embeddable":true,"href":"https:\/\/www.europesays.com\/fr\/wp-json\/wp\/v2\/tags?post=202757"}],"curies":[{"name":"wp","href":"https:\/\/api.w.org\/{rel}","templated":true}]}}