{"id":202759,"date":"2025-06-25T08:19:08","date_gmt":"2025-06-25T08:19:08","guid":{"rendered":"https:\/\/www.europesays.com\/fr\/202759\/"},"modified":"2025-06-25T08:19:08","modified_gmt":"2025-06-25T08:19:08","slug":"wimbledon-caroline-garcia-sexplique-je-veux-etre-en-bonne-sante-pour-une-derniere-poussee-sur-les-courts-en-dur-et-prete-pour-un-autre-grand-moment-en-dehors-des-courts-les-preparatifs","status":"publish","type":"post","link":"https:\/\/www.europesays.com\/fr\/202759\/","title":{"rendered":"Wimbledon > Caroline Garcia s&rsquo;explique : \u00ab\u00a0Je veux \u00eatre en bonne sant\u00e9 pour une derni\u00e8re pouss\u00e9e sur les courts en dur&#8230; et pr\u00eate pour un autre grand moment en dehors des courts\u00a0: les pr\u00e9paratifs du mariage commencent\u00bb"},"content":{"rendered":"<p>Dans un message sur <strong>Instagram, <\/strong>Caroline Gar\u00e7ia s\u2019est exprim\u00e9e au sujet de son \u00ab\u202fforfait\u202f\u00bb pour les quali\u00adfi\u00adca\u00adtions de Wimbledon. En fait, elle a d\u00e9cid\u00e9 de faire un break impor\u00adtant pour se \u00ab\u202frecons\u00adtruire physi\u00adque\u00adment\u202f\u00bb pour un dernier baroud d\u2019hon\u00adneur. Entre temps, elle a un programme personnel charg\u00e9.<\/p>\n<p>\u00ab\u202f<strong>J\u2019ai d\u00fb pousser mon corps \u00e0 la limite, infil\u00adtra\u00adtions et tout le reste, pour jouer un dernier Roland\u2010Garros \u00e0 la maison. Et je ne le regrette pas une seconde. Maintenant, il est temps de revenir \u00e0 la case d\u00e9part\u00a0: laisser mon corps vrai\u00adment gu\u00e9rir et faire un bon bloc d\u2019en\u00adtra\u00ee\u00adne\u00adment. M\u00eame si cela me fait mal de manquer la saison sur gazon (o\u00f9 j\u2019ai remport\u00e9 certaines de mes plus grandes victoires \u2013 4 titres\u00a0!), je sais que c\u2019est la bonne d\u00e9ci\u00adsion. Je veux \u00eatre en bonne sant\u00e9 pour une derni\u00e8re pouss\u00e9e sur les courts en dur\u2026 et pr\u00eate pour un autre grand moment en dehors des courts\u00a0: les pr\u00e9pa\u00adra\u00adtifs du mariage commencent\u202f\u00bb<\/strong><\/p>\n<p class=\"post-published-date\" style=\"color: silver; font-size: 75%; text-align: left;\">Publi\u00e9 le mercredi 25 juin 2025 \u00e0 08:45<\/p>\n","protected":false},"excerpt":{"rendered":"Dans un message sur Instagram, Caroline Gar\u00e7ia s\u2019est exprim\u00e9e au sujet de son \u00ab\u202fforfait\u202f\u00bb pour les quali\u00adfi\u00adca\u00adtions de&hellip;\n","protected":false},"author":2,"featured_media":202760,"comment_status":"","ping_status":"","sticky":false,"template":"","format":"standard","meta":{"footnotes":""},"categories":[1415],"tags":[1011,27,8002,60,1467],"class_list":{"0":"post-202759","1":"post","2":"type-post","3":"status-publish","4":"format-standard","5":"has-post-thumbnail","7":"category-tennis","8":"tag-fr","9":"tag-france","10":"tag-garcia","11":"tag-sports","12":"tag-tennis"},"share_on_mastodon":{"url":"https:\/\/pubeurope.com\/@fr\/114743028136714199","error":""},"_links":{"self":[{"href":"https:\/\/www.europesays.com\/fr\/wp-json\/wp\/v2\/posts\/202759","targetHints":{"allow":["GET"]}}],"collection":[{"href":"https:\/\/www.europesays.com\/fr\/wp-json\/wp\/v2\/posts"}],"about":[{"href":"https:\/\/www.europesays.com\/fr\/wp-json\/wp\/v2\/types\/post"}],"author":[{"embeddable":true,"href":"https:\/\/www.europesays.com\/fr\/wp-json\/wp\/v2\/users\/2"}],"replies":[{"embeddable":true,"href":"https:\/\/www.europesays.com\/fr\/wp-json\/wp\/v2\/comments?post=202759"}],"version-history":[{"count":0,"href":"https:\/\/www.europesays.com\/fr\/wp-json\/wp\/v2\/posts\/202759\/revisions"}],"wp:featuredmedia":[{"embeddable":true,"href":"https:\/\/www.europesays.com\/fr\/wp-json\/wp\/v2\/media\/202760"}],"wp:attachment":[{"href":"https:\/\/www.europesays.com\/fr\/wp-json\/wp\/v2\/media?parent=202759"}],"wp:term":[{"taxonomy":"category","embeddable":true,"href":"https:\/\/www.europesays.com\/fr\/wp-json\/wp\/v2\/categories?post=202759"},{"taxonomy":"post_tag","embeddable":true,"href":"https:\/\/www.europesays.com\/fr\/wp-json\/wp\/v2\/tags?post=202759"}],"curies":[{"name":"wp","href":"https:\/\/api.w.org\/{rel}","templated":true}]}}