{"id":202768,"date":"2025-06-25T08:25:09","date_gmt":"2025-06-25T08:25:09","guid":{"rendered":"https:\/\/www.europesays.com\/fr\/202768\/"},"modified":"2025-06-25T08:25:09","modified_gmt":"2025-06-25T08:25:09","slug":"yann-barthes-rembarre-sa-propre-invitee-lui-impose-une-fin-de-non-recevoir-dans-quotidien","status":"publish","type":"post","link":"https:\/\/www.europesays.com\/fr\/202768\/","title":{"rendered":"Yann Barth\u00e8s rembarr\u00e9 : sa propre invit\u00e9e lui impose une fin de non-recevoir dans Quotidien"},"content":{"rendered":"<p>C\u2019est in\u00e9dit. Mercredi 14 mai, Delphine Ernotte a \u00e9t\u00e9 \u00e9lue pour<br \/>\nun troisi\u00e8me mandat \u00e0 la t\u00eate de France T\u00e9l\u00e9visions. C\u2019est la<br \/>\npremi\u00e8re fois qu\u2019une femme occupe ce poste, la premi\u00e8re fois<br \/>\nqu\u2019elle est r\u00e9\u00e9lue et la premi\u00e8re fois qu\u2019un directeur fait autant<br \/>\nde mandat.<\/p>\n<p>Mardi 24 juin, elle \u00e9tait invit\u00e9e sur le plateau de Quotidien.<br \/>\nL\u2019occasion pour elle de faire le point sur de nombreux sujets,<br \/>\ncomme <a href=\"https:\/\/www.closermag.fr\/tv_tele_realite\/rachida-dati-vs-patrick-cohen-la-patronne-de-france-tv-genee-en-direct-elle-louvoie-sur-ce-clash-violent-3558016\" rel=\"nofollow noopener\" target=\"_blank\"><br \/>\nl\u2019embrouille entre Patrick Cohen et Rachida Dati<\/a>, ou encore<br \/>\n<a href=\"https:\/\/www.closermag.fr\/people\/si-je-ne-mabuse-lea-salame-au-jt-de-france-2-taquinee-sur-france-inter-par-son-invite-elle-cache-bien-sa-gene-3557362\" rel=\"nofollow noopener\" target=\"_blank\"><br \/>\nla nomination de L\u00e9a Salam\u00e9 \u00e0 la t\u00eate du 20h.<\/a> Mais \u00e0 peine<br \/>\narriv\u00e9e dans le talk-show, l\u2019invit\u00e9e de Yann Barth\u00e8s lui a impos\u00e9<br \/>\nune fin de non-recevoir. La sc\u00e8ne est loin d\u2019\u00eatre pass\u00e9e<br \/>\ninaper\u00e7ue.<\/p>\n<p>Delphine Ernotte r\u00e9agit face \u00e0 Yann Barth\u00e8s sur Quotidien<\/p>\n<p>Ce soir-l\u00e0, Delphine Ernotte a re\u00e7u une accueil plut\u00f4t<br \/>\nchaleureux de la part du public et de Yann Barth\u00e8s : \u201cVous \u00eates<br \/>\nla grande patronne de France T\u00e9l\u00e9visions, on avait envie de vous<br \/>\nentendre car le service public est un tr\u00e9sor national et que ce<br \/>\ntr\u00e9sor il est de plus en plus attaqu\u00e9\u201d, commence l\u2019animateur,<br \/>\navant de lancer : \u201cVous \u00eates dans une \u00e9mission d\u00a0\u00bbune cha\u00eene<br \/>\npriv\u00e9e du groupe TF1. Je crois que c&rsquo;est votre tout premier<br \/>\ntalk-show aussi.\u201d Elle affirme que c\u2019est <strong>son premier<br \/>\nplateau<\/strong>, car par d\u00e9ontologie, elle ne peut pas se rendre<br \/>\nsur une cha\u00eene dont elle est la pr\u00e9sidente : \u201c<strong>Je ne<br \/>\npeux pas aller sur une cha\u00eene de service public<\/strong> par<br \/>\nd\u00e9ontologie. Vous imaginez un journaliste de service public qui<br \/>\ninterroge la patronne ? Donc <strong>heureusement que vous<br \/>\nm&rsquo;invitez<\/strong>\u201d.<\/p>\n<p>Yann Barth\u00e8s lui propose alors de faire le jingle de France<br \/>\nT\u00e9l\u00e9, celui o\u00f9 les animateurs et journalistes posent une main sur<br \/>\nl\u2019\u00e9cran, et qu\u2019une onde se produit. Il commence alors \u00e0 lui<br \/>\nexpliquer le processus : \u201cTout simple ! Si vous voulez que je<br \/>\nvous le montre\u2026\u201d, elle le coupe et explose de rire :<br \/>\n\u201c<strong>Non \u00e7a va, je le tiens le jingle<\/strong>\u201d. Et<br \/>\neffectivement, c\u2019est un sans faute.<\/p>\n<p>Nouveaux d\u00e9fis pour Delphine<br \/>\nErnotte<\/p>\n<p>Il faut dire que Delphine Ernotte conna\u00eet ce jingle par c\u0153ur,<br \/>\npuisqu\u2019elle est \u00e0 la t\u00eate de France T\u00e9l\u00e9visions depuis 2015. Depuis<br \/>\nson arriv\u00e9e, beaucoup de changements se sont op\u00e9r\u00e9s. Par exemple,<br \/>\nen 2021, elle s\u2019est engag\u00e9e \u00e0 ce que 30\u202f% des productions soient<br \/>\nr\u00e9alis\u00e9es par des femmes. Sur le plan de l\u2019information,<br \/>\ne<strong>lle a r\u00e9organis\u00e9 France\u202f3<\/strong> avec un maillage<br \/>\nterritorial renforc\u00e9, et en multipliant les \u00e9ditions locales C\u00f4t\u00e9<br \/>\nprogrammation, elle a beaucoup <strong>soutenu la cr\u00e9ation<br \/>\nfran\u00e7aise,<\/strong> notamment via France\u202f4.<\/p>\n<p>\u00c0 peine r\u00e9\u00e9lue, plusieurs d\u00e9fis la guettent. Sous pression des<br \/>\nfinances publiques, elle doit absorber une coupe de pr\u00e8s de 75<br \/>\nmillions d\u2019euros en 2025. Ensuite, elle doit d\u00e9fendre le service<br \/>\npublic, alors que la cr\u00e9ation potentielle d\u2019un <a href=\"https:\/\/www.closermag.fr\/people\/wtf\/meprisante-rabaissante-et-dure-rachida-dati-a-t-elle-totalement-perdu-ses-nerfs-a-lassemblee-3533930\" rel=\"nofollow noopener\" target=\"_blank\"><br \/>\nholding regroupant Radio France, Ina et France M\u00e9dias Monde,<\/a><br \/>\nsont aussi au centre des discussions.<\/p>\n","protected":false},"excerpt":{"rendered":"C\u2019est in\u00e9dit. Mercredi 14 mai, Delphine Ernotte a \u00e9t\u00e9 \u00e9lue pour un troisi\u00e8me mandat \u00e0 la t\u00eate de&hellip;\n","protected":false},"author":2,"featured_media":202769,"comment_status":"","ping_status":"","sticky":false,"template":"","format":"standard","meta":{"footnotes":""},"categories":[1359],"tags":[548,58,59,1011,27,973,1404,1405],"class_list":{"0":"post-202768","1":"post","2":"type-post","3":"status-publish","4":"format-standard","5":"has-post-thumbnail","7":"category-people","8":"tag-article-simple","9":"tag-divertissement","10":"tag-entertainment","11":"tag-fr","12":"tag-france","13":"tag-people","14":"tag-quotidien","15":"tag-yann-barthes"},"share_on_mastodon":{"url":"https:\/\/pubeurope.com\/@fr\/114743051827267795","error":""},"_links":{"self":[{"href":"https:\/\/www.europesays.com\/fr\/wp-json\/wp\/v2\/posts\/202768","targetHints":{"allow":["GET"]}}],"collection":[{"href":"https:\/\/www.europesays.com\/fr\/wp-json\/wp\/v2\/posts"}],"about":[{"href":"https:\/\/www.europesays.com\/fr\/wp-json\/wp\/v2\/types\/post"}],"author":[{"embeddable":true,"href":"https:\/\/www.europesays.com\/fr\/wp-json\/wp\/v2\/users\/2"}],"replies":[{"embeddable":true,"href":"https:\/\/www.europesays.com\/fr\/wp-json\/wp\/v2\/comments?post=202768"}],"version-history":[{"count":0,"href":"https:\/\/www.europesays.com\/fr\/wp-json\/wp\/v2\/posts\/202768\/revisions"}],"wp:featuredmedia":[{"embeddable":true,"href":"https:\/\/www.europesays.com\/fr\/wp-json\/wp\/v2\/media\/202769"}],"wp:attachment":[{"href":"https:\/\/www.europesays.com\/fr\/wp-json\/wp\/v2\/media?parent=202768"}],"wp:term":[{"taxonomy":"category","embeddable":true,"href":"https:\/\/www.europesays.com\/fr\/wp-json\/wp\/v2\/categories?post=202768"},{"taxonomy":"post_tag","embeddable":true,"href":"https:\/\/www.europesays.com\/fr\/wp-json\/wp\/v2\/tags?post=202768"}],"curies":[{"name":"wp","href":"https:\/\/api.w.org\/{rel}","templated":true}]}}