{"id":202770,"date":"2025-06-25T08:26:11","date_gmt":"2025-06-25T08:26:11","guid":{"rendered":"https:\/\/www.europesays.com\/fr\/202770\/"},"modified":"2025-06-25T08:26:11","modified_gmt":"2025-06-25T08:26:11","slug":"pierre-brana-donne-son-nom-au-centre-dart-contemporain-deysines","status":"publish","type":"post","link":"https:\/\/www.europesays.com\/fr\/202770\/","title":{"rendered":"Pierre Brana donne son nom au centre d\u2019art contemporain d\u2019Eysines"},"content":{"rendered":"<p>D\u00e9sormais, il faudra dire centre d\u2019art contemporain Pierre-Brana. En effet, le conseil municipal d\u2019Eysines a d\u00e9cid\u00e9 lundi 23\u00a0juin de donner le nom de l\u2019ancien maire de la commune, de 1977 \u00e0 2008, \u00e0 l\u2019\u00e9quipement culturel indissociable du <a href=\"https:\/\/www.eysines.fr\/infos-pratiques\/culture\/les-equipements-culturels\/le-centre-dart-contemporain-chateau-lescombes\/\" target=\"_blank\" rel=\"nofollow noopener\">ch\u00e2teau Lescombes<\/a>. \u00ab\u00a0\u00c9videmment, cette proposition est faite avec l\u2019assentiment de l\u2019int\u00e9ress\u00e9\u00a0\u00bb, a pr\u00e9cis\u00e9 Christine Bost, avant de rendre hommage \u00e0 son pr\u00e9d\u00e9cesseur.<\/p>\n<p>\u00ab\u00a0Nombre d\u2019entre nous sont attach\u00e9s \u00e0 son implication pour notre ville. L\u2019\u00e9ducation et la culture lui collent \u00e0 la peau. Ces sujets ont marqu\u00e9 l\u2019ensemble de ses mandats, avec une mention particuli\u00e8re pour ce centre d\u2019art contemporain qu\u2019il a cr\u00e9\u00e9 de toutes pi\u00e8ces et fait progresser gr\u00e2ce \u00e0 ses connaissances et \u00e0 son carnet d\u2019adresses.\u00a0\u00bb Du reste, <a href=\"https:\/\/www.sudouest.fr\/politique\/l-ancien-depute-girondin-pierre-brana-raconte-avec-michel-rocard-changer-la-vie-n-aurait-pas-ete-qu-un-slogan-19230103.php\" target=\"_blank\" rel=\"follow nofollow noopener\">l\u2019ancien d\u00e9put\u00e9-maire<\/a> assure toujours la fonction de commissaire des expositions.<\/p>\n<p>        <img decoding=\"async\" id=\"24975672\" src=\"https:\/\/www.europesays.com\/fr\/wp-content\/uploads\/2025\/06\/20250321-145756.jpg\" alt=\"Le centre d\u2019art contemporain occupe l\u2019espace du ch\u00e2teau Lescombes\" itemprop=\"contentURL\"\/><\/p>\n<p>    Le centre d\u2019art contemporain occupe l\u2019espace du ch\u00e2teau Lescombes<\/p>\n<p>O. D.<\/p>\n<p>    Un \u00ab expert \u00bb en mati\u00e8re d\u2019art<\/p>\n<p>Inaugur\u00e9 en 1995, ce lieu a c\u00e9l\u00e9br\u00e9 ses 30\u00a0ans en mars. Depuis sont ouverture, il a accueilli 170\u00a0artistes comme Mirande, Monory, Di Rosa ou Rancillac en quelque 120\u00a0expositions. \u00ab\u00a0Nous mettons un point d\u2019honneur \u00e0 continuer \u00e0 faire vivre ce lieu atypique sur le territoire m\u00e9tropolitain.\u00a0\u00bb Christine Bost a aussi rappel\u00e9 la gratuit\u00e9 et l\u2019ouverture des expositions ainsi que les actions de m\u00e9diation pour rendre l\u2019art accessible \u00e0 tous.<\/p>\n<p>\u00ab\u00a0C\u2019est une excellente id\u00e9e, a estim\u00e9 Arnaud Derumaux, \u00e9lu d\u2019opposition. M\u00eame si sur le plan de l\u2019engagement partisan, on n\u2019a pas toujours \u00e9t\u00e9 d\u2019accord, Pierre Brana est une figure tut\u00e9laire de notre commune.\u00a0\u00bb Et en mati\u00e8re d\u2019art, un \u00ab\u00a0expert avec cette facilit\u00e9 de parler de ces choses qu\u2019il ma\u00eetrise sans notes et avec beaucoup de p\u00e9dagogie \u00bb.<\/p>\n<p>La seule voix dissonante est venue de Nadine Sanguinet-Jimenez qui s\u2019est abstenue. Selon elle, l\u2019organisation d\u2019une consultation citoyenne, \u00e0 la mani\u00e8re de ce qui se fait \u00e0 Blanquefort, aurait permis aux Eysinais de s\u2019exprimer sur ce nom ou d\u2019en proposer d\u2019autres. \u00ab\u00a0Je me passerai de commentaires sur cette fausse note\u00a0\u00bb, s\u2019est retenue la maire, agac\u00e9e par ce d\u00e9faut d\u2019unanimit\u00e9 sur un sujet qui lui est cher. <\/p>\n","protected":false},"excerpt":{"rendered":"D\u00e9sormais, il faudra dire centre d\u2019art contemporain Pierre-Brana. En effet, le conseil municipal d\u2019Eysines a d\u00e9cid\u00e9 lundi 23\u00a0juin&hellip;\n","protected":false},"author":2,"featured_media":202771,"comment_status":"","ping_status":"","sticky":false,"template":"","format":"standard","meta":{"footnotes":""},"categories":[1358],"tags":[1348,1384,1385,1386,58,59,1011,27],"class_list":{"0":"post-202770","1":"post","2":"type-post","3":"status-publish","4":"format-standard","5":"has-post-thumbnail","7":"category-arts-et-design","8":"tag-arts","9":"tag-arts-and-design","10":"tag-arts-et-design","11":"tag-design","12":"tag-divertissement","13":"tag-entertainment","14":"tag-fr","15":"tag-france"},"share_on_mastodon":{"url":"https:\/\/pubeurope.com\/@fr\/114743055757179509","error":""},"_links":{"self":[{"href":"https:\/\/www.europesays.com\/fr\/wp-json\/wp\/v2\/posts\/202770","targetHints":{"allow":["GET"]}}],"collection":[{"href":"https:\/\/www.europesays.com\/fr\/wp-json\/wp\/v2\/posts"}],"about":[{"href":"https:\/\/www.europesays.com\/fr\/wp-json\/wp\/v2\/types\/post"}],"author":[{"embeddable":true,"href":"https:\/\/www.europesays.com\/fr\/wp-json\/wp\/v2\/users\/2"}],"replies":[{"embeddable":true,"href":"https:\/\/www.europesays.com\/fr\/wp-json\/wp\/v2\/comments?post=202770"}],"version-history":[{"count":0,"href":"https:\/\/www.europesays.com\/fr\/wp-json\/wp\/v2\/posts\/202770\/revisions"}],"wp:featuredmedia":[{"embeddable":true,"href":"https:\/\/www.europesays.com\/fr\/wp-json\/wp\/v2\/media\/202771"}],"wp:attachment":[{"href":"https:\/\/www.europesays.com\/fr\/wp-json\/wp\/v2\/media?parent=202770"}],"wp:term":[{"taxonomy":"category","embeddable":true,"href":"https:\/\/www.europesays.com\/fr\/wp-json\/wp\/v2\/categories?post=202770"},{"taxonomy":"post_tag","embeddable":true,"href":"https:\/\/www.europesays.com\/fr\/wp-json\/wp\/v2\/tags?post=202770"}],"curies":[{"name":"wp","href":"https:\/\/api.w.org\/{rel}","templated":true}]}}