{"id":202772,"date":"2025-06-25T08:27:11","date_gmt":"2025-06-25T08:27:11","guid":{"rendered":"https:\/\/www.europesays.com\/fr\/202772\/"},"modified":"2025-06-25T08:27:11","modified_gmt":"2025-06-25T08:27:11","slug":"livre-jeunesse-difficile-pour-un-enfant-dimaginer-que-ses-grands-parents-ont-ete-jeunes","status":"publish","type":"post","link":"https:\/\/www.europesays.com\/fr\/202772\/","title":{"rendered":"Livre jeunesse. Difficile pour un enfant d\u2019imaginer que ses grands-parents ont \u00e9t\u00e9 jeunes"},"content":{"rendered":"<p>Dans Mes vacances chez mes incroyables grands-parents, Daniela Sosa raconte l\u2019\u00e9t\u00e9 d\u2019un enfant qui s\u2019ennuie\u2026 jusqu\u2019\u00e0 ce qu\u2019il d\u00e9couvre une mallette remplie de photos. Il peine \u00e0 reconna\u00eetre les visages avant qu\u2019il ne se rende compte qu\u2019il s\u2019agit de <a target=\"_self\" href=\"https:\/\/www.lanouvellerepublique.fr\/deux-sevres\/serie-nr-tu-te-souviens-chez-mamie-rachel-entre-grands-parents-et-petits-enfants-une-relation-unique-2-5\" rel=\"noopener\">sa grand-m\u00e8re et de son grand-p\u00e8re<\/a> et de leurs super aventures de jeunesse.<\/p>\n<p class=\"interview\">Cette histoire de mallette, c\u2019est un souvenir personnel\u00a0?<\/p>\n<p>\u00ab\u00a0L\u2019id\u00e9e de ce livre m\u2019est venue il y a quelques ann\u00e9es, alors que je rendais visite \u00e0 mes parents et que je regardais de vieilles photos. J\u2019ai \u00e9t\u00e9 surprise de voir \u00e0 quel point ils \u00e9taient beaux\u00a0\u00e0 20 ou 30\u00a0ans\u00a0! M\u00eame chose pour mes grands-parents. Et j\u2019ai remarqu\u00e9 combien il \u00e9tait difficile, m\u00eame pour moi, adulte, de les imaginer jeunes, et encore plus pour des enfants.<\/p>\n<p>\u00ab\u00a0Je pense que l\u2019ennui est tr\u00e8s utile\u00a0\u00bb<\/p>\n<p>\u00ab\u00a0Je voulais cr\u00e9er cette histoire pour \u00e9veiller leur curiosit\u00e9 et encourager les enfants \u00e0 explorer et \u00e0 en apprendre davantage sur les personnes qui les entourent.\u00a0La plupart des photos du livre sont tir\u00e9es de vraies photos de ma famille. Mes parents ont un grenier que j\u2019adorais explorer, et il y avait des valises pleines de choses.\u00a0\u00bb<\/p>\n<p class=\"interview\">C\u2019est une histoire sans \u00e9cran&#8230;. <\/p>\n<p>    Cet article a \u00e9t\u00e9 tronqu\u00e9. Abonnez-vous pour lire l&rsquo;article complet sur notre site.<\/p>\n<p> \u00c9tait-ce une volont\u00e9 de montrer comment on pouvait aussi utiliser son imagination avec du concret\u00a0?<\/p>\n<p style=\"margin: 0 !important; padding: 0 !important; font-size: 12px !important;\">Cet article a \u00e9t\u00e9 tronqu\u00e9. Abonnez-vous pour lire l&rsquo;article complet.<\/p>\n<p>    <a href=\"https:\/\/www.lanouvellerepublique.fr\/abonnements\" style=\"display: inline-block; margin-top: 5px !important; padding: 6px 12px !important; background: #cb1c27; color: white; text-decoration: none; border-radius: 4px; font-size: 12px !important;\" target=\"_blank\" rel=\"noopener\"><br \/>\n      S&rsquo;abonner<br \/>\n    <\/a><\/p>\n","protected":false},"excerpt":{"rendered":"Dans Mes vacances chez mes incroyables grands-parents, Daniela Sosa raconte l\u2019\u00e9t\u00e9 d\u2019un enfant qui s\u2019ennuie\u2026 jusqu\u2019\u00e0 ce qu\u2019il&hellip;\n","protected":false},"author":2,"featured_media":202773,"comment_status":"","ping_status":"","sticky":false,"template":"","format":"standard","meta":{"footnotes":""},"categories":[1357],"tags":[328,1379,58,59,1011,27,329,6653,1380],"class_list":{"0":"post-202772","1":"post","2":"type-post","3":"status-publish","4":"format-standard","5":"has-post-thumbnail","7":"category-livres","8":"tag-a-la-une","9":"tag-books","10":"tag-divertissement","11":"tag-entertainment","12":"tag-fr","13":"tag-france","14":"tag-france-monde","15":"tag-jeune-public","16":"tag-livres"},"share_on_mastodon":{"url":"https:\/\/pubeurope.com\/@fr\/114743059705554974","error":""},"_links":{"self":[{"href":"https:\/\/www.europesays.com\/fr\/wp-json\/wp\/v2\/posts\/202772","targetHints":{"allow":["GET"]}}],"collection":[{"href":"https:\/\/www.europesays.com\/fr\/wp-json\/wp\/v2\/posts"}],"about":[{"href":"https:\/\/www.europesays.com\/fr\/wp-json\/wp\/v2\/types\/post"}],"author":[{"embeddable":true,"href":"https:\/\/www.europesays.com\/fr\/wp-json\/wp\/v2\/users\/2"}],"replies":[{"embeddable":true,"href":"https:\/\/www.europesays.com\/fr\/wp-json\/wp\/v2\/comments?post=202772"}],"version-history":[{"count":0,"href":"https:\/\/www.europesays.com\/fr\/wp-json\/wp\/v2\/posts\/202772\/revisions"}],"wp:featuredmedia":[{"embeddable":true,"href":"https:\/\/www.europesays.com\/fr\/wp-json\/wp\/v2\/media\/202773"}],"wp:attachment":[{"href":"https:\/\/www.europesays.com\/fr\/wp-json\/wp\/v2\/media?parent=202772"}],"wp:term":[{"taxonomy":"category","embeddable":true,"href":"https:\/\/www.europesays.com\/fr\/wp-json\/wp\/v2\/categories?post=202772"},{"taxonomy":"post_tag","embeddable":true,"href":"https:\/\/www.europesays.com\/fr\/wp-json\/wp\/v2\/tags?post=202772"}],"curies":[{"name":"wp","href":"https:\/\/api.w.org\/{rel}","templated":true}]}}