{"id":202778,"date":"2025-06-25T08:30:22","date_gmt":"2025-06-25T08:30:22","guid":{"rendered":"https:\/\/www.europesays.com\/fr\/202778\/"},"modified":"2025-06-25T08:30:22","modified_gmt":"2025-06-25T08:30:22","slug":"dans-le-grand-deplacement-jean-pascal-zadi-fary-et-leurs-amis-se-confinent-dans-lespace-et-cest-savoureux","status":"publish","type":"post","link":"https:\/\/www.europesays.com\/fr\/202778\/","title":{"rendered":"Dans \u00ab\u00a0Le Grand D\u00e9placement\u00a0\u00bb, Jean-Pascal Zadi, Fary, et leurs amis se confinent dans l\u2019espace, et c\u2019est savoureux"},"content":{"rendered":"\n<p> La lecture de ce contenu est susceptible d\u2019entra\u00eener un d\u00e9p\u00f4t de cookies de la part de l\u2019op\u00e9rateur tiers qui l\u2019h\u00e9berge. Compte-tenu des choix que vous avez exprim\u00e9s en mati\u00e8re de d\u00e9p\u00f4t de cookies, nous avons bloqu\u00e9 l\u2019affichage de ce contenu. Si vous souhaitez y acc\u00e9der, vous devez accepter la cat\u00e9gorie de cookies \u201cContenus tiers\u201d en cliquant sur le bouton ci-dessous. <\/p>\n<p> Lire la Vid\u00e9o              <\/p>\n<p class=\"asset asset-text\">CIN\u00c9MA &#8211; On prend les m\u00eames et on recommence. Dans la m\u00eame veine qu\u2019En place ou Tout simplement noir, <a href=\"https:\/\/www.huffingtonpost.fr\/culture\/article\/jean-pascal-zadi-et-raphael-quenard-incarnent-des-figures-du-basket-francais-dans-leur-prochain-film_250053.html\" target=\"_blank\" rel=\"noopener\">Jean-Pascal Zadi<\/a> a fait appel \u00e0 des acteurs qu\u2019il conna\u00eet bien pour son nouveau film. Dans <a href=\"https:\/\/www.huffingtonpost.fr\/culture\/article\/jean-pascal-zadi-s-envole-dans-l-espace-pour-parler-decolonisation-dans-son-prochain-film_248342.html\" target=\"_blank\" rel=\"noopener\">Le Grand D\u00e9placement<\/a>, qui sort au cin\u00e9ma ce mercredi 25\u00a0juin, l\u2019humour et les blagues entre personnages sont omnipr\u00e9sents. <strong>Et comme vous pouvez le voir dans notre vid\u00e9o en t\u00eate d\u2019article<\/strong>, c\u2019\u00e9tait aussi le cas entre les com\u00e9diens sur le tournage.<\/p>\n<p class=\"asset asset-text\">L\u2019agence spatiale panafricaine a r\u00e9uni ses meilleurs talents afin de mener la premi\u00e8re exp\u00e9dition spatiale africaine de l\u2019Histoire nomm\u00e9e \u00ab\u00a0Black Star Line\u00a0\u00bb. Pour cela, elle a construit un vaisseau et une station spatiale tr\u00e8s futuristes qui serviront \u00e0 atteindre l\u2019exoplan\u00e8te NARDAL, une potentielle seconde Terre, au cas o\u00f9 la n\u00f4tre devienne inhabitable. Et l\u2019agence a d\u00e9cid\u00e9 de faire appel aux meilleurs pour monter une \u00e9quipe d\u2019<a href=\"https:\/\/www.huffingtonpost.fr\/international\/article\/nom-logo-ce-que-l-on-sait-de-la-mission-de-sophie-adenot-la-future-astronaute-francaise-dans-l-iss_251619.html\" target=\"_blank\" rel=\"noopener\">astronautes<\/a> de choc.<\/p>\n<p class=\"asset asset-text\">Mais le probl\u00e8me est que le voyage jusqu\u2019\u00e0 NARDAL dure une ann\u00e9e et que le facteur le plus compliqu\u00e9 lors des longs voyages spatiaux, c\u2019est l\u2019humain. \u00ab\u00a0Ce qui fera le succ\u00e8s de la Black Star Line, c\u2019est la coh\u00e9sion\u00a0\u00bb, peut-on entendre dans la bande-annonce. Et c\u2019est justement cette coh\u00e9sion difficile \u00e0 construire qui va \u00eatre le ressort comique.<\/p>\n<p class=\"asset asset-text\"><strong>D\u00e9couvrez ci-dessous la bande-annonce\u00a0:<\/strong><\/p>\n<p> La lecture de ce contenu est susceptible d\u2019entra\u00eener un d\u00e9p\u00f4t de cookies de la part de l\u2019op\u00e9rateur tiers qui l\u2019h\u00e9berge. Compte-tenu des choix que vous avez exprim\u00e9s en mati\u00e8re de d\u00e9p\u00f4t de cookies, nous avons bloqu\u00e9 l\u2019affichage de ce contenu. Si vous souhaitez y acc\u00e9der, vous devez accepter la cat\u00e9gorie de cookies \u201cContenus tiers\u201d en cliquant sur le bouton ci-dessous. <\/p>\n<p> Lire la Vid\u00e9o              <\/p>\n<p class=\"asset asset-text\">Ce qui marque en premier lieu, c\u2019est le casting. Jean-Pascal Zadi s\u2019est entour\u00e9 de Fadily Camara, Fary, Claudia Tagbo, Jean-Claude Muaka ou encore \u00c9ric Judor qui pr\u00eate sa voix \u00e0 l\u2019ordinateur de bord. Des noms qu\u2019on peut retrouver dans ses deux autres projets pr\u00e9c\u00e9demment cit\u00e9s. \u00ab\u00a0Avant d\u2019\u00eatre mes amis, ce sont d\u00e9j\u00e0 des tr\u00e8s bons acteurs. Fary, il est incroyable. Fadily Camara, elle est vraiment ouf de talent, elle est hyper dou\u00e9e\u00a0\u00bb, explique le r\u00e9alisateur au HuffPost.<\/p>\n<p class=\"asset asset-text\">\u00ab\u00a0C\u2019est important pour moi, d\u00e9j\u00e0 d\u2019une part, d\u2019avoir des gens talentueux autour de moi. En fait, faire un film, c\u2019est tellement fatigant, c\u2019est tellement long, que je pr\u00e9f\u00e8re avoir des gens que je kiffe autour de moi et apr\u00e8s je fais rentrer au compte-goutte des gens\u00a0\u00bb, a-t-il ajout\u00e9 en rigolant. Cette proximit\u00e9 qu\u2019il partage avec ses com\u00e9diens leur permet aussi de lui faire des retours sinc\u00e8res. \u00ab\u00a0J\u2019ai besoin de \u00e7a\u00a0\u00bb, confie Jean-Pascal Zadi.<\/p>\n<p>    \u00ab\u00a0Le tournage pour moi, \u00e7a doit \u00eatre la f\u00eate\u00a0\u00bb    <\/p>\n<p class=\"asset asset-text\">Mais l\u2019\u00e9quipe s\u2019est agrandie avec ce film puisque Reda Kateb (Hippocrate, Django), Lous and the Yakuza (John Wick\u00a0: Chapitre 4), <a href=\"https:\/\/www.huffingtonpost.fr\/culture\/article\/dans-toutes-pour-une-seule-deborah-lukumuena-tire-son-epingle-du-jeu-de-ce-film-embarrassant_244930.html\" target=\"_blank\" rel=\"noopener\">D\u00e9borah Lukumuena<\/a> (Divines) et <a href=\"https:\/\/www.huffingtonpost.fr\/culture\/article\/ce-court-metrage-avec-omar-sy-sur-fond-de-dj-snake-vaut-le-coup-d-il-voila-pourquoi_250850.html\" target=\"_blank\" rel=\"noopener\">Alassane Diong<\/a> (Tirailleurs, La Fi\u00e8vre) rejoignent la bande. D\u00e9j\u00e0 proche de l\u2019humoriste Fary, la chanteuse belgo-congolaise a racont\u00e9 au HuffPost \u00e0 quel point \u00ab\u00a0c\u2019\u00e9tait facile de s\u2019int\u00e9grer\u00a0\u00bb m\u00eame s\u2019il y a \u00ab\u00a0beaucoup, beaucoup de vannes\u00a0\u00bb. \u00ab\u00a0Il faut avoir les nerfs solides. Parce que des nuits enti\u00e8res \u00e0 se faire clasher\u2026\u00a0\u00bb, pr\u00e9vient-elle sous le regard amus\u00e9 de son comp\u00e8re.<\/p>\n<p class=\"asset asset-text\">En tant que sc\u00e9nariste et r\u00e9alisateur, Jean-Pascal Zadi n\u2019avait pour autant pas de pression sur le plateau du Grand D\u00e9placement. \u00ab\u00a0Le tournage pour moi, \u00e7a doit \u00eatre la f\u00eate. \u00c9videmment, on travaille, il y a un texte, il y a des d\u00e9cors, il y a toute une \u00e9quipe. Mais moi j\u2019essaye de faire en sorte que le moment du tournage, ce soit aussi important que la postproduction. Et puis je ne me vois pas travailler autrement. Je ne me vois pas faire un tournage o\u00f9 on est s\u00e9rieux, on ne rigole pas (&#8230;). J\u2019essaye de toujours faire en sorte que le tournage soit un moment inoubliable\u00a0\u00bb, pr\u00e9cise-t-il.<\/p>\n<p class=\"asset asset-text\">\u00ab\u00a0Et pour le coup, c\u2019est inoubliable\u00a0\u00bb, rebondit imm\u00e9diatement Lous and the Yakuza. Avant d\u2019ajouter\u00a0: \u00ab\u00a0On ne fait que rire. Et on arrive \u00e0 travailler alors qu\u2019on ne fait que rire\u00a0\u00bb. D\u2019apr\u00e8s elle, tout cela a \u00e9t\u00e9 possible gr\u00e2ce au caract\u00e8re \u00ab\u00a0doux\u00a0\u00bb de son r\u00e9alisateur. \u00ab\u00a0Tu veux toujours unir tout le monde et mettre tout le monde ensemble\u00a0\u00bb, lui dit-elle. Si les diff\u00e9rents th\u00e8mes du film, que ce soit le f\u00e9minisme, la d\u00e9colonisation ou encore l\u2019\u00e9cologie, sont par moments un peu poussifs, le collectif cr\u00e9\u00e9 par Jean-Pascal Zadi est une franche r\u00e9ussite.<\/p>\n","protected":false},"excerpt":{"rendered":"La lecture de ce contenu est susceptible d\u2019entra\u00eener un d\u00e9p\u00f4t de cookies de la part de l\u2019op\u00e9rateur tiers&hellip;\n","protected":false},"author":2,"featured_media":202779,"comment_status":"","ping_status":"","sticky":false,"template":"","format":"standard","meta":{"footnotes":""},"categories":[1354],"tags":[650,4228,251,58,59,386,1346,1011,27,1360,2532],"class_list":{"0":"post-202778","1":"post","2":"type-post","3":"status-publish","4":"format-standard","5":"has-post-thumbnail","7":"category-films","8":"tag-cinema","9":"tag-comedie","10":"tag-culture","11":"tag-divertissement","12":"tag-entertainment","13":"tag-espace","14":"tag-films","15":"tag-fr","16":"tag-france","17":"tag-movies","18":"tag-nos-videos"},"share_on_mastodon":{"url":"https:\/\/pubeurope.com\/@fr\/114743071430976279","error":""},"_links":{"self":[{"href":"https:\/\/www.europesays.com\/fr\/wp-json\/wp\/v2\/posts\/202778","targetHints":{"allow":["GET"]}}],"collection":[{"href":"https:\/\/www.europesays.com\/fr\/wp-json\/wp\/v2\/posts"}],"about":[{"href":"https:\/\/www.europesays.com\/fr\/wp-json\/wp\/v2\/types\/post"}],"author":[{"embeddable":true,"href":"https:\/\/www.europesays.com\/fr\/wp-json\/wp\/v2\/users\/2"}],"replies":[{"embeddable":true,"href":"https:\/\/www.europesays.com\/fr\/wp-json\/wp\/v2\/comments?post=202778"}],"version-history":[{"count":0,"href":"https:\/\/www.europesays.com\/fr\/wp-json\/wp\/v2\/posts\/202778\/revisions"}],"wp:featuredmedia":[{"embeddable":true,"href":"https:\/\/www.europesays.com\/fr\/wp-json\/wp\/v2\/media\/202779"}],"wp:attachment":[{"href":"https:\/\/www.europesays.com\/fr\/wp-json\/wp\/v2\/media?parent=202778"}],"wp:term":[{"taxonomy":"category","embeddable":true,"href":"https:\/\/www.europesays.com\/fr\/wp-json\/wp\/v2\/categories?post=202778"},{"taxonomy":"post_tag","embeddable":true,"href":"https:\/\/www.europesays.com\/fr\/wp-json\/wp\/v2\/tags?post=202778"}],"curies":[{"name":"wp","href":"https:\/\/api.w.org\/{rel}","templated":true}]}}