{"id":20278,"date":"2025-04-12T18:18:23","date_gmt":"2025-04-12T18:18:23","guid":{"rendered":"https:\/\/www.europesays.com\/fr\/20278\/"},"modified":"2025-04-12T18:18:23","modified_gmt":"2025-04-12T18:18:23","slug":"l214-manifeste-devant-ce-e-leclerc-pres-de-nantes","status":"publish","type":"post","link":"https:\/\/www.europesays.com\/fr\/20278\/","title":{"rendered":"L214 manifeste devant ce E.Leclerc pr\u00e8s de Nantes"},"content":{"rendered":"<p>            Par<br \/>\n        <strong><br \/>\n            <a href=\"https:\/\/actu.fr\/auteur\/laure-gentil\" title=\"Consulter tous les articles de Laure Gentil\" target=\"_blank\" rel=\"noopener\">Laure Gentil<\/a><br \/>\n        <\/strong><\/p>\n<p>        Publi\u00e9 le<\/p>\n<p>            12 avr. 2025 \u00e0 12h35        <\/p>\n<p>L\u2019association de d\u00e9fense des animaux <strong>L214<\/strong> continue de se mobiliser. En mars, L214 avait publi\u00e9 une enqu\u00eate sur huit \u00e9levages de cochons, fournisseurs des <strong>supermarch\u00e9s E. Leclerc<\/strong>, d\u00e9non\u00e7ant les pratiques de ces \u00e9levages.<\/p>\n<p class=\" wall-content\">Ce samedi 12\u00a0avril, L214 a d\u00e9cid\u00e9 d\u2019organiser une trentaine de mobilisations devant\u00a0des magasins E.Leclerc, partout en France, notamment \u00e0 <a href=\"https:\/\/actu.fr\/bretagne\/rennes_35238\/elevages-de-porcs-en-bretagne-l214-prepare-une-action-coup-de-poing-contre-ce-supermarche-de-rennes_62502937.html\" target=\"_blank\" rel=\"noopener\">Rennes\u00a0<\/a>mais aussi dans la m\u00e9tropole de Nantes, \u00e0 Orvault,<strong> \u00e0 partir de 15\u2009h.<\/strong><\/p>\n<p>\u00ab\u2009Qui est le moins cher\u2009?\u2009\u00bb<\/p>\n<p class=\" wall-content\">Ces manifestations \u00ab\u2009visent \u00e0 informer les clients des pratiques des \u00e9levages de cochons fournissant E.Leclerc et interpeller l\u2019enseigne sur l\u2019abandon des pratiques les plus cruelles\u2009\u00bb, indique l\u2019antenne nantaise de L214. Pour cela \u00ab\u2009un dispositif in\u00e9dit\u2009\u00bb est d\u00e9ploy\u00e9.<\/p>\n<p class=\" wall-content\">Les b\u00e9n\u00e9voles seront<strong> munis de banderoles<\/strong> qui \u00ab\u2009d\u00e9tournent le c\u00e9l\u00e8bre slogan de la marque \u2018Qui est le moins cher\u2009?\u2019 en \u2018Qui est le moins clair sur les conditions de vie des cochons\u2009?\u2019\u2009\u00bb.<\/p>\n<blockquote class=\"ac-article-quote wall-content\">\n<p>Pour illustrer ce manque de transparence, les b\u00e9n\u00e9voles utiliseront des vitrophanies et des stickers volontairement pix\u00e9lis\u00e9s afin de dissimuler les vitrines des espaces boucherie et les produits Marque Rep\u00e8re \u00e0 base de viande de cochons.<\/p>\n<p>    <strong>L214<\/strong>\n            <\/p><\/blockquote>\n<p>Vid\u00e9os : en ce moment sur Actu<\/p>\n<p class=\" wall-content\">Une<strong> lettre g\u00e9ante<\/strong>, \u00ab\u2009sign\u00e9e par les clients souhaitant soutenir l\u2019initiative\u2009\u00bb, doit aussi \u00eatre remise \u00e0 l\u2019accueil des magasins \u00ab\u2009pour appuyer la demande d\u2019engagements fermes de la part de E. Leclerc\u2009\u00bb.<\/p>\n<p class=\" wall-content\">Suivez toute l\u2019actualit\u00e9 de vos villes et m\u00e9dias favoris en vous inscrivant \u00e0 <a href=\"https:\/\/moncompte.actu.fr\" title=\"D\u00e9couvez Mon Actu\" rel=\"nofollow noopener\" data-trk=\"{&quot;cta&quot;:{&quot;action&quot;:&quot;https:\\\/\\\/moncompte.actu.fr&quot;,&quot;category&quot;:&quot;mon compte&quot;,&quot;from&quot;:&quot;article footer&quot;,&quot;name&quot;:&quot;Mon actu&quot;,&quot;type&quot;:&quot;cta&quot;}}\" target=\"_blank\">Mon Actu<\/a>.<\/p>\n","protected":false},"excerpt":{"rendered":"Par Laure Gentil Publi\u00e9 le 12 avr. 2025 \u00e0 12h35 L\u2019association de d\u00e9fense des animaux L214 continue de&hellip;\n","protected":false},"author":2,"featured_media":16531,"comment_status":"","ping_status":"","sticky":false,"template":"","format":"standard","meta":{"footnotes":""},"categories":[2818],"tags":[1111,11,258,1777,674,1011,27,7755,6795,1272,766,12,2636,52,25],"class_list":{"0":"post-20278","1":"post","2":"type-post","3":"status-publish","4":"format-standard","5":"has-post-thumbnail","7":"category-nantes","8":"tag-actu","9":"tag-actualites","10":"tag-alimentation","11":"tag-eu","12":"tag-europe","13":"tag-fr","14":"tag-france","15":"tag-leclerc","16":"tag-maltraitance-animale","17":"tag-manifestations","18":"tag-nantes","19":"tag-news","20":"tag-pays-de-la-loire","21":"tag-planete","22":"tag-republique-francaise"},"share_on_mastodon":{"url":"https:\/\/pubeurope.com\/@fr\/114326372596469828","error":""},"_links":{"self":[{"href":"https:\/\/www.europesays.com\/fr\/wp-json\/wp\/v2\/posts\/20278","targetHints":{"allow":["GET"]}}],"collection":[{"href":"https:\/\/www.europesays.com\/fr\/wp-json\/wp\/v2\/posts"}],"about":[{"href":"https:\/\/www.europesays.com\/fr\/wp-json\/wp\/v2\/types\/post"}],"author":[{"embeddable":true,"href":"https:\/\/www.europesays.com\/fr\/wp-json\/wp\/v2\/users\/2"}],"replies":[{"embeddable":true,"href":"https:\/\/www.europesays.com\/fr\/wp-json\/wp\/v2\/comments?post=20278"}],"version-history":[{"count":0,"href":"https:\/\/www.europesays.com\/fr\/wp-json\/wp\/v2\/posts\/20278\/revisions"}],"wp:featuredmedia":[{"embeddable":true,"href":"https:\/\/www.europesays.com\/fr\/wp-json\/wp\/v2\/media\/16531"}],"wp:attachment":[{"href":"https:\/\/www.europesays.com\/fr\/wp-json\/wp\/v2\/media?parent=20278"}],"wp:term":[{"taxonomy":"category","embeddable":true,"href":"https:\/\/www.europesays.com\/fr\/wp-json\/wp\/v2\/categories?post=20278"},{"taxonomy":"post_tag","embeddable":true,"href":"https:\/\/www.europesays.com\/fr\/wp-json\/wp\/v2\/tags?post=20278"}],"curies":[{"name":"wp","href":"https:\/\/api.w.org\/{rel}","templated":true}]}}