{"id":202786,"date":"2025-06-25T08:34:09","date_gmt":"2025-06-25T08:34:09","guid":{"rendered":"https:\/\/www.europesays.com\/fr\/202786\/"},"modified":"2025-06-25T08:34:09","modified_gmt":"2025-06-25T08:34:09","slug":"voici-toutes-les-nouveautes-auxquelles-vous-avez-droit","status":"publish","type":"post","link":"https:\/\/www.europesays.com\/fr\/202786\/","title":{"rendered":"voici toutes les nouveaut\u00e9s auxquelles vous avez droit"},"content":{"rendered":"<p>iOS 26 ajoute quelques fonctionnalit\u00e9s \u00e0 votre iPhone avec sa b\u00eata 2, voici les petites nouveaut\u00e9s auxquelles vous avez droit.<\/p>\n<p><img fetchpriority=\"high\" decoding=\"async\" width=\"1200\" height=\"675\" src=\"https:\/\/www.europesays.com\/fr\/wp-content\/uploads\/2025\/06\/ios-26-beta-2.jpg\" alt=\"beta 2 ios 26\" class=\"wp-image-902065\"  \/><\/p>\n<p>Apple a publi\u00e9 aujourd\u2019hui la deuxi\u00e8me version b\u00eata de ses prochaines mises \u00e0 jour iOS 26 et iPadOS 26 pour les d\u00e9veloppeurs \u00e0 des fins de test. Les d\u00e9veloppeurs enregistr\u00e9s peuvent d\u00e9sormais t\u00e9l\u00e9charger la nouvelle version sur leur iPhone ou iPad gratuitement. La soci\u00e9t\u00e9 a \u00e9galement publi\u00e9 la b\u00eata 2 de macOS Tahoe 26 pour les d\u00e9veloppeurs.<\/p>\n<p>Comme mentionn\u00e9, la deuxi\u00e8me <a href=\"https:\/\/www.tomshardware.fr\/ios-26-apple-regle-enfin-ce-souci-concernant-les-appels-telephoniques-en-voiture\/\" rel=\"nofollow noopener\" target=\"_blank\">b\u00eata pour d\u00e9veloppeurs d\u2019iOS 26<\/a> et d\u2019iPadOS 26 peut \u00eatre t\u00e9l\u00e9charg\u00e9e sur les mod\u00e8les compatibles via l\u2019application Param\u00e8tres sur votre iPhone et iPad. Notez que les nouvelles versions b\u00eata ne seront disponibles qu\u2019apr\u00e8s avoir li\u00e9 votre identifiant Apple \u00e0 votre compte d\u00e9veloppeur, sinon, les versions n\u2019appara\u00eetront pas dans l\u2019application Param\u00e8tres. Une fois tout configur\u00e9, il vous suffit de lancer l\u2019application Param\u00e8tres et de vous rendre dans G\u00e9n\u00e9ral &gt; Mise \u00e0 jour logicielle &gt; Mise \u00e0 jour b\u00eata &gt; puis de t\u00e9l\u00e9charger et d\u2019installer la derni\u00e8re b\u00eata disponible.<\/p>\n<p>iOS 26 est une mise \u00e0 jour majeure pr\u00e9sentant la refonte graphique la plus importante d\u2019Apple depuis iOS 7. Il introduit un nouveau design appel\u00e9 Liquid Glass, refl\u00e9tant les appareils que la soci\u00e9t\u00e9 pr\u00e9voit de lancer \u00e0 l\u2019avenir, y compris des appareils pliables et son iPhone pour le 20\u00e8me anniversaire, qui aura un design tout \u00e9cran. Il apporte \u00e9galement un certain nombre de fonctionnalit\u00e9s et de mises \u00e0 niveau suppl\u00e9mentaires.<\/p>\n<p>iPadOS 26 est \u00e9galement une mise \u00e0 jour majeure, transformant l\u2019iPad en un ordinateur \u00e0 part enti\u00e8re. Apple a toujours commercialis\u00e9 l\u2019iPad comme un appareil pouvant remplacer un ordinateur, et iPadOS 26 est la mise \u00e0 jour qui concr\u00e9tise cette id\u00e9e. Il offre un multit\u00e2che am\u00e9lior\u00e9 et un support \u00e9tendu des fen\u00eatres, similaire au Mac, et les similitudes avec macOS sont plus nombreuses que jamais.<\/p>\n<p>En plus d\u2019iPadOS 26 et d\u2019iOS 26, Apple a \u00e9galement publi\u00e9 <a href=\"https:\/\/www.tomshardware.fr\/macos-26-dapple-ne-sera-pas-compatible-avec-ces-modeles-de-macbook-pro\/\" rel=\"nofollow noopener\" target=\"_blank\">macOS Tahoe 26<\/a> pour les d\u00e9veloppeurs \u00e0 des fins de test. La derni\u00e8re b\u00eata peut \u00eatre install\u00e9e sur les mod\u00e8les de Mac compatibles via le m\u00e9canisme de mise \u00e0 jour logicielle dans les param\u00e8tres du syst\u00e8me. La mise \u00e0 jour pr\u00e9sente la m\u00eame interface Liquid Glass que le reste des versions, car la soci\u00e9t\u00e9 a unifi\u00e9 son approche de conception sur toute la gamme de produits. La mise \u00e0 jour comprend \u00e9galement un certain nombre d\u2019utilitaires suppl\u00e9mentaires pour une exp\u00e9rience utilisateur optimis\u00e9e. Plus de d\u00e9tails sur les mises \u00e0 jour seront partag\u00e9s prochainement.<\/p>\n","protected":false},"excerpt":{"rendered":"iOS 26 ajoute quelques fonctionnalit\u00e9s \u00e0 votre iPhone avec sa b\u00eata 2, voici les petites nouveaut\u00e9s auxquelles vous&hellip;\n","protected":false},"author":2,"featured_media":202787,"comment_status":"","ping_status":"","sticky":false,"template":"","format":"standard","meta":{"footnotes":""},"categories":[7],"tags":[1011,27,43,40,41,39,42,44],"class_list":{"0":"post-202786","1":"post","2":"type-post","3":"status-publish","4":"format-standard","5":"has-post-thumbnail","7":"category-sciences-et-technologies","8":"tag-fr","9":"tag-france","10":"tag-science","11":"tag-science-and-technology","12":"tag-sciences","13":"tag-sciences-et-technologies","14":"tag-technologies","15":"tag-technology"},"share_on_mastodon":{"url":"https:\/\/pubeurope.com\/@fr\/114743087281446455","error":""},"_links":{"self":[{"href":"https:\/\/www.europesays.com\/fr\/wp-json\/wp\/v2\/posts\/202786","targetHints":{"allow":["GET"]}}],"collection":[{"href":"https:\/\/www.europesays.com\/fr\/wp-json\/wp\/v2\/posts"}],"about":[{"href":"https:\/\/www.europesays.com\/fr\/wp-json\/wp\/v2\/types\/post"}],"author":[{"embeddable":true,"href":"https:\/\/www.europesays.com\/fr\/wp-json\/wp\/v2\/users\/2"}],"replies":[{"embeddable":true,"href":"https:\/\/www.europesays.com\/fr\/wp-json\/wp\/v2\/comments?post=202786"}],"version-history":[{"count":0,"href":"https:\/\/www.europesays.com\/fr\/wp-json\/wp\/v2\/posts\/202786\/revisions"}],"wp:featuredmedia":[{"embeddable":true,"href":"https:\/\/www.europesays.com\/fr\/wp-json\/wp\/v2\/media\/202787"}],"wp:attachment":[{"href":"https:\/\/www.europesays.com\/fr\/wp-json\/wp\/v2\/media?parent=202786"}],"wp:term":[{"taxonomy":"category","embeddable":true,"href":"https:\/\/www.europesays.com\/fr\/wp-json\/wp\/v2\/categories?post=202786"},{"taxonomy":"post_tag","embeddable":true,"href":"https:\/\/www.europesays.com\/fr\/wp-json\/wp\/v2\/tags?post=202786"}],"curies":[{"name":"wp","href":"https:\/\/api.w.org\/{rel}","templated":true}]}}