{"id":202790,"date":"2025-06-25T08:36:14","date_gmt":"2025-06-25T08:36:14","guid":{"rendered":"https:\/\/www.europesays.com\/fr\/202790\/"},"modified":"2025-06-25T08:36:14","modified_gmt":"2025-06-25T08:36:14","slug":"brigitte-macron-fait-sensation-cette-robe-dentelle-blanche-qui-fait-beaucoup-parler","status":"publish","type":"post","link":"https:\/\/www.europesays.com\/fr\/202790\/","title":{"rendered":"Brigitte Macron fait sensation\u00a0: cette robe dentelle blanche qui fait beaucoup parler"},"content":{"rendered":"<p>C&rsquo;est <strong>une journ\u00e9e importante <\/strong>qui s&rsquo;annonce pour Emmanuel Macron. Ce 25\u00a0juin, il doit participer au <strong>Sommet de l&rsquo;OTAN \u00e0 La\u00a0Haye<\/strong>. <a href=\"https:\/\/www.public.fr\/cest-nul-emmanuel-macron-etrille-hugo-clement-en-pleine-interview-sur-france-2\" target=\"_blank\" rel=\"noopener\">Le chef de l\u2019\u00c9tat<\/a> qui hier encore se trouvait avec son \u00e9pouse \u00e0 1\u00a0300 kilom\u00e8tres de l\u00e0. En effet, lui et sa femme Brigitte ont pass\u00e9 <strong>deux jours en Norv\u00e8ge<\/strong> pour une <strong>visite tant officielle qu&rsquo;historique<\/strong>. Et pour cause\u2026 La derni\u00e8re fois qu&rsquo;un <a href=\"https:\/\/www.public.fr\/emmanuel-macron-sa-statue-derobee-au-musee-grevin-vianney-se-saisit-de-laffaire\" target=\"_blank\" rel=\"noopener\">pr\u00e9sident fran\u00e7ais<\/a> s&rsquo;est rendu \u00e0 Oslo c&rsquo;\u00e9tait <strong>en 1984\u00a0<\/strong>! \u00c0 l&rsquo;\u00e9poque, c&rsquo;est <strong><a href=\"https:\/\/www.public.fr\/dalida-et-francois-mitterrand-urgent-la-revelation-inattendue-de-son-frere-orlando\" target=\"_blank\" rel=\"noopener\">Fran\u00e7ois Mitterrand<\/a> et son \u00e9pouse<\/strong> Danielle qui avaient fait le d\u00e9placement.<\/p>\n<p>Du coup, apr\u00e8s avoir attendu tant d&rsquo;ann\u00e9es, les Norv\u00e9giens ont <strong>mis le paquet<\/strong>. Ainsi, en 48\u00a0heures, <a href=\"https:\/\/www.public.fr\/on-en-creve-de-ca-brigitte-gifle-emmanuel-macron-a-la-sortie-de-lavion-eric-dupond-moretti-reagit-a-son-tour\" target=\"_blank\" rel=\"noopener\">le locataire de l\u2019\u00c9lys\u00e9e <\/a>et Brigitte Macron n&rsquo;ont pas ch\u00f4m\u00e9\u00a0: rendez-vous avec des entreprises locales, conf\u00e9rence de presse, visite guid\u00e9e du Mus\u00e9e national, etc. Une <strong>visite qui s&rsquo;est achev\u00e9e ce 24\u00a0juin<\/strong> par un <strong>d\u00eener fastueux<\/strong>. Il a \u00e9t\u00e9 organis\u00e9 par le roi Harald V et la reine Sonja au palais royal d\u2019Oslo. Selon les informations de nos confr\u00e8res d&rsquo;Histoires Royales, <strong>seules 72 personnes ont \u00e9t\u00e9 convi\u00e9es<\/strong> \u00e0 ce rendez-vous.<\/p>\n<p>En plus du roi et de la reine, <a href=\"https:\/\/www.public.fr\/brigitte-gifle-emmanuel-macron-donald-trump-reagit-pour-la-premiere-fois-et-donne-des-nouvelles-du-couple\" target=\"_blank\" rel=\"noopener\">la Premi\u00e8re dame et son \u00e9poux<\/a> ont pu partager leur table avec <strong>le prince h\u00e9ritier Haakon<\/strong>, <strong>la princesse h\u00e9riti\u00e8re Mette-Marit<\/strong> et leur fille, la princesse Ingrid Alexandra. Au menu notamment\u00a0: <strong>un tartare de truite fum\u00e9e, du fl\u00e9tan<\/strong> accompagn\u00e9 de fleurs de courges, de champignons et, <strong>en guise de dessert<\/strong>, un met compos\u00e9 de <strong>prunes et d&rsquo;une cr\u00e8me glac\u00e9e<\/strong>. Pour l&rsquo;occasion, <strong>tous les convives se sont <\/strong>bien s\u00fbr <strong>mis sur leur 31<\/strong>. D&rsquo;ailleurs, comme \u00e0 chacune de ses sorties, <a href=\"https:\/\/www.public.fr\/brigitte-macron-sans-son-epoux-sortie-remarquee-de-la-premiere-dame-au-concert-dindochine-au-cote-dun-chroniqueur-de-tpmp\" target=\"_blank\" rel=\"noopener\">l&rsquo;ex professeure de Fran\u00e7ais <\/a>a fait sensation.<\/p>\n<p>Brigitte Macron\u00a0: la Premi\u00e8re Dame opte pour un total look blanc<\/p>\n<p>Les tenues de <a href=\"https:\/\/www.google.com\/url?sa=t&amp;source=web&amp;rct=j&amp;opi=89978449&amp;url=https:\/\/vsd.fr\/82494-emmanuel-et-brigitte-macron-obliges-de-se-separer-pas-de-premiere-dame-au-g7\/&amp;ved=2ahUKEwjU5paJ64uOAxX2caQEHUKKO_UQFnoECCAQAQ&amp;usg=AOvVaw09d0PplxsMXb7dZVEEYY9S\" target=\"_blank\" rel=\"noopener\">la native d&rsquo;Amiens<\/a> sont \u00e0 chaque fois <strong>scrut\u00e9es de pr\u00e8s<\/strong>. Il faut dire que <a href=\"https:\/\/www.google.com\/url?sa=t&amp;source=web&amp;rct=j&amp;opi=89978449&amp;url=https:\/\/vsd.fr\/71626-star-academy-pourquoi-brigitte-macron-a-t-elle-rendu-visite-aux-eleves\/&amp;ved=2ahUKEwjU5paJ64uOAxX2caQEHUKKO_UQFnoECCEQAQ&amp;usg=AOvVaw0CgTvlTRKcKO-h_C_tFn79\" target=\"_blank\" rel=\"noopener\">la sublime Premi\u00e8re dame de France<\/a> \u00e2g\u00e9e de 72 ans <strong>semble avoir vingt ans de moins<\/strong> et affiche une ligne incroyable. Ainsi, cette derni\u00e8re peut tout se permettre. Ce 24\u00a0juin, au Palais d&rsquo;Oslo, Brigitte Macron est ainsi apparue dans une <strong>longue robe blanche <\/strong>sign\u00e9e <a href=\"https:\/\/www.google.com\/url?sa=t&amp;source=web&amp;rct=j&amp;opi=89978449&amp;url=https:\/\/vsd.fr\/51120-louis-vuitton-de-la-malle-au-palace-nouvelle-aventure-sur-les-champs-elysees\/&amp;ved=2ahUKEwjNl4mq64uOAxXFSKQEHd20E_YQFnoECBgQAQ&amp;usg=AOvVaw0K5oQLWdzcwLYF66kpAWY4\" target=\"_blank\" rel=\"noopener\">Louis Vuitton <\/a>par Nicolas Ghesqui\u00e8re. Le charme \u00e0 la fran\u00e7aise \u00e0 son paroxysme.<\/p>\n<p>Une robe qui a \u00e9t\u00e9 imagin\u00e9e autour d\u2019un <strong>bustier \u00e0 manches longues en dentelle brod\u00e9 de perles dor\u00e9es.<\/strong> Pour l&rsquo;occasion, <a href=\"https:\/\/www.google.com\/url?sa=t&amp;source=web&amp;rct=j&amp;opi=89978449&amp;url=https:\/\/vsd.fr\/83166-tiphaine-auziere-saffiche-avec-cyril-hanouna-brigitte-macron-elle-ose-la-tenue-transparente-en-visite-officielle-en-norvege\/&amp;ved=2ahUKEwi_tNrx64uOAxUsSaQEHSLhEJ0QFnoECBgQAQ&amp;usg=AOvVaw05oEorq2_EIowQWhGHQ4ne\" target=\"_blank\" rel=\"noopener\">la m\u00e8re de trois enfants<\/a> a accessoiris\u00e9 sa tenue de <strong>boucles d\u2019oreilles scintillantes<\/strong>, d\u2019une <strong>pochette beige<\/strong> orn\u00e9e d\u2019un fermoir \u00e0 strass et d\u2019<strong>escarpins <\/strong>satin\u00e9s blancs. Pour la coiffure, afin de mettre en avant cette sublime cr\u00e9ation, Brigitte Macron a opt\u00e9 pour <strong>son traditionnel chignon<\/strong>. <strong>Un sans-faute <\/strong>qui a sans nul doute fait chavirer les Norv\u00e9giens.<\/p>\n<p>      Mentionn\u00e9s dans cet article<\/p>\n<p>\u00c0 lire aussi<\/p>\n","protected":false},"excerpt":{"rendered":"C&rsquo;est une journ\u00e9e importante qui s&rsquo;annonce pour Emmanuel Macron. Ce 25\u00a0juin, il doit participer au Sommet de l&rsquo;OTAN&hellip;\n","protected":false},"author":2,"featured_media":202791,"comment_status":"","ping_status":"","sticky":false,"template":"","format":"standard","meta":{"footnotes":""},"categories":[5],"tags":[11,986,20070,1073,16309,1011,27,14,16751,3797,12,673,16909,8147,987,28],"class_list":{"0":"post-202790","1":"post","2":"type-post","3":"status-publish","4":"format-standard","5":"has-post-thumbnail","7":"category-international","8":"tag-actualites","9":"tag-brigitte-macron","10":"tag-diner","11":"tag-emmanuel-macron","12":"tag-etat","13":"tag-fr","14":"tag-france","15":"tag-international","16":"tag-look","17":"tag-louis-vuitton","18":"tag-news","19":"tag-norvege","20":"tag-oslo","21":"tag-palais-de-lelysee","22":"tag-robe","23":"tag-world"},"share_on_mastodon":{"url":"https:\/\/pubeurope.com\/@fr\/114743094979506734","error":""},"_links":{"self":[{"href":"https:\/\/www.europesays.com\/fr\/wp-json\/wp\/v2\/posts\/202790","targetHints":{"allow":["GET"]}}],"collection":[{"href":"https:\/\/www.europesays.com\/fr\/wp-json\/wp\/v2\/posts"}],"about":[{"href":"https:\/\/www.europesays.com\/fr\/wp-json\/wp\/v2\/types\/post"}],"author":[{"embeddable":true,"href":"https:\/\/www.europesays.com\/fr\/wp-json\/wp\/v2\/users\/2"}],"replies":[{"embeddable":true,"href":"https:\/\/www.europesays.com\/fr\/wp-json\/wp\/v2\/comments?post=202790"}],"version-history":[{"count":0,"href":"https:\/\/www.europesays.com\/fr\/wp-json\/wp\/v2\/posts\/202790\/revisions"}],"wp:featuredmedia":[{"embeddable":true,"href":"https:\/\/www.europesays.com\/fr\/wp-json\/wp\/v2\/media\/202791"}],"wp:attachment":[{"href":"https:\/\/www.europesays.com\/fr\/wp-json\/wp\/v2\/media?parent=202790"}],"wp:term":[{"taxonomy":"category","embeddable":true,"href":"https:\/\/www.europesays.com\/fr\/wp-json\/wp\/v2\/categories?post=202790"},{"taxonomy":"post_tag","embeddable":true,"href":"https:\/\/www.europesays.com\/fr\/wp-json\/wp\/v2\/tags?post=202790"}],"curies":[{"name":"wp","href":"https:\/\/api.w.org\/{rel}","templated":true}]}}