{"id":202793,"date":"2025-06-25T08:38:11","date_gmt":"2025-06-25T08:38:11","guid":{"rendered":"https:\/\/www.europesays.com\/fr\/202793\/"},"modified":"2025-06-25T08:38:11","modified_gmt":"2025-06-25T08:38:11","slug":"moselle-deux-morts-dont-un-policier-belge-dans-une-course-poursuite-qui-vire-au-drame-sur-la-d14-pres-dangevillers","status":"publish","type":"post","link":"https:\/\/www.europesays.com\/fr\/202793\/","title":{"rendered":"Moselle. Deux morts dont un policier belge dans une course-poursuite qui vire au drame sur la D14, pr\u00e8s d&rsquo;Angevillers"},"content":{"rendered":"<p>Un tragique accident s&rsquo;est produit mardi 24 juin, vers 23h30, sur la D14 \u00e0 proximit\u00e9 d&rsquo;Angevillers, en Moselle.\u00a0Deux personnes sont mortes, dont un policier belge et le fuyard qu&rsquo;il poursuivait.\u00a0Les deux victimes ont \u00e9t\u00e9 fauch\u00e9es sur cette route d\u00e9partementale limit\u00e9e \u00e0 110 km\/h.\u00a0<\/p>\n<p>Tout a commenc\u00e9 de l&rsquo;autre c\u00f4t\u00e9 de la fronti\u00e8re, en Belgique, vers 23h. Un automobiliste est alors pris en chasse par plusieurs \u00e9quipages belges apr\u00e8s un refus d&rsquo;obtemp\u00e9rer.\u00a0Refusant de s&rsquo;arr\u00eater, il poursuit sa route vers le Luxembourg puis la France. Apr\u00e8s plusieurs minutes de course-poursuite \u00e0 toute allure, une des voitures de police percute le fuyard sur la D14 alors qu&rsquo;ils se dirigent vers Thionville et la c\u00f4te du saint-Michel. Deux occupants sortent de la voiture et prennent la fuite\u00a0\u00e0 pieds dans des sens oppos\u00e9s.<\/p>\n<p>Le conducteur, pris en chasse par un policier, franchit le terre-plein central et traverse la voie oppos\u00e9e. Une voiture qui arrivait par l\u00e0 n&rsquo;a pas pu les \u00e9viter et a fauch\u00e9 les deux individus, qui dont d\u00e9c\u00e9d\u00e9s sur le coup.<\/p>\n<p>L&rsquo;autre occupant a pu \u00eatre interpell\u00e9 et a \u00e9t\u00e9 plac\u00e9 en garde \u00e0 vue.<\/p>\n<p>Un important dispositif de s\u00e9curit\u00e9 a \u00e9t\u00e9 mis en place \u00e0 l&rsquo;arriv\u00e9e des secours. La gendarmerie, les pompiers, le Smur et la brigade motoris\u00e9e de Hayange ont \u00e9t\u00e9 d\u00e9p\u00each\u00e9es. La route a \u00e9t\u00e9 barr\u00e9e dans les deux sens de circulation \u00e0 hauteur d&rsquo;Angevillers pendant une partie de la nuit afin de permettre les constatations d&rsquo;usage.\u00a0 \u00a0\u00a0<\/p>\n","protected":false},"excerpt":{"rendered":"Un tragique accident s&rsquo;est produit mardi 24 juin, vers 23h30, sur la D14 \u00e0 proximit\u00e9 d&rsquo;Angevillers, en Moselle.\u00a0Deux&hellip;\n","protected":false},"author":2,"featured_media":202794,"comment_status":"","ping_status":"","sticky":false,"template":"","format":"standard","meta":{"footnotes":""},"categories":[2],"tags":[119,11,34217,7162,274,1011,27,5599,12,3456],"class_list":{"0":"post-202793","1":"post","2":"type-post","3":"status-publish","4":"format-standard","5":"has-post-thumbnail","7":"category-actualites","8":"tag-accident","9":"tag-actualites","10":"tag-angevillers","11":"tag-edition-thionville-hayange","12":"tag-faits-divers-justice","13":"tag-fr","14":"tag-france","15":"tag-moselle","16":"tag-news","17":"tag-region-lorraine"},"share_on_mastodon":{"url":"https:\/\/pubeurope.com\/@fr\/114743102946463671","error":""},"_links":{"self":[{"href":"https:\/\/www.europesays.com\/fr\/wp-json\/wp\/v2\/posts\/202793","targetHints":{"allow":["GET"]}}],"collection":[{"href":"https:\/\/www.europesays.com\/fr\/wp-json\/wp\/v2\/posts"}],"about":[{"href":"https:\/\/www.europesays.com\/fr\/wp-json\/wp\/v2\/types\/post"}],"author":[{"embeddable":true,"href":"https:\/\/www.europesays.com\/fr\/wp-json\/wp\/v2\/users\/2"}],"replies":[{"embeddable":true,"href":"https:\/\/www.europesays.com\/fr\/wp-json\/wp\/v2\/comments?post=202793"}],"version-history":[{"count":0,"href":"https:\/\/www.europesays.com\/fr\/wp-json\/wp\/v2\/posts\/202793\/revisions"}],"wp:featuredmedia":[{"embeddable":true,"href":"https:\/\/www.europesays.com\/fr\/wp-json\/wp\/v2\/media\/202794"}],"wp:attachment":[{"href":"https:\/\/www.europesays.com\/fr\/wp-json\/wp\/v2\/media?parent=202793"}],"wp:term":[{"taxonomy":"category","embeddable":true,"href":"https:\/\/www.europesays.com\/fr\/wp-json\/wp\/v2\/categories?post=202793"},{"taxonomy":"post_tag","embeddable":true,"href":"https:\/\/www.europesays.com\/fr\/wp-json\/wp\/v2\/tags?post=202793"}],"curies":[{"name":"wp","href":"https:\/\/api.w.org\/{rel}","templated":true}]}}