{"id":202801,"date":"2025-06-25T08:42:14","date_gmt":"2025-06-25T08:42:14","guid":{"rendered":"https:\/\/www.europesays.com\/fr\/202801\/"},"modified":"2025-06-25T08:42:14","modified_gmt":"2025-06-25T08:42:14","slug":"des-femmes-veulent-aider-dautres-femmes","status":"publish","type":"post","link":"https:\/\/www.europesays.com\/fr\/202801\/","title":{"rendered":"des femmes veulent aider d\u2019autres femmes"},"content":{"rendered":"<p>Un burn-out\u00a0? Une maladie grave\u00a0? Un deuil\u00a0? Dans tous ces cas, la solitude peut vite frapper, comme Laurence Allait, 54 ans, et Virginie Joalland, 38 ans, ont pu s\u2019en rendre compte. M\u00eame avec un r\u00e9seau autour de soi, des amis, un compagnon ou une compagne, \u00e7a ne suffit pas toujours.<\/p>\n<p>\u00ab\u00a0Malgr\u00e9 mon grand r\u00e9seau, je me suis retrouv\u00e9e isol\u00e9e\u00a0\u00bb, constate Virginie Joalland, victime <a href=\"https:\/\/www.estrepublicain.fr\/magazine-sante\/2021\/09\/30\/le-burn-out-n-est-pas-un-simple-ras-le-bol-professionnel\" target=\"_blank\" rel=\"noopener\">d\u2019un burn-out,<\/a> il y a cinq ans. M\u00eame entour\u00e9es, certaines femmes peuvent se retrouver incomprises. De ce constat, les deux femmes ont conclu qu\u2019il fallait proposer un service de soutien. C\u2019est ainsi qu\u2019est n\u00e9e Femal\u00e9as, une association qui repose sur la \u00ab\u00a0pair aidance\u00a0\u00bb\u00a0: des femmes qui sont pass\u00e9es par des \u00e9preuves similaires sont les interlocutrices de celles qui ont recours \u00e0 l\u2019association.<\/p>\n<p>  Des bulles d\u2019\u00e9coute<\/p>\n<p>\u00ab\u00a0La b\u00e9n\u00e9ficiaire peut se projeter dans l\u2019avenir, retrouver confiance quand elle discute avec un pair, poursuit Virginie Joalland. Voir des personnes qui ont travers\u00e9 les m\u00eames \u00e9preuves ouvre l\u2019avenir.\u00a0\u00bb Le duo travaille gr\u00e2ce \u00e0 des bulles d\u2019\u00e9coute de 45 minutes, par t\u00e9l\u00e9phone, pour le moment, en t\u00e2chant, avec quelques b\u00e9n\u00e9voles de se rendre aussi disponibles que possible.<\/p>\n<p>Des groupes de parole ont aussi \u00e9t\u00e9 mis en place, avec l\u2019id\u00e9e d\u2019aider \u00e0 d\u00e9culpabiliser les femmes. En septembre, Femal\u00e9as veut continuer de se d\u00e9velopper\u00a0: ateliers d\u2019\u00e9criture, bains sonores, yoga, gr\u00e2ce \u00e0 du b\u00e9n\u00e9volat, sont envisag\u00e9s.<\/p>\n<p>  Se sentir moins seule<\/p>\n<p>Inscrite dans des r\u00e9seaux de sant\u00e9 mentale, elle suscite l\u2019int\u00e9r\u00eat de diverses institutions. L\u2019association r\u00e9pond \u00e0 des appels \u00e0 projet pour obtenir des financements\u00a0: cela permettrait la mise en place d\u2019une salari\u00e9e \u00e0 temps partiel afin d\u2019aider \u00e0 g\u00e9rer les demandes. Un local est recherch\u00e9.<\/p>\n<p>Deuil, maladies invisibles, endom\u00e9triose, le champ d\u2019intervention est vaste. \u00ab\u00a0Il s\u2019agit de faire en sorte que les femmes touch\u00e9es se sentent moins seules\u00a0\u00bb, esp\u00e8re Virginie Joalland qui, par son exemple, t\u00e9moigne qu\u2019un retour \u00e0 une forme de normalit\u00e9 est toujours possible.<\/p>\n<p class=\"note\">contact@femaleas.fr<\/p>\n","protected":false},"excerpt":{"rendered":"Un burn-out\u00a0? Une maladie grave\u00a0? Un deuil\u00a0? Dans tous ces cas, la solitude peut vite frapper, comme Laurence&hellip;\n","protected":false},"author":2,"featured_media":202802,"comment_status":"","ping_status":"","sticky":false,"template":"","format":"standard","meta":{"footnotes":""},"categories":[9635],"tags":[1111,11,1707,1704,1706,1705,1777,674,6757,1011,27,775,3457,1702,1703,12,25,104],"class_list":{"0":"post-202801","1":"post","2":"type-post","3":"status-publish","4":"format-standard","5":"has-post-thumbnail","7":"category-nancy","8":"tag-actu","9":"tag-actualites","10":"tag-edition-luneville","11":"tag-edition-nancy-et-agglomeration","12":"tag-edition-pont-a-mousson","13":"tag-edition-toul","14":"tag-eu","15":"tag-europe","16":"tag-feminisme","17":"tag-fr","18":"tag-france","19":"tag-grand-est","20":"tag-meurthe-et-moselle","21":"tag-nancy","22":"tag-nancy-ville-54b","23":"tag-news","24":"tag-republique-francaise","25":"tag-societe"},"share_on_mastodon":{"url":"https:\/\/pubeurope.com\/@fr\/114743118605879850","error":""},"_links":{"self":[{"href":"https:\/\/www.europesays.com\/fr\/wp-json\/wp\/v2\/posts\/202801","targetHints":{"allow":["GET"]}}],"collection":[{"href":"https:\/\/www.europesays.com\/fr\/wp-json\/wp\/v2\/posts"}],"about":[{"href":"https:\/\/www.europesays.com\/fr\/wp-json\/wp\/v2\/types\/post"}],"author":[{"embeddable":true,"href":"https:\/\/www.europesays.com\/fr\/wp-json\/wp\/v2\/users\/2"}],"replies":[{"embeddable":true,"href":"https:\/\/www.europesays.com\/fr\/wp-json\/wp\/v2\/comments?post=202801"}],"version-history":[{"count":0,"href":"https:\/\/www.europesays.com\/fr\/wp-json\/wp\/v2\/posts\/202801\/revisions"}],"wp:featuredmedia":[{"embeddable":true,"href":"https:\/\/www.europesays.com\/fr\/wp-json\/wp\/v2\/media\/202802"}],"wp:attachment":[{"href":"https:\/\/www.europesays.com\/fr\/wp-json\/wp\/v2\/media?parent=202801"}],"wp:term":[{"taxonomy":"category","embeddable":true,"href":"https:\/\/www.europesays.com\/fr\/wp-json\/wp\/v2\/categories?post=202801"},{"taxonomy":"post_tag","embeddable":true,"href":"https:\/\/www.europesays.com\/fr\/wp-json\/wp\/v2\/tags?post=202801"}],"curies":[{"name":"wp","href":"https:\/\/api.w.org\/{rel}","templated":true}]}}