{"id":202807,"date":"2025-06-25T08:46:19","date_gmt":"2025-06-25T08:46:19","guid":{"rendered":"https:\/\/www.europesays.com\/fr\/202807\/"},"modified":"2025-06-25T08:46:19","modified_gmt":"2025-06-25T08:46:19","slug":"un-pickpocket-file-depuis-comedie-jusqua-saint-roch","status":"publish","type":"post","link":"https:\/\/www.europesays.com\/fr\/202807\/","title":{"rendered":"un pickpocket fil\u00e9 depuis Com\u00e9die jusqu\u2019\u00e0 Saint-Roch"},"content":{"rendered":"<p>            Par<br \/>\n        <strong><br \/>\n            <a href=\"https:\/\/actu.fr\/auteur\/lea-pippinato\" title=\"Consulter tous les articles de L\u00e9a Pippinato\" rel=\"nofollow noopener\" target=\"_blank\">L\u00e9a Pippinato<\/a><br \/>\n        <\/strong><\/p>\n<p>        Publi\u00e9 le<\/p>\n<p>            25 juin 2025 \u00e0 10h29        <\/p>\n<p><strong>Ce lundi 23 juin 2025<\/strong>, les policiers nationaux de Montpellier ont interpell\u00e9 un homme en flagrant d\u00e9lit de vol \u00e0 la station de tramway Saint-Roch. Le suspect, de nationalit\u00e9 alg\u00e9rienne et \u00e2g\u00e9 de 23 ans, faisait d\u00e9j\u00e0 l\u2019objet d\u2019une obligation de quitter le territoire fran\u00e7ais (OQTF). Il \u00e9tait \u00e9galement connu des services de police.<\/p>\n<p>    <a href=\"https:\/\/www.google.com\/maps\/embed?pb=!1m18!1m12!1m3!1d11553.421037103197!2d3.8757217999999996!3d43.6199643!2m3!1f0!2f0!3f0!3m2!1i1024!2i768!4f13.1!3m3!1m2!1s0x12b6afa418d6816b%3A0x1f1ac264758bd635!2sGare%20Saint-Roch!5e0!3m2!1sfr!2sfr!4v1750835169593!5m2!1sfr!2sfr\" title=\"Ouvrie le lien\" rel=\"nofollow noopener\" target=\"_blank\">Cliquez ici pour visualiser le contenu<\/a><\/p>\n<p class=\" wall-content\">L\u2019op\u00e9ration d\u00e9bute en milieu d\u2019apr\u00e8s-midi, aux abords de la station Com\u00e9die. Des policiers en civil, en mission de surveillance, rep\u00e8rent un individu au comportement suspect. L\u2019homme semble concentr\u00e9 sur les sacs \u00e0 main et effets personnels des passants, en particulier ceux d\u2019un couple de touristes \u00e2g\u00e9s. Il les suit dans une rame de tramway. Arriv\u00e9 \u00e0 la station Place de France, il descend avec eux, puis remonte dans une rame en sens inverse. Les policiers, toujours \u00e0 distance, poursuivent leur observation. Le suspect retourne vers le centre-ville.<\/p>\n<p>Un vol rapide, une arrestation imm\u00e9diate<\/p>\n<p class=\" wall-content\">\u00c0 la station Saint-Roch, le suspect s\u2019approche d\u2019une jeune femme qui utilise une borne de vente de tickets. Le sac \u00e0 main de cette derni\u00e8re est entrouvert. L\u2019homme y plonge la main, vole un t\u00e9l\u00e9phone portable, puis monte imm\u00e9diatement dans la rame de tramway. Les policiers interviennent \u00e0 ce moment-l\u00e0. Ils interpellent le suspect en flagrant d\u00e9lit et r\u00e9cup\u00e8rent l\u2019objet vol\u00e9. La victime, en transit \u00e0 Montpellier, ne s\u2019\u00e9tait pas rendu compte du vol. Elle a pu r\u00e9cup\u00e9rer son t\u00e9l\u00e9phone apr\u00e8s avoir d\u00e9pos\u00e9 plainte. L\u2019enqu\u00eate est toujours en cours.\u00a0<\/p>\n<p class=\" wall-content\">La police rappelle que les pickpockets ciblent en priorit\u00e9 les lieux tr\u00e8s fr\u00e9quent\u00e9s, comme les gares ou les stations de tramway du centre-ville. L\u2019attention des victimes est souvent d\u00e9tourn\u00e9e par les trajets, les achats de tickets ou les effets personnels mal rang\u00e9s. Le moindre rel\u00e2chement peut suffire. Les policiers recommandent de garder les sacs ferm\u00e9s, de ne pas les laisser sans surveillance et de rester vigilant, notamment dans les moments d\u2019attente ou de mouvement.<\/p>\n<p>Vid\u00e9os : en ce moment sur Actu<\/p>\n<p class=\" wall-content\">Suivez toute l\u2019actualit\u00e9 de vos villes et m\u00e9dias favoris en vous inscrivant \u00e0 <a href=\"https:\/\/moncompte.actu.fr\" title=\"D\u00e9couvez Mon Actu\" rel=\"nofollow noopener\" data-trk=\"{&quot;cta&quot;:{&quot;action&quot;:&quot;https:\\\/\\\/moncompte.actu.fr&quot;,&quot;category&quot;:&quot;mon compte&quot;,&quot;from&quot;:&quot;article footer&quot;,&quot;name&quot;:&quot;Mon actu&quot;,&quot;type&quot;:&quot;cta&quot;}}\" target=\"_blank\">Mon Actu<\/a>.<\/p>\n","protected":false},"excerpt":{"rendered":"Par L\u00e9a Pippinato Publi\u00e9 le 25 juin 2025 \u00e0 10h29 Ce lundi 23 juin 2025, les policiers nationaux&hellip;\n","protected":false},"author":2,"featured_media":202808,"comment_status":"","ping_status":"","sticky":false,"template":"","format":"standard","meta":{"footnotes":""},"categories":[9599],"tags":[1111,11,1777,674,118,1011,27,2208,12,2680,1072,25,602,2803],"class_list":{"0":"post-202807","1":"post","2":"type-post","3":"status-publish","4":"format-standard","5":"has-post-thumbnail","7":"category-montpellier","8":"tag-actu","9":"tag-actualites","10":"tag-eu","11":"tag-europe","12":"tag-faits-divers","13":"tag-fr","14":"tag-france","15":"tag-montpellier","16":"tag-news","17":"tag-occitanie","18":"tag-police","19":"tag-republique-francaise","20":"tag-tourisme","21":"tag-transport"},"share_on_mastodon":{"url":"https:\/\/pubeurope.com\/@fr\/114743134312794937","error":""},"_links":{"self":[{"href":"https:\/\/www.europesays.com\/fr\/wp-json\/wp\/v2\/posts\/202807","targetHints":{"allow":["GET"]}}],"collection":[{"href":"https:\/\/www.europesays.com\/fr\/wp-json\/wp\/v2\/posts"}],"about":[{"href":"https:\/\/www.europesays.com\/fr\/wp-json\/wp\/v2\/types\/post"}],"author":[{"embeddable":true,"href":"https:\/\/www.europesays.com\/fr\/wp-json\/wp\/v2\/users\/2"}],"replies":[{"embeddable":true,"href":"https:\/\/www.europesays.com\/fr\/wp-json\/wp\/v2\/comments?post=202807"}],"version-history":[{"count":0,"href":"https:\/\/www.europesays.com\/fr\/wp-json\/wp\/v2\/posts\/202807\/revisions"}],"wp:featuredmedia":[{"embeddable":true,"href":"https:\/\/www.europesays.com\/fr\/wp-json\/wp\/v2\/media\/202808"}],"wp:attachment":[{"href":"https:\/\/www.europesays.com\/fr\/wp-json\/wp\/v2\/media?parent=202807"}],"wp:term":[{"taxonomy":"category","embeddable":true,"href":"https:\/\/www.europesays.com\/fr\/wp-json\/wp\/v2\/categories?post=202807"},{"taxonomy":"post_tag","embeddable":true,"href":"https:\/\/www.europesays.com\/fr\/wp-json\/wp\/v2\/tags?post=202807"}],"curies":[{"name":"wp","href":"https:\/\/api.w.org\/{rel}","templated":true}]}}