{"id":202815,"date":"2025-06-25T08:52:10","date_gmt":"2025-06-25T08:52:10","guid":{"rendered":"https:\/\/www.europesays.com\/fr\/202815\/"},"modified":"2025-06-25T08:52:10","modified_gmt":"2025-06-25T08:52:10","slug":"verdun-fete-du-cinema-festival-avant-premieres-lete-demarre-fort-au-carroussel-lest-republicain","status":"publish","type":"post","link":"https:\/\/www.europesays.com\/fr\/202815\/","title":{"rendered":"Verdun. F\u00eate du cin\u00e9ma, festival, avant-premi\u00e8res l\u2019\u00e9t\u00e9 d\u00e9marre fort au Carroussel &#8211; L&#039;Est R\u00e9publicain"},"content":{"rendered":"<ol>\n<li><a href=\"https:\/\/news.google.com\/rss\/articles\/CBMiyAFBVV95cUxQUkl5LWZYRUlObW1zOXV3UlJqNFhRNGZNVlN5ekFwd3hJMzZjdUpwempydVV4b2JCTHEwNEt5NTRJY1FkSUs1RTYyUXMwbjU1bTBDX1lIV2htRHRraC03MVo1UjU2dldEY0VYa1VsTFY0RVowWnUtOXh1WHJETVdRdWhnVWJleklJTDVuME1Jd2czdktPV1lEZjhHRXBFbUNnbVJnREhJSEU5ckp1SDJHVV84RW5rUjcxbDlwWU9MM2Zub1ZMN2l0SA?oc=5\" target=\"_blank\" rel=\"noopener\">Verdun. F\u00eate du cin\u00e9ma, festival, avant-premi\u00e8res l\u2019\u00e9t\u00e9 d\u00e9marre fort au Carroussel<\/a>&nbsp;&nbsp;L&rsquo;Est R\u00e9publicain<\/li>\n<li><a href=\"https:\/\/news.google.com\/rss\/articles\/CBMirgFBVV95cUxPMHJIcmRPX0FMVV80eE9uZDZrWUIyNzVmVjZWTWw0cGxzLWZWZFZ3cEZPYmUyUUdxZF9wNHc1OGo2cjBHZWZjdzNIdElJMS1TNEtOWW51RXF2Q0VpRGljZVJib3owVXRCeWpxWHN5d25kWkRhUFJaSkpMX2tTQ3FlUVY5bzRiTm1TVXhDalJmTnJvUE05b1pGeXFWMGdSVV9zM0dUQm55SmZMdW96U0E?oc=5\" target=\"_blank\" rel=\"noopener\">Cinq euros pour tous : la F\u00eate du cin\u00e9ma c\u00e9l\u00e8bre ses 40 ans et esp\u00e8re attirer du monde en salles<\/a>&nbsp;&nbsp;Sud Ouest<\/li>\n<li><a href=\"https:\/\/news.google.com\/rss\/articles\/CBMiyAFBVV95cUxOcmZaQUVSaVp3NExyX0xEWjRqUldqTkhSWGI2TmQ2SHpmZVdTdU5vUFFHS1dZV0dOR0E5T0h3dmNxOU93RUhZSXpzZU5mSTVPTDB6QVdISXNYeVNRV2JJNmI2RWJYejV6TjBkeDBmVG5OZ1R5aTY5c1dmR3RTZGlCNFBOaFFUVzVVSVgwaDFfWlN2ODN2NldmbEZlNGxCcXBzY283VjBZYkpucElfUnR3bWg1ZWZFVl9HTG5JMk9iNE8tY2hubzJZcw?oc=5\" target=\"_blank\" rel=\"noopener\">La F\u00eate du cin\u00e9ma f\u00eate ses 40 ans avec une offre unique \u00e0 5 euros pour tous<\/a>&nbsp;&nbsp;France Info<\/li>\n<li><a href=\"https:\/\/news.google.com\/rss\/articles\/CBMifkFVX3lxTE54T0JyQUpnMkNTUF9sY2lLd3JEbkZVajMwakpmb0xvZmlRdjFwdGZ5ZzFPRUJKUGwwdS15aTVJN185SnhqcUx2U2l2U19oMUM4cEFpcjJYMFdZNXRmQlFaSGxCR0tGUzdBUzdVTWlzZm15NDZVUW5RV0EySkJCZw?oc=5\" target=\"_blank\" rel=\"noopener\">Saint-Gaudens. Le R\u00e9gent f\u00eate le cin\u00e9ma<\/a>&nbsp;&nbsp;ladepeche.fr<\/li>\n<\/ol>\n","protected":false},"excerpt":{"rendered":"Verdun. F\u00eate du cin\u00e9ma, festival, avant-premi\u00e8res l\u2019\u00e9t\u00e9 d\u00e9marre fort au Carroussel&nbsp;&nbsp;L&rsquo;Est R\u00e9publicain Cinq euros pour tous : la&hellip;\n","protected":false},"author":2,"featured_media":202816,"comment_status":"","ping_status":"","sticky":false,"template":"","format":"standard","meta":{"footnotes":""},"categories":[2821],"tags":[1111,11,829,650,1687,10174,1777,674,1011,27,12,584,25,10172,10173],"class_list":{"0":"post-202815","1":"post","2":"type-post","3":"status-publish","4":"format-standard","5":"has-post-thumbnail","7":"category-rennes","8":"tag-actu","9":"tag-actualites","10":"tag-bretagne","11":"tag-cinema","12":"tag-culture-loisirs","13":"tag-edition-verdun","14":"tag-eu","15":"tag-europe","16":"tag-fr","17":"tag-france","18":"tag-news","19":"tag-rennes","20":"tag-republique-francaise","21":"tag-verdun","22":"tag-verdun-ville-55a"},"share_on_mastodon":{"url":"https:\/\/pubeurope.com\/@fr\/114743157959820954","error":""},"_links":{"self":[{"href":"https:\/\/www.europesays.com\/fr\/wp-json\/wp\/v2\/posts\/202815","targetHints":{"allow":["GET"]}}],"collection":[{"href":"https:\/\/www.europesays.com\/fr\/wp-json\/wp\/v2\/posts"}],"about":[{"href":"https:\/\/www.europesays.com\/fr\/wp-json\/wp\/v2\/types\/post"}],"author":[{"embeddable":true,"href":"https:\/\/www.europesays.com\/fr\/wp-json\/wp\/v2\/users\/2"}],"replies":[{"embeddable":true,"href":"https:\/\/www.europesays.com\/fr\/wp-json\/wp\/v2\/comments?post=202815"}],"version-history":[{"count":0,"href":"https:\/\/www.europesays.com\/fr\/wp-json\/wp\/v2\/posts\/202815\/revisions"}],"wp:featuredmedia":[{"embeddable":true,"href":"https:\/\/www.europesays.com\/fr\/wp-json\/wp\/v2\/media\/202816"}],"wp:attachment":[{"href":"https:\/\/www.europesays.com\/fr\/wp-json\/wp\/v2\/media?parent=202815"}],"wp:term":[{"taxonomy":"category","embeddable":true,"href":"https:\/\/www.europesays.com\/fr\/wp-json\/wp\/v2\/categories?post=202815"},{"taxonomy":"post_tag","embeddable":true,"href":"https:\/\/www.europesays.com\/fr\/wp-json\/wp\/v2\/tags?post=202815"}],"curies":[{"name":"wp","href":"https:\/\/api.w.org\/{rel}","templated":true}]}}