{"id":202819,"date":"2025-06-25T08:54:11","date_gmt":"2025-06-25T08:54:11","guid":{"rendered":"https:\/\/www.europesays.com\/fr\/202819\/"},"modified":"2025-06-25T08:54:11","modified_gmt":"2025-06-25T08:54:11","slug":"france-zelensky-attendu-a-strasbourg-pour-acter-la-creation-dun-tribunal-special","status":"publish","type":"post","link":"https:\/\/www.europesays.com\/fr\/202819\/","title":{"rendered":"France. Zelensky attendu \u00e0 Strasbourg pour acter la cr\u00e9ation d\u2019un tribunal sp\u00e9cial"},"content":{"rendered":"<p>Au cours de ses tourn\u00e9es diplomatiques, <a href=\"https:\/\/www.republicain-lorrain.fr\/p\/volodymyr-zelensky\" target=\"_blank\" rel=\"nofollow noopener\">Volodymyr Zelensky<\/a> ne s\u2019\u00e9tait encore jamais arr\u00eat\u00e9 \u00e0 Strasbourg. Son Conseil de l\u2019Europe (46 \u00c9tats membres), pourtant, soutient l\u2019Ukraine sans concession depuis 2022, et avait m\u00eame <a href=\"https:\/\/www.republicain-lorrain.fr\/politique\/2022\/03\/16\/le-conseil-de-l-europe-exclut-officiellement-la-russie\" target=\"_blank\" rel=\"nofollow noopener\">exclu la Russie de ses membres<\/a> d\u00e8s l\u2019invasion \u00e0 grande \u00e9chelle \u2013 chose qu\u2019aucune autre organisation internationale n\u2019a fait.<\/p>\n<p>Certes, son soutien n\u2019est ni financier ni logistique (il n\u2019en a ni la mission ni les moyens), mais pas non plus symbolique. Protecteur des r\u00e8gles juridiques et des droits de l\u2019homme sur le continent, il fournit une expertise pr\u00e9cieuse, et sa Cour europ\u00e9enne des droits de l\u2019homme est saisie de milliers de requ\u00eates sur des exactions commises en Ukraine depuis 2014, y compris le <a href=\"https:\/\/www.republicain-lorrain.fr\/defense-guerre-conflit\/2025\/05\/13\/la-russie-est-responsable-du-crash-du-mh17-en-2014-selon-l-onu\" target=\"_blank\" rel=\"nofollow noopener\">crash du vol MH17<\/a>, sur lequel un arr\u00eat doit \u00eatre rendu en juillet.<\/p>\n<p>Le soutien de plus de 30 Etats<\/p>\n<p>Tr\u00e8s vite apr\u00e8s l\u2019invasion, l\u2019Assembl\u00e9e parlementaire du Conseil avait demand\u00e9 la cr\u00e9ation d\u2019un tribunal sp\u00e9cial pour \u00ab\u00a0enqu\u00eater et engager des poursuites pour le crime d\u2019agression commis par les dirigeants politiques et militaires\u00a0\u00bb de Russie. Trois ans d\u2019expertises juridiques et discussions diplomatiques plus tard, ce tribunal s\u2019appr\u00eate \u00e0 \u00eatre cr\u00e9\u00e9. Volodymyr Zelensky signera son acte de naissance \u00e0 Strasbourg ce mercredi. Il fonctionnera sous l\u2019\u00e9gide du Conseil de l\u2019Europe, avec le soutien annonc\u00e9 de plus de 30 \u00c9tats et de l\u2019Union europ\u00e9enne.<\/p>\n<p>La France \u00ab\u00a0soutient totalement cette tr\u00e8s bonne initiative, nous dit l\u2019ancien ministre <a href=\"https:\/\/www.dna.fr\/politique\/2025\/03\/25\/pap-ndiaye-le-conseil-de-l-europe-est-un-paysage-vosgien\" target=\"_blank\" rel=\"nofollow noopener\">Pap Ndiaye, ambassadeur de France aupr\u00e8s du Conseil de l\u2019Europe<\/a>. Il est tr\u00e8s important que des poursuites soient engag\u00e9es contre les dirigeants russes, par la Cour p\u00e9nale internationale d\u2019une part, pour juger les crimes de guerre et crimes contre l\u2019humanit\u00e9 commis, mais aussi par ce tribunal sp\u00e9cial, pour juger le crime d\u2019agression, qui correspond \u00e0 ce que le tribunal de Nuremberg appelait \u00ab\u00a0crime contre la paix\u00a0\u00bb. \u00bb Comme, par exemple, envahir militairement l\u2019un de ses voisins\u2026<\/p>\n<p>  34 000 plaintes d&rsquo;Ukrainiens<\/p>\n<p>Il s\u2019agit de condamner les responsables, mais aussi de sceller un interdit, \u00ab\u00a0garantir que la destruction, la violence et la force ne l\u2019emportent pas\u00a0\u00bb, r\u00e9sume le secr\u00e9taire g\u00e9n\u00e9ral du Conseil, le Suisse Alain Berset.<\/p>\n<p>La Russie devra aussi payer des r\u00e9parations. Le registre des dommages ouvert par le Conseil l\u2019an dernier a d\u00e9j\u00e0 re\u00e7u 34\u00a0000 plaintes d\u2019Ukrainiens pour des pertes mat\u00e9rielles et humaines. Ses bureaux sont install\u00e9s \u00e0 La\u00a0Haye, o\u00f9 devrait aussi \u00eatre install\u00e9 le nouveau tribunal sp\u00e9cial.<\/p>\n<p>La\u00a0Haye, c\u2019est aussi l\u00e0 o\u00f9 se tient actuellement le sommet de l\u2019Otan. L\u2019Ukraine n\u2019en est pas membre, mais Zelensky y est pr\u00e9sent pour remobiliser ses soutiens\u2026 et ceux qui le soutiennent moins\u00a0: il doit y rencontrer <a href=\"https:\/\/www.republicain-lorrain.fr\/p\/donald-trump\" target=\"_blank\" rel=\"nofollow noopener\">Donald Trump<\/a> ce mercredi, juste avant de s\u2019envoler pour Strasbourg.<\/p>\n","protected":false},"excerpt":{"rendered":"Au cours de ses tourn\u00e9es diplomatiques, Volodymyr Zelensky ne s\u2019\u00e9tait encore jamais arr\u00eat\u00e9 \u00e0 Strasbourg. Son Conseil de&hellip;\n","protected":false},"author":2,"featured_media":202820,"comment_status":"","ping_status":"","sticky":false,"template":"","format":"standard","meta":{"footnotes":""},"categories":[2820],"tags":[1111,11,3206,1777,674,107,1011,27,329,775,12,316,25,640,220],"class_list":{"0":"post-202819","1":"post","2":"type-post","3":"status-publish","4":"format-standard","5":"has-post-thumbnail","7":"category-strasbourg","8":"tag-actu","9":"tag-actualites","10":"tag-defense-guerre-conflit","11":"tag-eu","12":"tag-europe","13":"tag-fil-info","14":"tag-fr","15":"tag-france","16":"tag-france-monde","17":"tag-grand-est","18":"tag-news","19":"tag-politique","20":"tag-republique-francaise","21":"tag-strasbourg","22":"tag-ukraine"},"share_on_mastodon":{"url":"https:\/\/pubeurope.com\/@fr\/114743165942681152","error":""},"_links":{"self":[{"href":"https:\/\/www.europesays.com\/fr\/wp-json\/wp\/v2\/posts\/202819","targetHints":{"allow":["GET"]}}],"collection":[{"href":"https:\/\/www.europesays.com\/fr\/wp-json\/wp\/v2\/posts"}],"about":[{"href":"https:\/\/www.europesays.com\/fr\/wp-json\/wp\/v2\/types\/post"}],"author":[{"embeddable":true,"href":"https:\/\/www.europesays.com\/fr\/wp-json\/wp\/v2\/users\/2"}],"replies":[{"embeddable":true,"href":"https:\/\/www.europesays.com\/fr\/wp-json\/wp\/v2\/comments?post=202819"}],"version-history":[{"count":0,"href":"https:\/\/www.europesays.com\/fr\/wp-json\/wp\/v2\/posts\/202819\/revisions"}],"wp:featuredmedia":[{"embeddable":true,"href":"https:\/\/www.europesays.com\/fr\/wp-json\/wp\/v2\/media\/202820"}],"wp:attachment":[{"href":"https:\/\/www.europesays.com\/fr\/wp-json\/wp\/v2\/media?parent=202819"}],"wp:term":[{"taxonomy":"category","embeddable":true,"href":"https:\/\/www.europesays.com\/fr\/wp-json\/wp\/v2\/categories?post=202819"},{"taxonomy":"post_tag","embeddable":true,"href":"https:\/\/www.europesays.com\/fr\/wp-json\/wp\/v2\/tags?post=202819"}],"curies":[{"name":"wp","href":"https:\/\/api.w.org\/{rel}","templated":true}]}}