{"id":202821,"date":"2025-06-25T08:55:10","date_gmt":"2025-06-25T08:55:10","guid":{"rendered":"https:\/\/www.europesays.com\/fr\/202821\/"},"modified":"2025-06-25T08:55:10","modified_gmt":"2025-06-25T08:55:10","slug":"prison-ferme-pour-deux-personnes-apres-avoir-menace-un-instituteur","status":"publish","type":"post","link":"https:\/\/www.europesays.com\/fr\/202821\/","title":{"rendered":"Prison ferme pour deux personnes apr\u00e8s avoir menac\u00e9 un instituteur"},"content":{"rendered":"<p><strong>\u00e9ducation &#8211; Une femme et son fr\u00e8re ont \u00e9t\u00e9 condamn\u00e9s \u00e0 de la prison ferme pour avoir menac\u00e9 de mort l\u2019instituteur de leur neveu pr\u00e8s de Strasbourg<\/strong><\/p>\n<p>Un homme de 23 ans et une femme de 25 ans qui avaient menac\u00e9 de \u00ab br\u00fbler l\u2019\u00e9tablissement \u00bb o\u00f9 \u00e9tait <a href=\"https:\/\/www.20minutes.fr\/dossier\/famille?at_medium=RSS%20feed&amp;at_campaign=ynews&amp;utm_source=yahoo&amp;utm_medium=rss&amp;utm_campaign=news_feed&amp;utm_content=in_article_link\" rel=\"nofollow noopener\" target=\"_blank\" data-ylk=\"slk:scolaris\u00e9 leur neveu;elm:context_link;itc:0;sec:content-canvas\" class=\"link \">scolaris\u00e9 leur neveu<\/a> de 7 ans, de \u00ab s\u2019en prendre <a href=\"https:\/\/www.20minutes.fr\/monde\/violences\/?at_medium=RSS%20feed&amp;at_campaign=ynews&amp;utm_source=yahoo&amp;utm_medium=rss&amp;utm_campaign=news_feed&amp;utm_content=in_article_link\" rel=\"nofollow noopener\" target=\"_blank\" data-ylk=\"slk:physiquement \u00e0 l\u2019instituteur;elm:context_link;itc:0;sec:content-canvas\" class=\"link \">physiquement \u00e0 l\u2019instituteur<\/a> \u00bb et de le \u00ab tuer devant ses enfants \u00bb, rapporte le journal les <a href=\"https:\/\/c.dna.fr\/faits-divers-justice\/2025\/06\/24\/un-instituteur-menace-de-mort-suite-au-mensonge-d-un-eleve?at_medium=RSS%20feed&amp;at_campaign=ynews&amp;utm_source=yahoo&amp;utm_medium=rss&amp;utm_campaign=news_feed&amp;utm_content=in_article_link\" rel=\"nofollow noopener\" target=\"_blank\" data-ylk=\"slk:Derni\u00e8res Nouvelles d\u2019Alsace;elm:context_link;itc:0;sec:content-canvas\" class=\"link \">Derni\u00e8res Nouvelles d\u2019Alsace<\/a>, comparaissaient lundi devant la justice.<\/p>\n<p>Les faits se sont produits jeudi dernier dans une \u00e9cole \u00e9l\u00e9mentaire de <a href=\"https:\/\/www.20minutes.fr\/dossier\/schiltigheim?at_medium=RSS%20feed&amp;at_campaign=ynews&amp;utm_source=yahoo&amp;utm_medium=rss&amp;utm_campaign=news_feed&amp;utm_content=in_article_link\" rel=\"nofollow noopener\" target=\"_blank\" data-ylk=\"slk:Schiltigheim;elm:context_link;itc:0;sec:content-canvas\" class=\"link \">Schiltigheim<\/a>, commune limitrophe de Strasbourg. L\u2019\u00e9colier avait rapport\u00e9, \u00e0 tort, \u00e0 son oncle et \u00e0 sa tante que son professeur l\u2019avait gifl\u00e9. Dans les faits, \u00ab le professeur n\u2019a jamais frapp\u00e9 l\u2019enfant [\u2026], il l\u2019a simplement r\u00e9primand\u00e9 pour son manque de travail \u00bb, \u00e9crit le quotidien r\u00e9gional.<\/p>\n<p>Des peines de prison ferme<\/p>\n<p>Le tribunal de Strasbourg a condamn\u00e9 la femme et son fr\u00e8re \u00e0 respectivement trois et cinq mois de prison ferme, a-t-on appris mardi aupr\u00e8s de l\u2019avocat des parties civiles. En plus des peines d\u2019emprisonnement, ils sont condamn\u00e9s \u00e0 une interdiction de para\u00eetre \u00e0 l\u2019\u00e9tablissement scolaire pendant deux ans. Mais aussi \u00e0 une interdiction d\u2019entrer en contact avec les parties civiles pendant trois ans, ainsi qu\u2019\u00e0 un stage de citoyennet\u00e9, a d\u00e9clar\u00e9 \u00e0 l\u2019AFP l\u2019avocat de l\u2019instituteur et de <a href=\"https:\/\/www.20minutes.fr\/dossier\/education_nationale?at_medium=RSS%20feed&amp;at_campaign=ynews&amp;utm_source=yahoo&amp;utm_medium=rss&amp;utm_campaign=news_feed&amp;utm_content=in_article_link\" rel=\"nofollow noopener\" target=\"_blank\" data-ylk=\"slk:la direction de l\u2019\u00e9cole;elm:context_link;itc:0;sec:content-canvas\" class=\"link \">la direction de l\u2019\u00e9cole<\/a>. Ils n\u2019ont pas \u00e9t\u00e9 incarc\u00e9r\u00e9s, leurs peines seront am\u00e9nag\u00e9es.<\/p>\n<p><a href=\"https:\/\/www.20minutes.fr\/justice\/4160162-20250625-strasbourg-prison-ferme-deux-personnes-apres-avoir-menace-instituteur?at_medium=RSS%20feed&amp;at_campaign=ynews&amp;utm_source=yahoo&amp;utm_medium=rss&amp;utm_campaign=news_feed&amp;utm_content=read_more_link\" rel=\"nofollow noopener\" target=\"_blank\" data-ylk=\"slk:Lire la suite sur 20minutes;elm:context_link;itc:0;sec:content-canvas\" class=\"link \">Lire la suite sur 20minutes<\/a><\/p>\n<p>\u00c0 lire aussi :<br \/><a href=\"https:\/\/www.20minutes.fr\/justice\/4154369-20250519-moselle-prison-sursis-parent-eleve-menace-mort-enseignant?at_medium=RSS%20feed&amp;at_campaign=ynews&amp;utm_source=yahoo&amp;utm_medium=rss&amp;utm_campaign=news_feed&amp;utm_content=related_content_link\" rel=\"nofollow noopener\" target=\"_blank\" data-ylk=\"slk:Moselle : Prison avec sursis pour le parent d\u2019\u00e9l\u00e8ve qui avait menac\u00e9 de mort un enseignant;elm:context_link;itc:0;sec:content-canvas\" class=\"link \">Moselle : Prison avec sursis pour le parent d\u2019\u00e9l\u00e8ve qui avait menac\u00e9 de mort un enseignant<\/a><br \/><a href=\"https:\/\/www.20minutes.fr\/faits_divers\/faits-divers-rennes\/4150646-20250428-rennes-professeur-eps-frappe-eleve-lycee-prive-repute?at_medium=RSS%20feed&amp;at_campaign=ynews&amp;utm_source=yahoo&amp;utm_medium=rss&amp;utm_campaign=news_feed&amp;utm_content=related_content_link\" rel=\"nofollow noopener\" target=\"_blank\" data-ylk=\"slk:Rennes : Un professeur d\u2019EPS frapp\u00e9 par un \u00e9l\u00e8ve dans un lyc\u00e9e priv\u00e9 r\u00e9put\u00e9;elm:context_link;itc:0;sec:content-canvas\" class=\"link \">Rennes : Un professeur d\u2019EPS frapp\u00e9 par un \u00e9l\u00e8ve dans un lyc\u00e9e priv\u00e9 r\u00e9put\u00e9<\/a><\/p>\n","protected":false},"excerpt":{"rendered":"\u00e9ducation &#8211; Une femme et son fr\u00e8re ont \u00e9t\u00e9 condamn\u00e9s \u00e0 de la prison ferme pour avoir menac\u00e9&hellip;\n","protected":false},"author":2,"featured_media":202822,"comment_status":"","ping_status":"","sticky":false,"template":"","format":"standard","meta":{"footnotes":""},"categories":[2820],"tags":[1111,11,33254,1777,674,1011,27,775,24088,12,13457,25,1740,640],"class_list":{"0":"post-202821","1":"post","2":"type-post","3":"status-publish","4":"format-standard","5":"has-post-thumbnail","7":"category-strasbourg","8":"tag-actu","9":"tag-actualites","10":"tag-dernieres-nouvelles-dalsace","11":"tag-eu","12":"tag-europe","13":"tag-fr","14":"tag-france","15":"tag-grand-est","16":"tag-menace-de-mort","17":"tag-news","18":"tag-prison-ferme","19":"tag-republique-francaise","20":"tag-son-frere","21":"tag-strasbourg"},"share_on_mastodon":{"url":"https:\/\/pubeurope.com\/@fr\/114743169783334350","error":""},"_links":{"self":[{"href":"https:\/\/www.europesays.com\/fr\/wp-json\/wp\/v2\/posts\/202821","targetHints":{"allow":["GET"]}}],"collection":[{"href":"https:\/\/www.europesays.com\/fr\/wp-json\/wp\/v2\/posts"}],"about":[{"href":"https:\/\/www.europesays.com\/fr\/wp-json\/wp\/v2\/types\/post"}],"author":[{"embeddable":true,"href":"https:\/\/www.europesays.com\/fr\/wp-json\/wp\/v2\/users\/2"}],"replies":[{"embeddable":true,"href":"https:\/\/www.europesays.com\/fr\/wp-json\/wp\/v2\/comments?post=202821"}],"version-history":[{"count":0,"href":"https:\/\/www.europesays.com\/fr\/wp-json\/wp\/v2\/posts\/202821\/revisions"}],"wp:featuredmedia":[{"embeddable":true,"href":"https:\/\/www.europesays.com\/fr\/wp-json\/wp\/v2\/media\/202822"}],"wp:attachment":[{"href":"https:\/\/www.europesays.com\/fr\/wp-json\/wp\/v2\/media?parent=202821"}],"wp:term":[{"taxonomy":"category","embeddable":true,"href":"https:\/\/www.europesays.com\/fr\/wp-json\/wp\/v2\/categories?post=202821"},{"taxonomy":"post_tag","embeddable":true,"href":"https:\/\/www.europesays.com\/fr\/wp-json\/wp\/v2\/tags?post=202821"}],"curies":[{"name":"wp","href":"https:\/\/api.w.org\/{rel}","templated":true}]}}