{"id":202827,"date":"2025-06-25T08:58:26","date_gmt":"2025-06-25T08:58:26","guid":{"rendered":"https:\/\/www.europesays.com\/fr\/202827\/"},"modified":"2025-06-25T08:58:26","modified_gmt":"2025-06-25T08:58:26","slug":"corps-sans-vie-decouvert-dans-un-etang-pres-de-nantes-les-causes-du-deces-restent-inconnues","status":"publish","type":"post","link":"https:\/\/www.europesays.com\/fr\/202827\/","title":{"rendered":"Corps sans vie d\u00e9couvert dans un \u00e9tang pr\u00e8s de Nantes\u00a0: les causes du d\u00e9c\u00e8s restent inconnues"},"content":{"rendered":"<p>Le corps rep\u00each\u00e9 dans l\u2019\u00e9tang de la Fabrique \u00e0 Orvault, vendredi 20\u00a0juin 2025, est celui d\u2019un homme de 60\u00a0ans r\u00e9sidant tout pr\u00e8s du point d\u2019eau. Les causes de sa mort restent encore inconnues, malgr\u00e9 une premi\u00e8re autopsie.<\/p>\n<p><a target=\"_self\" href=\"https:\/\/nantes.maville.com\/actu\/actudet_-le-corps-d-un-homme-sans-vie-decouvert-dans-un-etang-pres-de-nantes-_8-6863945_actu.Htm\" rel=\"noopener\">En milieu d\u2019apr\u00e8s-midi, vendredi 20\u00a0juin 2025,<\/a> un corps flottant a \u00e9t\u00e9 d\u00e9couvert dans l\u2019\u00e9tang de la Fabrique, \u00e0 Orvault, pr\u00e8s de Nantes. Sit\u00f4t alert\u00e9s, la police ainsi que des policiers municipaux ont \u00e9t\u00e9 d\u00e9p\u00each\u00e9s sur place. Vers 16\u00a0heures, des plongeurs du Service d\u00e9partemental d\u2019incendie et de secours (Sdis) de Loire-Atlantique ont \u00e9t\u00e9 mobilis\u00e9s pour ramener le corps \u00e0 terre.<\/p>\n<p>Une autopsie plus pouss\u00e9e \u00e0 venir<\/p>\n<p>L\u2019identit\u00e9 du d\u00e9funt a \u00e9t\u00e9 formellement certifi\u00e9e. Il s\u2019agit d\u2019un homme de 60\u00a0ans qui r\u00e9sidait \u00e0 proximit\u00e9 du point d\u2019eau. \u00a0Une autopsie a \u00e9t\u00e9 r\u00e9alis\u00e9e, mais elle n\u2019a pas permis de d\u00e9terminer les causes du d\u00e9c\u00e8s\u00a0, indique le parquet de Nantes. Les investigations vont donc \u00eatre pouss\u00e9es. L\u2019enqu\u00eate ouverte pour \u00a0recherche des causes de la mort\u00a0, devra pr\u00e9ciser s\u2019il s\u2019est noy\u00e9 ou si son d\u00e9c\u00e8s est la cons\u00e9quence de l\u2019action d\u2019une tierce personne.<\/p>\n<p>\u00a0<\/p>\n","protected":false},"excerpt":{"rendered":"Le corps rep\u00each\u00e9 dans l\u2019\u00e9tang de la Fabrique \u00e0 Orvault, vendredi 20\u00a0juin 2025, est celui d\u2019un homme de&hellip;\n","protected":false},"author":2,"featured_media":202828,"comment_status":"","ping_status":"","sticky":false,"template":"","format":"standard","meta":{"footnotes":""},"categories":[2818],"tags":[1111,11,34219,6725,3983,13916,17448,1777,674,1011,27,34220,766,12,2636,3762,25,21339,6689,4717,9693],"class_list":{"0":"post-202827","1":"post","2":"type-post","3":"status-publish","4":"format-standard","5":"has-post-thumbnail","7":"category-nantes","8":"tag-actu","9":"tag-actualites","10":"tag-causes","11":"tag-corps","12":"tag-deces","13":"tag-decouvert","14":"tag-etang","15":"tag-eu","16":"tag-europe","17":"tag-fr","18":"tag-france","19":"tag-inconnues","20":"tag-nantes","21":"tag-news","22":"tag-pays-de-la-loire","23":"tag-pres","24":"tag-republique-francaise","25":"tag-restent","26":"tag-roche","27":"tag-vie","28":"tag-yon"},"share_on_mastodon":{"url":"https:\/\/pubeurope.com\/@fr\/114743181589802141","error":""},"_links":{"self":[{"href":"https:\/\/www.europesays.com\/fr\/wp-json\/wp\/v2\/posts\/202827","targetHints":{"allow":["GET"]}}],"collection":[{"href":"https:\/\/www.europesays.com\/fr\/wp-json\/wp\/v2\/posts"}],"about":[{"href":"https:\/\/www.europesays.com\/fr\/wp-json\/wp\/v2\/types\/post"}],"author":[{"embeddable":true,"href":"https:\/\/www.europesays.com\/fr\/wp-json\/wp\/v2\/users\/2"}],"replies":[{"embeddable":true,"href":"https:\/\/www.europesays.com\/fr\/wp-json\/wp\/v2\/comments?post=202827"}],"version-history":[{"count":0,"href":"https:\/\/www.europesays.com\/fr\/wp-json\/wp\/v2\/posts\/202827\/revisions"}],"wp:featuredmedia":[{"embeddable":true,"href":"https:\/\/www.europesays.com\/fr\/wp-json\/wp\/v2\/media\/202828"}],"wp:attachment":[{"href":"https:\/\/www.europesays.com\/fr\/wp-json\/wp\/v2\/media?parent=202827"}],"wp:term":[{"taxonomy":"category","embeddable":true,"href":"https:\/\/www.europesays.com\/fr\/wp-json\/wp\/v2\/categories?post=202827"},{"taxonomy":"post_tag","embeddable":true,"href":"https:\/\/www.europesays.com\/fr\/wp-json\/wp\/v2\/tags?post=202827"}],"curies":[{"name":"wp","href":"https:\/\/api.w.org\/{rel}","templated":true}]}}