{"id":202839,"date":"2025-06-25T09:05:10","date_gmt":"2025-06-25T09:05:10","guid":{"rendered":"https:\/\/www.europesays.com\/fr\/202839\/"},"modified":"2025-06-25T09:05:10","modified_gmt":"2025-06-25T09:05:10","slug":"un-vol-de-cables-perturbe-fortement-la-circulation-des-tgv-a-lille","status":"publish","type":"post","link":"https:\/\/www.europesays.com\/fr\/202839\/","title":{"rendered":"Un vol de c\u00e2bles perturbe \u00ab\u00a0fortement\u00a0\u00bb la circulation des TGV \u00e0 Lille"},"content":{"rendered":"<p>\u00ab\u00a0SNCF R\u00e9seau a \u00e9t\u00e9 victime d\u2019un important acte de malveillance \u00e0 Lille\u00a0: plus de 600 m\u00e8tres de c\u00e2ble ont \u00e9t\u00e9 vol\u00e9s ou coup\u00e9s au sud de la gare de Lille Europe\u00a0\u00bb, <a target=\"_blank\" href=\"https:\/\/www.sncf-voyageurs.com\/fr\/info\/vol-de-cable-a-lille\/\" rel=\"noopener\">a indiqu\u00e9 la SNCF mercredi 25\u00a0juin<\/a>. \u00ab\u00a0Les impacts sont essentiellement sur le trafic des trains \u00e0 grande vitesse\u00a0\u00bb, au d\u00e9part et \u00e0 l\u2019arriv\u00e9e de Lille Europe et Lille Flandres, mais le trafic des TER est \u00ab\u00a0possible\u00a0\u00bb, a-t-elle ajout\u00e9.<\/p>\n<p>Les TGV \u00ab\u00a0sont d\u00e9tourn\u00e9s au maximum sur ligne classique mais la capacit\u00e9 de la ligne est limit\u00e9e\u00a0\u00bb et \u00ab\u00a0les r\u00e9parations devraient prendre une partie de la journ\u00e9e\u00a0\u00bb, pr\u00e9cise-t-elle. Une quinzaine de c\u00e2bliers et agents sp\u00e9cialis\u00e9s ont \u00e9t\u00e9 mobilis\u00e9s.<\/p>\n","protected":false},"excerpt":{"rendered":"\u00ab\u00a0SNCF R\u00e9seau a \u00e9t\u00e9 victime d\u2019un important acte de malveillance \u00e0 Lille\u00a0: plus de 600 m\u00e8tres de c\u00e2ble&hellip;\n","protected":false},"author":2,"featured_media":202840,"comment_status":"","ping_status":"","sticky":false,"template":"","format":"standard","meta":{"footnotes":""},"categories":[2815],"tags":[328,1111,11,1777,674,1011,27,329,811,1307,12,25,2215,926,800],"class_list":{"0":"post-202839","1":"post","2":"type-post","3":"status-publish","4":"format-standard","5":"has-post-thumbnail","7":"category-lille","8":"tag-a-la-une","9":"tag-actu","10":"tag-actualites","11":"tag-eu","12":"tag-europe","13":"tag-fr","14":"tag-france","15":"tag-france-monde","16":"tag-hauts-de-france","17":"tag-lille","18":"tag-news","19":"tag-republique-francaise","20":"tag-sncf","21":"tag-train","22":"tag-transports"},"share_on_mastodon":{"url":"https:\/\/pubeurope.com\/@fr\/114743209260976007","error":""},"_links":{"self":[{"href":"https:\/\/www.europesays.com\/fr\/wp-json\/wp\/v2\/posts\/202839","targetHints":{"allow":["GET"]}}],"collection":[{"href":"https:\/\/www.europesays.com\/fr\/wp-json\/wp\/v2\/posts"}],"about":[{"href":"https:\/\/www.europesays.com\/fr\/wp-json\/wp\/v2\/types\/post"}],"author":[{"embeddable":true,"href":"https:\/\/www.europesays.com\/fr\/wp-json\/wp\/v2\/users\/2"}],"replies":[{"embeddable":true,"href":"https:\/\/www.europesays.com\/fr\/wp-json\/wp\/v2\/comments?post=202839"}],"version-history":[{"count":0,"href":"https:\/\/www.europesays.com\/fr\/wp-json\/wp\/v2\/posts\/202839\/revisions"}],"wp:featuredmedia":[{"embeddable":true,"href":"https:\/\/www.europesays.com\/fr\/wp-json\/wp\/v2\/media\/202840"}],"wp:attachment":[{"href":"https:\/\/www.europesays.com\/fr\/wp-json\/wp\/v2\/media?parent=202839"}],"wp:term":[{"taxonomy":"category","embeddable":true,"href":"https:\/\/www.europesays.com\/fr\/wp-json\/wp\/v2\/categories?post=202839"},{"taxonomy":"post_tag","embeddable":true,"href":"https:\/\/www.europesays.com\/fr\/wp-json\/wp\/v2\/tags?post=202839"}],"curies":[{"name":"wp","href":"https:\/\/api.w.org\/{rel}","templated":true}]}}