{"id":202847,"date":"2025-06-25T09:09:17","date_gmt":"2025-06-25T09:09:17","guid":{"rendered":"https:\/\/www.europesays.com\/fr\/202847\/"},"modified":"2025-06-25T09:09:17","modified_gmt":"2025-06-25T09:09:17","slug":"toute-lactualite-de-ce-mercredi-25-juin-2025-a-lyon","status":"publish","type":"post","link":"https:\/\/www.europesays.com\/fr\/202847\/","title":{"rendered":"Toute l&rsquo;actualit\u00e9 de ce mercredi 25 juin 2025 \u00e0 Lyon"},"content":{"rendered":"<p>ECOUTEZ LE 1\/4H LYONNAIS\u2026 Toute l\u2019actualit\u00e9 de ce mercredi 25 juin 2025<\/p>\n<p>LE 1\/4H LYONNAIS | mercredi 25 juin 2025<\/p>\n<p>Un<strong> record de temp\u00e9ratures<\/strong> pourrait \u00eatre battu ce mercredi, \u00e0 Lyon<\/p>\n<p>Cr\u00e9er un <strong>environnement inclusif<\/strong> et veiller \u00e0 l\u2018<strong>\u00e9galit\u00e9 de droits et de traitement<\/strong>, quelles que soient l\u2019<strong>orientation sexuelle<\/strong> et l\u2019identit\u00e9 de genre&#8230; Une<strong> charte LGBT<\/strong> sign\u00e9e entre l\u2019<strong>universit\u00e9 Lyon 2<\/strong> avec <strong>L\u2019Autre Cercle<\/strong><\/p>\n<p>La <strong>R\u00e9gion Auvergne Rh\u00f4ne-Alpes<\/strong> condamn\u00e9e pour une mauvaise application du <strong>menu v\u00e9g\u00e9tarien<\/strong> dans les lyc\u00e9es<\/p>\n<p>La <strong>r\u00e9forme de la loi PLM<\/strong> toujours en panne \/ Bayrou va devoir trancher : abandonner la r\u00e9forme, ou passer outre le S\u00e9nat, en donnant le \u00ab dernier mot \u00bb \u00e0 l\u2019Assembl\u00e9e Nationale<\/p>\n<p>La <strong>police municipale de Rillieux<\/strong> renforc\u00e9e pou atteindre plus 40 agents.<\/p>\n<p>Egalement dans l\u2019actualit\u00e9 de ce mercredi 25 juin<\/p>\n<p>L\u2019<strong><a href=\"https:\/\/ecoledessavoirspartages.fr\/\" target=\"_blank\" rel=\"noreferrer noopener nofollow\">\u00c9cole des Savoirs Partag\u00e9s<\/a><\/strong> ouvrira ses portes \u00e0 Lyon, \u00e0 la rentr\u00e9e prochaine : un \u00e9cole qui permette \u00e0 chacun de d\u00e9velopper ses capacit\u00e9s d\u2019agir et de penser. En tablant sur l\u2019<strong>\u00e9mancipation de l\u2019enfant<\/strong><\/p>\n<p>Notre invit\u00e9 : <strong>Robin Purgus<\/strong>, membre de l\u2019\u00e9quipe p\u00e9dagogique de l\u2019<strong>Ecole des Savoirs Partag\u00e9s<\/strong><\/p>\n<p>La DNCG r\u00e9trograde financi\u00e8rement l<strong>\u2018Olympique lyonnais en Ligue 2<\/strong>. L\u2019OL a quelques jours pour faire appel\u2026es Bad Gones r\u00e9clament le d\u00e9part de John Textor.<\/p>\n<p>La c\u00e9r\u00e9monie des obs\u00e8ques de Bernard Lacombe, d\u00e9c\u00e9d\u00e9 le 17 juin dernier \u00e0 l\u2019\u00e2ge de 72 ans, aura lieu ce mercredi (14h30) en l\u2019\u00e9glise Saint-Louis \u00e0 Fontaines-sur-Sa\u00f4ne. Une foule de personnalit\u00e9s du football mais aussi beaucoup d\u2019anonymes sont attendus<\/p>\n<p>Ecoutez aussi : <a href=\"https:\/\/www.lyondemain.fr\/ztl-presquile-lyon\/\" target=\"_blank\" rel=\"noreferrer noopener nofollow\">\u00ab\u00a0La ZTL est une r\u00e9ponse \u00e0 la morosit\u00e9 ambiante\u00a0\u00bb Gr\u00e9gory Doucet<\/a><\/p>\n<p>Dans cette \u00e9dition, focus sur l\u2019Ecole des Savoirs Partag\u00e9s<\/p>\n<p>L\u2019\u00c9cole des savoirs partag\u00e9s est une\u00a0<strong>\u00e9cole alternative \u00e0 \u00e9chelle humaine<\/strong>. Elle accueillera d\u00e8s la rentr\u00e9e 2025,  les enfants du CP au CM2. Pour leur permet d\u2019<strong>\u00eatre pleinement acteurs et actrices de leurs apprentissages<\/strong>\u2026<\/p>\n<p>Ecoutez aussi : <a href=\"https:\/\/www.lyondemain.fr\/actualite-de-ce-mardi-24-juin-lyon-info-premieres-pages-ecully\/\" target=\"_blank\" rel=\"noreferrer noopener nofollow\">Toute l\u2019actualit\u00e9 de ce mardi 24 juin 2025 \u00e0 Lyon<\/a><\/p>\n<p><img fetchpriority=\"high\" decoding=\"async\" width=\"1200\" height=\"675\" src=\"https:\/\/www.europesays.com\/fr\/wp-content\/uploads\/2025\/06\/actualite-de-ce-mercredi-25-juin-2025.jpg\" alt=\"actualit\u00e9 de ce mercredi 25 juin 2025 info \u00e0 Lyon\" class=\"wp-image-250178\"  \/>Retrouvez aussi le Quart d\u2019Heure Lyonnais de Lyon Demain sur les antennes de Radio Pluriel (Lyon). Radio Salam (Lyon, Saint-Etienne et Bourg) et Radio Arm\u00e9nie (Lyon et Vienne)<br \/>\nJ\u2019aime \u00e7a\u00a0:<\/p>\n<p>J\u2019aime chargement\u2026<\/p>\n<p><a class=\"sd-link-color\"\/><\/p>\n<p>\n\tArticles similaires\n<\/p>\n<p>\t\t\t\t<img decoding=\"async\" src=\"https:\/\/www.europesays.com\/fr\/wp-content\/uploads\/2025\/06\/1750842557_442_7866158698e17e8ed633c05e8f8e7fe5d9e057ad78661c4dc34e413abb6b9f19\" alt=\"G\u00e9rald Bouchon\"\/><\/p>\n<p>Pionnier des radios libres, passionn\u00e9 de radio, journaliste et dirigeant de m\u00e9dias \u00e9co-responsables..<\/p>\n","protected":false},"excerpt":{"rendered":"ECOUTEZ LE 1\/4H LYONNAIS\u2026 Toute l\u2019actualit\u00e9 de ce mercredi 25 juin 2025 LE 1\/4H LYONNAIS | mercredi 25&hellip;\n","protected":false},"author":2,"featured_media":202848,"comment_status":"","ping_status":"","sticky":false,"template":"","format":"standard","meta":{"footnotes":""},"categories":[1889],"tags":[1111,11,2430,34222,6698,34223,19747,34224,34225,1719,9614,1777,674,30282,1011,27,34226,9087,2615,21194,2428,12,978,34227,2872,13386,25,32107,34228,29496,13263],"class_list":{"0":"post-202847","1":"post","2":"type-post","3":"status-publish","4":"format-standard","5":"has-post-thumbnail","7":"category-lyon","8":"tag-actu","9":"tag-actualites","10":"tag-auvergne-rhone-alpes","11":"tag-bernard-lacombe","12":"tag-canicule","13":"tag-charte","14":"tag-dncg","15":"tag-ecole-alternative","16":"tag-ecole-des-savoirs-partages","17":"tag-enfants","18":"tag-enseignement","19":"tag-eu","20":"tag-europe","21":"tag-fortes-chaleurs","22":"tag-fr","23":"tag-france","24":"tag-lautre-cercle","25":"tag-lgbt","26":"tag-loi-plm","27":"tag-lycees","28":"tag-lyon","29":"tag-news","30":"tag-olympique-lyonnais","31":"tag-pedagogies-alternatives","32":"tag-police-municipale","33":"tag-region-auvergne-rhone-alpes","34":"tag-republique-francaise","35":"tag-rillieux","36":"tag-robin-purgus","37":"tag-universite-lyon-2","38":"tag-vegetarien"},"share_on_mastodon":{"url":"https:\/\/pubeurope.com\/@fr\/114743224884611295","error":""},"_links":{"self":[{"href":"https:\/\/www.europesays.com\/fr\/wp-json\/wp\/v2\/posts\/202847","targetHints":{"allow":["GET"]}}],"collection":[{"href":"https:\/\/www.europesays.com\/fr\/wp-json\/wp\/v2\/posts"}],"about":[{"href":"https:\/\/www.europesays.com\/fr\/wp-json\/wp\/v2\/types\/post"}],"author":[{"embeddable":true,"href":"https:\/\/www.europesays.com\/fr\/wp-json\/wp\/v2\/users\/2"}],"replies":[{"embeddable":true,"href":"https:\/\/www.europesays.com\/fr\/wp-json\/wp\/v2\/comments?post=202847"}],"version-history":[{"count":0,"href":"https:\/\/www.europesays.com\/fr\/wp-json\/wp\/v2\/posts\/202847\/revisions"}],"wp:featuredmedia":[{"embeddable":true,"href":"https:\/\/www.europesays.com\/fr\/wp-json\/wp\/v2\/media\/202848"}],"wp:attachment":[{"href":"https:\/\/www.europesays.com\/fr\/wp-json\/wp\/v2\/media?parent=202847"}],"wp:term":[{"taxonomy":"category","embeddable":true,"href":"https:\/\/www.europesays.com\/fr\/wp-json\/wp\/v2\/categories?post=202847"},{"taxonomy":"post_tag","embeddable":true,"href":"https:\/\/www.europesays.com\/fr\/wp-json\/wp\/v2\/tags?post=202847"}],"curies":[{"name":"wp","href":"https:\/\/api.w.org\/{rel}","templated":true}]}}