{"id":202853,"date":"2025-06-25T09:12:12","date_gmt":"2025-06-25T09:12:12","guid":{"rendered":"https:\/\/www.europesays.com\/fr\/202853\/"},"modified":"2025-06-25T09:12:12","modified_gmt":"2025-06-25T09:12:12","slug":"les-images-de-limportant-panache-de-fumee","status":"publish","type":"post","link":"https:\/\/www.europesays.com\/fr\/202853\/","title":{"rendered":"les images de l\u2019important panache de fum\u00e9e"},"content":{"rendered":"<p><strong>VID\u00c9O <\/strong>&#8211; La pr\u00e9fecture du Val-d\u2019Oise a d\u00e9cid\u00e9 de fermer un coll\u00e8ge et un lyc\u00e9e.<\/p>\n<p class=\"fig-paragraph\">Les pompiers sont toujours \u00e0 l\u2019\u0153uvre. Un incendie s\u2019est d\u00e9clench\u00e9 mardi 24 juin dans la soir\u00e9e et continue de se propager mercredi dans la commune de Groslay, dans\u00a0<a href=\"https:\/\/www.lefigaro.fr\/tag\/val-d-oise\" target=\"_blank\" rel=\"noopener\" data-gtm-custom-categorie=\"navigation\" data-gtm-custom-action=\"crossclick\" data-gtm-custom-label=\"Contextuel\" data-gtm-event=\"customEventSPE\">le Val-d\u2019Oise<\/a>. \u00abUne intervention est toujours en cours\u00bb, indique ce matin la pr\u00e9fecture, pr\u00e9cisant avoir demand\u00e9 cette nuit au Laboratoire central de la pr\u00e9fecture de police (LCPP) des mesures concernant la qualit\u00e9 de l\u2019air. \u00abSelon le LCPP, \u00e0 6 heures ce matin , les valeurs de particules fines sont de l\u2019ordre de 600 \u00b5g\/m3 pour une valeur de r\u00e9f\u00e9rence de 300\u00bb, rapporte-t-elle sur le r\u00e9seau social X.<\/p>\n<p class=\"fig-paragraph\">Par pr\u00e9caution, le coll\u00e8ge Copernic, \u00e0 Montmagny, et l\u2019\u00e9cole des Glaisi\u00e8res, \u00e0 Groslay, ont \u00e9t\u00e9 ferm\u00e9s pour la journ\u00e9e. Les autorit\u00e9s invitent \u00e9galement les riverains proches du site \u00e0 ne pas ouvrir leurs habitations jusqu\u2019\u00e0 la fin de l\u2019incendie.<\/p>\n<p class=\"fig-paragraph\"><a href=\"https:\/\/www.lefigaro.fr\/tag\/reseaux-sociaux\" target=\"_blank\" rel=\"noopener\" data-gtm-custom-categorie=\"navigation\" data-gtm-custom-action=\"crossclick\" data-gtm-custom-label=\"Contextuel\" data-gtm-event=\"customEventSPE\">Des vid\u00e9os publi\u00e9es sur les r\u00e9seaux sociaux<\/a>\u00a0montrent un important panache de fum\u00e9e se d\u00e9gager de la commune francilienne, alors que les internautes font \u00e9tat d\u2019une odeur particuli\u00e8re plusieurs kilom\u00e8tres \u00e0 la ronde. \u00ab\u00c0 Neuilly-sur-Seine, \u00e7a pue le plastique br\u00fbl\u00e9 \u00e0 plein nez\u00bb, t\u00e9moigne l\u2019un d\u2019entre eux sur X. Les riverains s\u2019interrogent \u00e9galement sur l\u2019origine de l\u2019incendie et partagent leur inqui\u00e9tude\u00a0: \u00abLes flammes sont folles. Toute la zone est en train de br\u00fbler\u00a0? Tr\u00e8s impressionnant, en esp\u00e9rant que \u00e7a ne reste que mat\u00e9riel\u00bb.<\/p>\n<p class=\"fig-paragraph\">Si l\u2019origine de l\u2019incendie reste \u00e0 d\u00e9terminer, plusieurs feux ont \u00e9t\u00e9 d\u00e9clench\u00e9s depuis dimanche soir dans le m\u00eame secteur. Ces incendies volontaires seraient li\u00e9s \u00e0 une op\u00e9ration d\u2019expulsion\u00a0<a href=\"http:\/\/www.lefigaro.fr\/lyon\/le-maire-d-un-petit-village-proche-de-lyon-agresse-par-des-gens-du-voyage-installes-illegalement-sur-sa-commune-20250610\" data-fig-type=\"NewsFlash\" data-gtm-custom-categorie=\"navigation\" data-gtm-custom-action=\"crossclick\" data-gtm-custom-label=\"Contextuel\" data-gtm-event=\"customEventSPE\" data-fig-domain=\"LEFIGARO\" target=\"_blank\" rel=\"noopener\">de gens du voyage<\/a>\u00a0de l\u2019avenue Utrillo, pr\u00e9vue dans le cadre du r\u00e9am\u00e9nagement de la butte Pinson, \u00e0 Groslay.<\/p>\n","protected":false},"excerpt":{"rendered":"VID\u00c9O &#8211; La pr\u00e9fecture du Val-d\u2019Oise a d\u00e9cid\u00e9 de fermer un coll\u00e8ge et un lyc\u00e9e. Les pompiers sont&hellip;\n","protected":false},"author":2,"featured_media":202854,"comment_status":"","ping_status":"","sticky":false,"template":"","format":"standard","meta":{"footnotes":""},"categories":[1888],"tags":[1111,1928,47,11,1927,1109,1112,1777,674,118,1108,107,1106,1107,1011,27,1310,1110,1114,14,12,1926,1113,626,1925,316,25],"class_list":{"0":"post-202853","1":"post","2":"type-post","3":"status-publish","4":"format-standard","5":"has-post-thumbnail","7":"category-paris","8":"tag-actu","9":"tag-actu-paris","10":"tag-actualite","11":"tag-actualites","12":"tag-actualites-paris","13":"tag-breves","14":"tag-depeches","15":"tag-eu","16":"tag-europe","17":"tag-faits-divers","18":"tag-fil","19":"tag-fil-info","20":"tag-flash","21":"tag-flash-actu","22":"tag-fr","23":"tag-france","24":"tag-incendie","25":"tag-informations","26":"tag-infos","27":"tag-international","28":"tag-news","29":"tag-news-paris","30":"tag-nouvelles","31":"tag-paris","32":"tag-paris-news","33":"tag-politique","34":"tag-republique-francaise"},"share_on_mastodon":{"url":"https:\/\/pubeurope.com\/@fr\/114743236658509177","error":""},"_links":{"self":[{"href":"https:\/\/www.europesays.com\/fr\/wp-json\/wp\/v2\/posts\/202853","targetHints":{"allow":["GET"]}}],"collection":[{"href":"https:\/\/www.europesays.com\/fr\/wp-json\/wp\/v2\/posts"}],"about":[{"href":"https:\/\/www.europesays.com\/fr\/wp-json\/wp\/v2\/types\/post"}],"author":[{"embeddable":true,"href":"https:\/\/www.europesays.com\/fr\/wp-json\/wp\/v2\/users\/2"}],"replies":[{"embeddable":true,"href":"https:\/\/www.europesays.com\/fr\/wp-json\/wp\/v2\/comments?post=202853"}],"version-history":[{"count":0,"href":"https:\/\/www.europesays.com\/fr\/wp-json\/wp\/v2\/posts\/202853\/revisions"}],"wp:featuredmedia":[{"embeddable":true,"href":"https:\/\/www.europesays.com\/fr\/wp-json\/wp\/v2\/media\/202854"}],"wp:attachment":[{"href":"https:\/\/www.europesays.com\/fr\/wp-json\/wp\/v2\/media?parent=202853"}],"wp:term":[{"taxonomy":"category","embeddable":true,"href":"https:\/\/www.europesays.com\/fr\/wp-json\/wp\/v2\/categories?post=202853"},{"taxonomy":"post_tag","embeddable":true,"href":"https:\/\/www.europesays.com\/fr\/wp-json\/wp\/v2\/tags?post=202853"}],"curies":[{"name":"wp","href":"https:\/\/api.w.org\/{rel}","templated":true}]}}