{"id":202855,"date":"2025-06-25T09:13:09","date_gmt":"2025-06-25T09:13:09","guid":{"rendered":"https:\/\/www.europesays.com\/fr\/202855\/"},"modified":"2025-06-25T09:13:09","modified_gmt":"2025-06-25T09:13:09","slug":"marc-lavoine-et-adriana-karembeu-devoilent-de-tendres-photos-en-famille-a-disneyland-paris","status":"publish","type":"post","link":"https:\/\/www.europesays.com\/fr\/202855\/","title":{"rendered":"Marc Lavoine et Adriana Karembeu d\u00e9voilent de tendres photos en famille \u00e0 Disneyland Paris"},"content":{"rendered":"<p itemprop=\"description\"><strong>Rien de mieux pour faire plaisir aux enfants qu&rsquo;un petit s\u00e9jour f\u00e9\u00e9rique \u00e0 Disneyland Paris.<\/strong><\/p>\n<p>Cela fait maintenant <a href=\"https:\/\/mradio.fr\/news\/people\/53094\/marc-lavoine-et-adriana-karembeu-plus-amoureux-que-jamais-ils-officialisent-enfin\" target=\"_blank\" rel=\"noopener\">presque un an que <strong>Marc Lavoine et Adriana Karembeu<\/strong> semblent vivre une <strong>histoire d&rsquo;amour<\/strong><\/a><strong> assez passionnelle, et \u00e9galement tr\u00e8s m\u00e9diatis\u00e9e<\/strong>, car les deux personnes sont des gens tr\u00e8s en vue dans la presse people. R\u00e9guli\u00e8rement, ils nous offrent des photos tr\u00e8s mignonnes, o\u00f9 les deux stars semblent vraiment \u00ab\u00a0in love\u00a0\u00bb, quitte \u00e0 en rajouter un peu parfois pour les cam\u00e9ras. Et <strong>ce weekend, le couple, accompagn\u00e9 de deux de leurs enfants, a d\u00e9cid\u00e9 de partager avec les fans leur voyage \u00e0 Disneyland Paris !<\/strong><\/p>\n<p><strong>Un voyage en famille \u00e0 Disney<\/strong>, voil\u00e0 qui peut faire un peu clich\u00e9 ! En effet, on ne compte plus le nombre de stars, mais aussi d&rsquo;inconnus, qui prennent des photos devant l&rsquo;entr\u00e9e du c\u00e9l\u00e8bre parc d&rsquo;attractions, ou \u00e0 c\u00f4t\u00e9 du ch\u00e2teau, mais en m\u00eame temps \u00e7a montre aussi que <strong>les deux vedettes sont aussi des gens comme tout le monde, qui vont \u00e0 Disneyland pour faire plaisir aux enfants<\/strong>. Mais si on en croit les photos, <strong>les enfants ne sont pas les seuls contents d&rsquo;\u00eatre l\u00e0 : <a href=\"https:\/\/mradio.fr\/news\/people\/54727\/marc-lavoine-cette-chose-qui-peut-durer-des-heures-avec-adriana-karembeu\" target=\"_blank\" rel=\"noopener\">Adriana<\/a> semble \u00eatre aux anges !<\/strong><\/p>\n<p>Sur son compte Instagram, elle a donc partag\u00e9 une s\u00e9rie de clich\u00e9s de la petite famille en s\u00e9jour \u00e0 Disney, et sur la premi\u00e8re photo, on la voit avec <strong>un grand sourire, en compagnie de sa fille Nina, de <a href=\"https:\/\/mradio.fr\/news\/people\/54599\/marc-lavoine-decouvrez-son-magnifique-week-end-en-amoureux-avec-adriana-karembeu\" target=\"_blank\" rel=\"noopener\">Marc Lavoine<\/a>, et de son fils Roman<\/strong>. Une famille recompos\u00e9e qui vit le r\u00eave Disney \u00e0 fond, comme le pr\u00e9cise la l\u00e9gende :<\/p>\n<blockquote><p>&#13;<\/p>\n<p><strong>\u00ab\u00a0Ce r\u00eave bleu\u2026\u00a0\u00bb Un moment magique en famille devant ce ch\u00e2teau ou je retrouve mon \u00e2me d\u2019enfant. <\/strong>Des yeux qui brillent, des fous rires, de la magie dans l\u2019air\u2026 et des souvenirs qu\u2019on n\u2019est pas pr\u00e8s d\u2019oublier !<\/p>\n<p>&#13;\n<\/p><\/blockquote>\n<p>Marc Lavoine a l&rsquo;air d&rsquo;un peu moins s&rsquo;amuser, quant \u00e0 lui, mais il faut dire qu&rsquo;<strong>il a souvent l&rsquo;air s\u00e9rieux et parfois m\u00eame \u00ab\u00a0intense\u00a0\u00bb sur certaines photos.<\/strong> En tout cas, les photos sont magnifiques, et \u00e7a donnerait presque envie de retourner \u00e0 Disneyland Paris, m\u00eame si on est un peu vieux !<\/p>\n<blockquote class=\"instagram-media\" style=\"background: #FFF; border: 0; border-radius: 3px; box-shadow: 0 0 1px 0 rgba(0,0,0,0.5),0 1px 10px 0 rgba(0,0,0,0.15); margin: 1px; max-width: 540px; min-width: 326px; padding: 0; width: calc(100% - 2px);\" data-instgrm-captioned=\"\" data-instgrm-permalink=\"https:\/\/www.instagram.com\/p\/DLSH71SNYUO\/?utm_source=ig_embed&amp;utm_campaign=loading\" data-instgrm-version=\"14\"><p>&#13;<br \/>\n&#13;\n<\/p><\/blockquote>\n<p>\t\t\t\t\t\t\t\t\t\t\t\t\t\t\t\t\t\t\t<script async src=\"\/\/www.instagram.com\/embed.js\"><\/script><\/p>\n","protected":false},"excerpt":{"rendered":"Rien de mieux pour faire plaisir aux enfants qu&rsquo;un petit s\u00e9jour f\u00e9\u00e9rique \u00e0 Disneyland Paris. Cela fait maintenant&hellip;\n","protected":false},"author":2,"featured_media":202856,"comment_status":"","ping_status":"","sticky":false,"template":"","format":"standard","meta":{"footnotes":""},"categories":[1888],"tags":[1111,1928,11,1927,3723,2937,1695,1697,1777,674,1011,26,27,3722,3724,12,1926,626,1925,3725,1825,25],"class_list":{"0":"post-202855","1":"post","2":"type-post","3":"status-publish","4":"format-standard","5":"has-post-thumbnail","7":"category-paris","8":"tag-actu","9":"tag-actu-paris","10":"tag-actualites","11":"tag-actualites-paris","12":"tag-actus","13":"tag-artistes","14":"tag-chanson","15":"tag-concert","16":"tag-eu","17":"tag-europe","18":"tag-fr","19":"tag-francaise","20":"tag-france","21":"tag-mradio","22":"tag-musicale","23":"tag-news","24":"tag-news-paris","25":"tag-paris","26":"tag-paris-news","27":"tag-podcast","28":"tag-radio","29":"tag-republique-francaise"},"share_on_mastodon":{"url":"https:\/\/pubeurope.com\/@fr\/114743240554280481","error":""},"_links":{"self":[{"href":"https:\/\/www.europesays.com\/fr\/wp-json\/wp\/v2\/posts\/202855","targetHints":{"allow":["GET"]}}],"collection":[{"href":"https:\/\/www.europesays.com\/fr\/wp-json\/wp\/v2\/posts"}],"about":[{"href":"https:\/\/www.europesays.com\/fr\/wp-json\/wp\/v2\/types\/post"}],"author":[{"embeddable":true,"href":"https:\/\/www.europesays.com\/fr\/wp-json\/wp\/v2\/users\/2"}],"replies":[{"embeddable":true,"href":"https:\/\/www.europesays.com\/fr\/wp-json\/wp\/v2\/comments?post=202855"}],"version-history":[{"count":0,"href":"https:\/\/www.europesays.com\/fr\/wp-json\/wp\/v2\/posts\/202855\/revisions"}],"wp:featuredmedia":[{"embeddable":true,"href":"https:\/\/www.europesays.com\/fr\/wp-json\/wp\/v2\/media\/202856"}],"wp:attachment":[{"href":"https:\/\/www.europesays.com\/fr\/wp-json\/wp\/v2\/media?parent=202855"}],"wp:term":[{"taxonomy":"category","embeddable":true,"href":"https:\/\/www.europesays.com\/fr\/wp-json\/wp\/v2\/categories?post=202855"},{"taxonomy":"post_tag","embeddable":true,"href":"https:\/\/www.europesays.com\/fr\/wp-json\/wp\/v2\/tags?post=202855"}],"curies":[{"name":"wp","href":"https:\/\/api.w.org\/{rel}","templated":true}]}}