{"id":202873,"date":"2025-06-25T09:23:11","date_gmt":"2025-06-25T09:23:11","guid":{"rendered":"https:\/\/www.europesays.com\/fr\/202873\/"},"modified":"2025-06-25T09:23:11","modified_gmt":"2025-06-25T09:23:11","slug":"paiements-worldline-mis-en-cause-par-plusieurs-medias-pour-des-transactions-douteuses-25-06-2025-a-1040","status":"publish","type":"post","link":"https:\/\/www.europesays.com\/fr\/202873\/","title":{"rendered":"Paiements: Worldline mis en cause par plusieurs m\u00e9dias pour des transactions douteuses &#8211; 25\/06\/2025 \u00e0 10:40"},"content":{"rendered":"<p>\n Une enqu\u00eate de plusieurs m\u00e9dias, dont Mediapart, affirme mercredi que le sp\u00e9cialiste fran\u00e7ais des paiements<br \/>\n <a href=\"https:\/\/www.boursorama.com\/cours\/1rPWLN\/\" rel=\"nofollow noopener\" target=\"_blank\"><br \/>\n  Worldline<br \/>\n <\/a><br \/>\n a trait\u00e9 pendant des ann\u00e9es des milliards d&rsquo;euros de transactions douteuses, voire frauduleuses, faisant plonger l&rsquo;action de la soci\u00e9t\u00e9 en Bourse.\n<\/p>\n<p>        <img fetchpriority=\"high\" decoding=\"async\" src=\"https:\/\/www.europesays.com\/fr\/wp-content\/uploads\/2025\/06\/265a90dec7830de81abf46dc0b41436b-760x508.jpg\" alt=\"( AFP \/ GREG BAKER )\" loading=\"eager\" width=\"760\" height=\"508\" style=\"max-width: 100%!important; height: auto;\"\/><\/p>\n<p class=\"c-image-news__legend\">( AFP \/ GREG BAKER )<\/p>\n<p>\n \u00ab\u00a0Pendant la derni\u00e8re d\u00e9cennie, le groupe Worldline a op\u00e9r\u00e9, en toute impunit\u00e9, des milliards d\u2019euros de paiements frauduleux ou contraires \u00e0 l\u2019\u00e9thique pour le compte des pires acteurs du commerce en ligne: arnaqueurs, casinos ill\u00e9gaux, groupes pornos controvers\u00e9s, sites de prostitution et r\u00e9seaux de blanchiment pr\u00e9sum\u00e9s\u00a0\u00bb, \u00e9crit le site fran\u00e7ais d&rsquo;investigation en ligne.\n<\/p>\n<p>\n Worldline, maillon essentiel de la cha\u00eene des paiements, se r\u00e9mun\u00e8re en commissions sur le flux de paiements vers\u00e9s \u00e0 ses clients &#8211; des marchands physiques et en ligne.\n<\/p>\n<p>\n L&rsquo;enqu\u00eate, bas\u00e9e sur des documents et des donn\u00e9es internes confidentiels, a \u00e9t\u00e9 men\u00e9e par 21 vingt m\u00e9dias internationaux coordonn\u00e9s par le r\u00e9seau European Investigative Collaborations (EIC).\n<\/p>\n<p>\n Worldline \u00ab\u00a0a sciemment ferm\u00e9 les yeux, en violation de ses obligations r\u00e9glementaires, sur les pratiques frauduleuses de ses clients classifi\u00e9s comme +\u00e0 haut risque+, c\u2019est-\u00e0-dire particuli\u00e8rement expos\u00e9s au risque de fraude et de blanchiment\u00a0\u00bb, continue Mediapart.\n<\/p>\n<p>\n Les journalistes lient certaines des difficult\u00e9s actuelles de l&rsquo;entreprise &#8211; enqu\u00eate du superviseur allemand, la BaFin, r\u00e9visions successives \u00e0 la baisse des objectifs financiers, chute de l&rsquo;action en Bourse &#8211; \u00e0 la \u00ab\u00a0d\u00e9sintoxication\u00a0\u00bb en cours de Worldline \u00e0 ce type de clients.\n<\/p>\n<p>\n L&rsquo;action de Worldline \u00e9voluait mercredi \u00e0 son plus bas historique: elle plongeait de 22,56% vers 10H10, \u00e0 3,55 euros, tr\u00e8s loin des sommets de l&rsquo;\u00e9t\u00e9 2021, \u00e0 plus de 85 euros.\n<\/p>\n<p>\n \u00ab\u00a0Depuis 2023, le groupe a renforc\u00e9 son cadre de gestion des risques li\u00e9s aux commer\u00e7ants afin d\u2019en assurer la totale conformit\u00e9 aux lois et r\u00e9glementations\u00a0\u00bb, a r\u00e9agi la soci\u00e9t\u00e9 dans un communiqu\u00e9 publi\u00e9 mercredi.\n<\/p>\n<p>\n \u00ab\u00a0L\u2019activit\u00e9 du groupe dans le +haut risque+ reste massive\u00a0\u00bb, affirme Mediapart.\n<\/p>\n<p>\n Le nouveau directeur g\u00e9n\u00e9ral de la soci\u00e9t\u00e9, Pierre-Antoine Vacheron, nomm\u00e9 en f\u00e9vrier, pr\u00e9cisera les nouveaux objectifs financiers de Worldline le 30 juillet, lors de la pr\u00e9sentation des r\u00e9sultats du premier semestre.<\/p>\n","protected":false},"excerpt":{"rendered":"Une enqu\u00eate de plusieurs m\u00e9dias, dont Mediapart, affirme mercredi que le sp\u00e9cialiste fran\u00e7ais des paiements Worldline a trait\u00e9&hellip;\n","protected":false},"author":2,"featured_media":202874,"comment_status":"","ping_status":"","sticky":false,"template":"","format":"standard","meta":{"footnotes":""},"categories":[2],"tags":[400,11,398,408,405,1011,27,403,402,399,404,12,25,401,406,407],"class_list":{"0":"post-202873","1":"post","2":"type-post","3":"status-publish","4":"format-standard","5":"has-post-thumbnail","7":"category-actualites","8":"tag-action-cac-40","9":"tag-actualites","10":"tag-bourse-de-paris","11":"tag-boursorama","12":"tag-cotations","13":"tag-fr","14":"tag-france","15":"tag-indices-devises","16":"tag-investir","17":"tag-investissement","18":"tag-marche-boursier","19":"tag-news","20":"tag-republique-francaise","21":"tag-sicav","22":"tag-trackers","23":"tag-warrants"},"share_on_mastodon":{"url":"https:\/\/pubeurope.com\/@fr\/114743279864972814","error":""},"_links":{"self":[{"href":"https:\/\/www.europesays.com\/fr\/wp-json\/wp\/v2\/posts\/202873","targetHints":{"allow":["GET"]}}],"collection":[{"href":"https:\/\/www.europesays.com\/fr\/wp-json\/wp\/v2\/posts"}],"about":[{"href":"https:\/\/www.europesays.com\/fr\/wp-json\/wp\/v2\/types\/post"}],"author":[{"embeddable":true,"href":"https:\/\/www.europesays.com\/fr\/wp-json\/wp\/v2\/users\/2"}],"replies":[{"embeddable":true,"href":"https:\/\/www.europesays.com\/fr\/wp-json\/wp\/v2\/comments?post=202873"}],"version-history":[{"count":0,"href":"https:\/\/www.europesays.com\/fr\/wp-json\/wp\/v2\/posts\/202873\/revisions"}],"wp:featuredmedia":[{"embeddable":true,"href":"https:\/\/www.europesays.com\/fr\/wp-json\/wp\/v2\/media\/202874"}],"wp:attachment":[{"href":"https:\/\/www.europesays.com\/fr\/wp-json\/wp\/v2\/media?parent=202873"}],"wp:term":[{"taxonomy":"category","embeddable":true,"href":"https:\/\/www.europesays.com\/fr\/wp-json\/wp\/v2\/categories?post=202873"},{"taxonomy":"post_tag","embeddable":true,"href":"https:\/\/www.europesays.com\/fr\/wp-json\/wp\/v2\/tags?post=202873"}],"curies":[{"name":"wp","href":"https:\/\/api.w.org\/{rel}","templated":true}]}}