{"id":202881,"date":"2025-06-25T09:28:11","date_gmt":"2025-06-25T09:28:11","guid":{"rendered":"https:\/\/www.europesays.com\/fr\/202881\/"},"modified":"2025-06-25T09:28:11","modified_gmt":"2025-06-25T09:28:11","slug":"saint-juery-lecole-de-rugby-du-sjao-xv-labellisee-2-etoiles","status":"publish","type":"post","link":"https:\/\/www.europesays.com\/fr\/202881\/","title":{"rendered":"Saint-Ju\u00e9ry\u00a0: l\u2019\u00e9cole de rugby du SJAO XV labellis\u00e9e 2 \u00e9toiles"},"content":{"rendered":"<p>\n                                                                    l&rsquo;essentiel<br \/>\n                                                                Si l\u2019\u00e9cole de rugby est la base de tout club bien structur\u00e9, alors le SJAO XV s\u2019appuie sur des bases particuli\u00e8rement solides. En progression depuis de nombreuses ann\u00e9es, l\u2019\u00e9cole a d\u00e9pass\u00e9 les 150 licenci\u00e9s, chiffre symbolique, jug\u00e9 indispensable \u00e0 l\u2019autonomie d\u2019un club dans les jeunes cat\u00e9gories et pouvoir ainsi assurer sa p\u00e9rennit\u00e9.\n                            <\/p>\n<p>Mais ses responsables ne se sont pas content\u00e9s de travailler sur le nombre. Ils ont affin\u00e9 leur projet \u00e9ducatif pour en renforcer la qualit\u00e9, tant sportive qu\u2019\u00e9ducative ce qui leur a permis de renouveler sans difficult\u00e9 leur label 2 \u00e9toiles. Le nombre d\u2019\u00e9ducateurs ne cesse d\u2019augmenter, atteignant \u00e0 ce jour la trentaine, dont la quasi-totalit\u00e9 est dipl\u00f4m\u00e9e ou en cours de formation. L\u2019aspiration est donc aujourd\u2019hui plus que jamais tourn\u00e9e vers la qualit\u00e9.<\/p>\n<p>L\u2019organisation administrative s\u2019adapte, elle aussi, \u00e0 cette mont\u00e9e en puissance. Malgr\u00e9 la crise du b\u00e9n\u00e9volat, de nombreux parents s\u2019impliquent, que ce soit ponctuellement lors d\u2019\u00e9v\u00e9nements ou r\u00e9guli\u00e8rement dans les t\u00e2ches dans les t\u00e2ches r\u00e9currentes ou l\u2019accompagnement.<\/p>\n<p>Cet investissement nourrit l\u2019ambiance familiale et chaleureuse du club avec en point d\u2019orgue la f\u00eate de No\u00ebl ou le voyage de fin d\u2019ann\u00e9e, sans compter les go\u00fbters tr\u00e8s appr\u00e9ci\u00e9s tout au long de la saison. L\u2019\u00e9cole a aussi montr\u00e9 sa capacit\u00e9 \u00e0 organiser des \u00e9v\u00e9nements importants et la dixi\u00e8me \u00e9dition du Tournoi Pasturel fut une r\u00e9ussite qui ne demande qu\u2019\u00e0 se renouveler et prendre de l\u2019ampleur.<\/p>\n<p>La force de ce groupe r\u00e9side dans ceux qui donnent l\u2019impulsion, mais c\u2019est avant tout l\u2019\u00e9quipe, o\u00f9 les gens passent mais o\u00f9 perdurent l\u2019engagement et l\u2019esprit. Et, signe qui ne trompe pas, de nombreux appels de familles d\u00e9j\u00e0 d\u00e9sireuses de s\u2019inscrire pour la saison prochaine. Des fondations solides, promises \u00e0 durer.<\/p>\n","protected":false},"excerpt":{"rendered":"l&rsquo;essentiel Si l\u2019\u00e9cole de rugby est la base de tout club bien structur\u00e9, alors le SJAO XV s\u2019appuie&hellip;\n","protected":false},"author":2,"featured_media":202882,"comment_status":"","ping_status":"","sticky":false,"template":"","format":"standard","meta":{"footnotes":""},"categories":[1416],"tags":[1011,27,479,1468,60],"class_list":{"0":"post-202881","1":"post","2":"type-post","3":"status-publish","4":"format-standard","5":"has-post-thumbnail","7":"category-rugby","8":"tag-fr","9":"tag-france","10":"tag-rugby","11":"tag-rugby-football","12":"tag-sports"},"share_on_mastodon":{"url":"https:\/\/pubeurope.com\/@fr\/114743299450547905","error":""},"_links":{"self":[{"href":"https:\/\/www.europesays.com\/fr\/wp-json\/wp\/v2\/posts\/202881","targetHints":{"allow":["GET"]}}],"collection":[{"href":"https:\/\/www.europesays.com\/fr\/wp-json\/wp\/v2\/posts"}],"about":[{"href":"https:\/\/www.europesays.com\/fr\/wp-json\/wp\/v2\/types\/post"}],"author":[{"embeddable":true,"href":"https:\/\/www.europesays.com\/fr\/wp-json\/wp\/v2\/users\/2"}],"replies":[{"embeddable":true,"href":"https:\/\/www.europesays.com\/fr\/wp-json\/wp\/v2\/comments?post=202881"}],"version-history":[{"count":0,"href":"https:\/\/www.europesays.com\/fr\/wp-json\/wp\/v2\/posts\/202881\/revisions"}],"wp:featuredmedia":[{"embeddable":true,"href":"https:\/\/www.europesays.com\/fr\/wp-json\/wp\/v2\/media\/202882"}],"wp:attachment":[{"href":"https:\/\/www.europesays.com\/fr\/wp-json\/wp\/v2\/media?parent=202881"}],"wp:term":[{"taxonomy":"category","embeddable":true,"href":"https:\/\/www.europesays.com\/fr\/wp-json\/wp\/v2\/categories?post=202881"},{"taxonomy":"post_tag","embeddable":true,"href":"https:\/\/www.europesays.com\/fr\/wp-json\/wp\/v2\/tags?post=202881"}],"curies":[{"name":"wp","href":"https:\/\/api.w.org\/{rel}","templated":true}]}}