{"id":202885,"date":"2025-06-25T09:31:10","date_gmt":"2025-06-25T09:31:10","guid":{"rendered":"https:\/\/www.europesays.com\/fr\/202885\/"},"modified":"2025-06-25T09:31:10","modified_gmt":"2025-06-25T09:31:10","slug":"luca-marini-fait-leloge-de-larrivee-de-razgatlioglu-en-motogp-il-le-merite","status":"publish","type":"post","link":"https:\/\/www.europesays.com\/fr\/202885\/","title":{"rendered":"Luca Marini fait l&rsquo;\u00e9loge de l&rsquo;arriv\u00e9e de Razgatlioglu en MotoGP : &lsquo;Il le m\u00e9rite&rsquo;"},"content":{"rendered":"<p>Luca Marini estime que Toprak Razgatlioglu m\u00e9rite pleinement de passer \u00e0 MotoGP en 2026, soulignant le palmar\u00e8s r\u00e9ussi du pilote turc dans le Championnat du Monde Superbike.<\/p>\n<p>Le pilote Honda a soulign\u00e9 la capacit\u00e9 constante de Razgatlioglu \u00e0 se d\u00e9marquer de la concurrence. \u2018C\u2019est g\u00e9nial. Je pense qu\u2019il le m\u00e9rite. Il a su faire la diff\u00e9rence en Superbikes, surtout contre ses co\u00e9quipiers \u00e0 chaque fois\u2019, a d\u00e9clar\u00e9 Marini, reconnaissant la qualit\u00e9 du double champion du monde.<\/p>\n<p>La transition vers MotoGP pr\u00e9sentera des d\u00e9fis uniques, notamment le passage des pneus Pirelli aux pneus Michelin. Marini anticipe des difficult\u00e9s initiales mais reste optimiste quant aux capacit\u00e9s de Yamaha \u00e0 soutenir le processus d\u2019adaptation.<\/p>\n<p>L\u2019Italien voit 2027 comme une ann\u00e9e potentiellement d\u00e9cisive pour Razgatlioglu, lorsque MotoGP reviendra aux pneus Pirelli. \u2018C\u2019est un peu difficile de changer les pneus de Pirelli \u00e0 Michelin, mais \u00e0 partir de 2027, il aura \u00e0 nouveau des Pirelli, donc \u00e0 partir de cette ann\u00e9e-l\u00e0, il sera rapide\u2019, a-t-il pr\u00e9dit.<\/p>\n<p>Ce recrutement repr\u00e9sente l\u2019un des rares mouvements d\u00e9j\u00e0 confirm\u00e9s dans un march\u00e9 des pilotes relativement statique pour 2026.<\/p>\n","protected":false},"excerpt":{"rendered":"Luca Marini estime que Toprak Razgatlioglu m\u00e9rite pleinement de passer \u00e0 MotoGP en 2026, soulignant le palmar\u00e8s r\u00e9ussi&hellip;\n","protected":false},"author":2,"featured_media":202886,"comment_status":"","ping_status":"","sticky":false,"template":"","format":"standard","meta":{"footnotes":""},"categories":[1413],"tags":[1011,27,15966,1457,1456,1458,60],"class_list":{"0":"post-202885","1":"post","2":"type-post","3":"status-publish","4":"format-standard","5":"has-post-thumbnail","7":"category-moto","8":"tag-fr","9":"tag-france","10":"tag-luca-marini","11":"tag-moto","12":"tag-motocycle","13":"tag-motogp","14":"tag-sports"},"share_on_mastodon":{"url":"https:\/\/pubeurope.com\/@fr\/114743311465745989","error":""},"_links":{"self":[{"href":"https:\/\/www.europesays.com\/fr\/wp-json\/wp\/v2\/posts\/202885","targetHints":{"allow":["GET"]}}],"collection":[{"href":"https:\/\/www.europesays.com\/fr\/wp-json\/wp\/v2\/posts"}],"about":[{"href":"https:\/\/www.europesays.com\/fr\/wp-json\/wp\/v2\/types\/post"}],"author":[{"embeddable":true,"href":"https:\/\/www.europesays.com\/fr\/wp-json\/wp\/v2\/users\/2"}],"replies":[{"embeddable":true,"href":"https:\/\/www.europesays.com\/fr\/wp-json\/wp\/v2\/comments?post=202885"}],"version-history":[{"count":0,"href":"https:\/\/www.europesays.com\/fr\/wp-json\/wp\/v2\/posts\/202885\/revisions"}],"wp:featuredmedia":[{"embeddable":true,"href":"https:\/\/www.europesays.com\/fr\/wp-json\/wp\/v2\/media\/202886"}],"wp:attachment":[{"href":"https:\/\/www.europesays.com\/fr\/wp-json\/wp\/v2\/media?parent=202885"}],"wp:term":[{"taxonomy":"category","embeddable":true,"href":"https:\/\/www.europesays.com\/fr\/wp-json\/wp\/v2\/categories?post=202885"},{"taxonomy":"post_tag","embeddable":true,"href":"https:\/\/www.europesays.com\/fr\/wp-json\/wp\/v2\/tags?post=202885"}],"curies":[{"name":"wp","href":"https:\/\/api.w.org\/{rel}","templated":true}]}}