{"id":20289,"date":"2025-04-12T18:24:07","date_gmt":"2025-04-12T18:24:07","guid":{"rendered":"https:\/\/www.europesays.com\/fr\/20289\/"},"modified":"2025-04-12T18:24:07","modified_gmt":"2025-04-12T18:24:07","slug":"decouvrez-la-nouveaute-ultra-gourmande-lancee-par-ce-coffee-shop","status":"publish","type":"post","link":"https:\/\/www.europesays.com\/fr\/20289\/","title":{"rendered":"d\u00e9couvrez la nouveaut\u00e9 ultra gourmande lanc\u00e9e par ce coffee shop"},"content":{"rendered":"<p>            Par<br \/>\n        <strong><br \/>\n            <a href=\"https:\/\/actu.fr\/auteur\/hervine-mahaud\" title=\"Consulter tous les articles de Hervine Mahaud\" rel=\"nofollow noopener\" target=\"_blank\">Hervine Mahaud<\/a><br \/>\n        <\/strong><\/p>\n<p>        Publi\u00e9 le<\/p>\n<p>            12 avr. 2025 \u00e0 18h14        <\/p>\n<p>\u00ab\u00a0Comme d\u2019habitude, on n\u2019a pas fait les choses \u00e0 moiti\u00e9\u00a0\u00bb. Le g\u00e9rant du <b>Wally\u2019s Coffee<\/b>, <b>coffee shop<\/b> de la rue du Molinel \u00e0 <b>Lille<\/b> (Nord), n\u2019y va pas par quatre chemins pour pr\u00e9senter sa derni\u00e8re nouveaut\u00e9 : le <b>FreakRoll<\/b>. La <b>p\u00e2tisserie<\/b>, inspir\u00e9e du fameux <b>cinnamon roll<\/b>, est ici d\u00e9clin\u00e9e en <b>4 recettes<\/b>, toutes plus <b>gourmandes<\/b> les unes que les autres.<\/p>\n<p>\u00ab\u00a0C\u2019est vraiment d\u00e9cadent\u00a0\u00bb<\/p>\n<p class=\" wall-content\">Ronde, moelleuse et tr\u00e8s g\u00e9n\u00e9reuse. Voici comment on pourrait qualifier la derni\u00e8re trouvaille du coffee shop lillois. Lanc\u00e9s d\u00e9but avril, le FreakRoll est la version XXL du roul\u00e9 \u00e0 la cannelle. Fraise et cream cheese, sp\u00e9culoos, Nutella et bien s\u00fbr cannelle, les quatre recettes propos\u00e9es raviront tous les becs sucr\u00e9s.\u00a0<\/p>\n<p class=\" wall-content\"><a href=\"https:\/\/www.instagram.com\/p\/DIRKFhutfmj\/embed\" title=\"Ouvrir le lien sur Instagram\" rel=\"nofollow noopener\" target=\"_blank\">Visualiser le contenu sur Instagram<\/a><\/p>\n<p class=\" wall-content\">\u00ab\u00a0On s\u2019est inspir\u00e9s de nos FreakShakes (<a href=\"https:\/\/actu.fr\/hauts-de-france\/lille_59350\/exclu-lille-actu-victime-leur-succes-wallys-coffee-freakshakes-demenagent-bientot_15251922.html\" rel=\"nofollow noopener\" target=\"_blank\">les milkshakes surmont\u00e9s d\u2019une p\u00e2tisserie qui ont fait la renomm\u00e9e du Wally\u2019s<\/a>, ndlr) pour lancer les FreakRolls. C\u2019est vraiment d\u00e9cadent, c\u2019est une bombe calorique\u00a0\u00bb, s\u2019amuse Wally.\u00a0<\/p>\n<p class=\" wall-content\">Malgr\u00e9 le c\u00f4t\u00e9 irraisonnable de cette gourmandise, le g\u00e9rant assure que les recettes ont \u00e9t\u00e9 \u00e9labor\u00e9es pour ne pas \u00eatre top \u00e9c\u0153urantes. \u00ab\u00a0On a essay\u00e9 d\u2019\u00e9quilibrer. On met moins de sucre pour le gla\u00e7age pour que \u00e7a reste une exp\u00e9rience agr\u00e9able.\u00a0\u00bb<\/p>\n<p class=\" wall-content\">Si cela ne vous effraie pas, vous aurez la possibilit\u00e9 de go\u00fbter le FreakShake avec son roll. \u00ab\u00a0On l\u2019a fait plus petit pour que \u00e7a passe mieux.\u00a0\u00bb<\/p>\n<p>La nouveaut\u00e9 fait d\u00e9j\u00e0 un carton<\/p>\n<p class=\" wall-content\">Depuis leur lancement, les roul\u00e9s se vendent comme des petits pains (ou, devrait-on dire, brioches !). \u00ab\u00a0Le premier week-end, on en a vendu quasiment 200. \u00c0 15h, il n\u2019y avait plus rien. On va devoir revoir les quantit\u00e9s pour qu\u2019il nous en reste pour le go\u00fbter\u00a0\u00bb, commente Rosy, co-g\u00e9rante du Wally\u2019s Coffee.\u00a0<\/p>\n<p>Vid\u00e9os : en ce moment sur Actu<\/p>\n<p class=\" wall-content\">Vendu 6\u20ac pi\u00e8ce, le FreakRoll pourrait donc \u00eatre le nouveau best-seller du commerce. C\u2019est en tout cas ce que souhaite Wally. \u00ab\u00a0On a besoin de \u00e7a car \u00e7a a \u00e9t\u00e9 tr\u00e8s dur derni\u00e8rement avec les <a href=\"https:\/\/actu.fr\/hauts-de-france\/lille_59350\/lille-apres-deux-ans-et-demi-de-travaux-la-rue-du-molinel-se-reveille-les-bus-sont-de-retour_62323651.html\" rel=\"nofollow noopener\" target=\"_blank\">travaux rue du Molinel<\/a>.\u00a0\u00bb Il a \u00e9galement conscience de devoir sans cesse se renouveler pour plaire aux Lillois. \u00ab\u00a0On a \u00e9t\u00e9 l\u2019un des premiers coffee shops de Lille, les gens nous connaissent bien maintenant. Alors si on veut qu\u2019ils reviennent, il faut proposer de nouvelles choses.\u00a0\u00bb Il peut n\u00e9anmoins compter sur les touristes, \u00ab\u00a0environ 70 % de nos clients\u00a0\u00bb.<\/p>\n<p class=\" wall-content\">Suivez toute l\u2019actualit\u00e9 de vos villes et m\u00e9dias favoris en vous inscrivant \u00e0 <a href=\"https:\/\/moncompte.actu.fr\" title=\"D\u00e9couvez Mon Actu\" rel=\"nofollow noopener\" data-trk=\"{&quot;cta&quot;:{&quot;action&quot;:&quot;https:\\\/\\\/moncompte.actu.fr&quot;,&quot;category&quot;:&quot;mon compte&quot;,&quot;from&quot;:&quot;article footer&quot;,&quot;name&quot;:&quot;Mon actu&quot;,&quot;type&quot;:&quot;cta&quot;}}\" target=\"_blank\">Mon Actu<\/a>.<\/p>\n<p>                    <script async src=\"\/\/www.instagram.com\/embed.js\"><\/script><\/p>\n","protected":false},"excerpt":{"rendered":"Par Hervine Mahaud Publi\u00e9 le 12 avr. 2025 \u00e0 18h14 \u00ab\u00a0Comme d\u2019habitude, on n\u2019a pas fait les choses&hellip;\n","protected":false},"author":2,"featured_media":20290,"comment_status":"","ping_status":"","sticky":false,"template":"","format":"standard","meta":{"footnotes":""},"categories":[2815],"tags":[1111,11,33,1777,674,1011,27,811,1307,12,25,1340],"class_list":{"0":"post-20289","1":"post","2":"type-post","3":"status-publish","4":"format-standard","5":"has-post-thumbnail","7":"category-lille","8":"tag-actu","9":"tag-actualites","10":"tag-economie","11":"tag-eu","12":"tag-europe","13":"tag-fr","14":"tag-france","15":"tag-hauts-de-france","16":"tag-lille","17":"tag-news","18":"tag-republique-francaise","19":"tag-restaurant"},"share_on_mastodon":{"url":"https:\/\/pubeurope.com\/@fr\/114326396197098038","error":""},"_links":{"self":[{"href":"https:\/\/www.europesays.com\/fr\/wp-json\/wp\/v2\/posts\/20289","targetHints":{"allow":["GET"]}}],"collection":[{"href":"https:\/\/www.europesays.com\/fr\/wp-json\/wp\/v2\/posts"}],"about":[{"href":"https:\/\/www.europesays.com\/fr\/wp-json\/wp\/v2\/types\/post"}],"author":[{"embeddable":true,"href":"https:\/\/www.europesays.com\/fr\/wp-json\/wp\/v2\/users\/2"}],"replies":[{"embeddable":true,"href":"https:\/\/www.europesays.com\/fr\/wp-json\/wp\/v2\/comments?post=20289"}],"version-history":[{"count":0,"href":"https:\/\/www.europesays.com\/fr\/wp-json\/wp\/v2\/posts\/20289\/revisions"}],"wp:featuredmedia":[{"embeddable":true,"href":"https:\/\/www.europesays.com\/fr\/wp-json\/wp\/v2\/media\/20290"}],"wp:attachment":[{"href":"https:\/\/www.europesays.com\/fr\/wp-json\/wp\/v2\/media?parent=20289"}],"wp:term":[{"taxonomy":"category","embeddable":true,"href":"https:\/\/www.europesays.com\/fr\/wp-json\/wp\/v2\/categories?post=20289"},{"taxonomy":"post_tag","embeddable":true,"href":"https:\/\/www.europesays.com\/fr\/wp-json\/wp\/v2\/tags?post=20289"}],"curies":[{"name":"wp","href":"https:\/\/api.w.org\/{rel}","templated":true}]}}