{"id":202893,"date":"2025-06-25T09:36:23","date_gmt":"2025-06-25T09:36:23","guid":{"rendered":"https:\/\/www.europesays.com\/fr\/202893\/"},"modified":"2025-06-25T09:36:23","modified_gmt":"2025-06-25T09:36:23","slug":"entree-ouest-du-louvre-un-contre-projet-imperatif","status":"publish","type":"post","link":"https:\/\/www.europesays.com\/fr\/202893\/","title":{"rendered":"Entr\u00e9e ouest du Louvre \u2013 Un contre-projet imp\u00e9ratif"},"content":{"rendered":"<p><a href=\"https:\/\/www.europesays.com\/fr\/wp-content\/uploads\/2025\/06\/02-Nouvelle-entree-@Ameller-Dubois.jpg\"><img loading=\"lazy\" decoding=\"async\" width=\"1024\" height=\"576\" src=\"https:\/\/www.europesays.com\/fr\/wp-content\/uploads\/2025\/06\/02-Nouvelle-entree-@Ameller-Dubois.jpg\" alt=\"Nouvelle entr\u00e9e du Louvre\" class=\"wp-image-78821\"  \/><\/a>Nouvelle entr\u00e9e ouest du Louvre @Ameller Dubois<\/p>\n<p><strong>Le prochain concours international d\u2019architecture lanc\u00e9 par Macron Pr\u00e9sident pour une nouvelle entr\u00e9e du mus\u00e9e du Louvre, \u00e0 Paris face \u00e0 l\u2019\u00e9glise de Saint-Germain-L\u2019Auxerrois, t\u00e9moigne au mieux d\u2019une d\u00e9cision aventureuse, \u00e0 coup s\u00fbr particuli\u00e8rement dispendieuse. L\u2019alternative existe, au moins cinq fois moins on\u00e9reuse\u00a0! Dix fois plus prestigieuse\u00a0? Explications.<\/strong><\/p>\n<p>Depuis trente ans, l\u2019entr\u00e9e du Louvre via la pyramide est inad\u00e9quate, non seulement parce qu\u2019elle est sous-dimensionn\u00e9e \u2013 il suffit de constater les files d\u2019attente sous la pluie ou en plein cagnard \u2013 mais parce que, si en effet la pyramide \u00e9tait une r\u00e9ponse adapt\u00e9e dans l\u2019axe de l\u2019Ob\u00e9lisque et de l\u2019Arc de triomphe, un tel ouvrage n\u2019a jamais eu vocation de servir de porte d\u2019entr\u00e9e, sauf en g\u00e9n\u00e9ral pour un homme seul qui n\u2019en ressort jamais.<\/p>\n<p>De fait, encore le 17\u00a0juin 2025, le Louvre a \u00e9t\u00e9 bloqu\u00e9 plusieurs heures apr\u00e8s une gr\u00e8ve surprise de ses agents d\u2019accueil qui entendaient d\u00e9noncer le surtourisme et des conditions de travail d\u00e9grad\u00e9es apr\u00e8s la suppression de 200 emplois en quinze ans (Le Monde 17\/06\/2025). Les queues de visiteurs livr\u00e9s \u00e0 eux-m\u00eames font partie des \u00e9mouvants souvenirs des 80\u00a0% de visiteurs \u00e9trangers qui fr\u00e9quentent le mus\u00e9e chaque ann\u00e9e. Les Fran\u00e7ais sont sans doute moins \u00e9tonn\u00e9s\u2026 Bref, c\u2019est dire s\u2019il y avait urgence \u00e0 trouver une solution.<\/p>\n<p>Ce qui explique pourquoi Macron Pr\u00e9sident a annonc\u00e9, le 28\u00a0janvier 2025, la cr\u00e9ation d\u2019une nouvelle entr\u00e9e pour le Louvre, d\u2019ici \u00e0 2031 \u00ab\u00a0au plus tard\u00a0\u00bb, dans la fa\u00e7ade de la colonnade de Perrault, face \u00e0 l\u2019\u00e9glise Saint-Germain-l\u2019Auxerrois, plein est.* \u00c0 cela s\u2019ajoute la construction \u00ab\u00a0de vastes espaces souterrains sous la cour Carr\u00e9e, offrant un axe de circulation est-ouest\u00a0\u00bb et le d\u00e9m\u00e9nagement de La Joconde dans un espace r\u00e9serv\u00e9, sous la Cour carr\u00e9e, \u00ab\u00a0accessible de mani\u00e8re autonome, dot\u00e9 d\u2019un titre d\u2019acc\u00e8s propre\u00a0\u00bb. Baptis\u00e9 sans imagination \u00ab\u00a0Nouvelle Renaissance du Louvre\u00a0\u00bb, ce projet colossal aux nombreuses inconnues est estim\u00e9 entre 700 et 800\u00a0M\u20ac, dont au moins 300 M\u20ac pour le nouveau portail d\u2019entr\u00e9e. Soit tout compris le budget d\u2019un grand CHU \u00e0 la pointe de l\u2019innovation pour une porte par-derri\u00e8re, que les touristes devront trouver, et un travail de termites sans lumi\u00e8re naturelle.<\/p>\n<p>Le pr\u00e9sident a, \u00e0 cette date, le 28 janvier donc, d\u2019abord indiqu\u00e9 le lancement d\u2019un concours international d\u2019architecture avant fin f\u00e9vrier \u2013 d\u00e9lai \u00e9videmment trop court pour qui se pr\u00e9occupe un peu d\u2019architecture et en comprend le fonctionnement \u2013 ce sera finalement fin juin 2025\u00a0; ou plus tard qui sait \u00e0 l\u2019heure o\u00f9 j\u2019\u00e9cris ces lignes. \u00c0 La Saint-Glinglin peut-\u00eatre puisque les promesses, comme disait l\u2019autre\u2026\u00a0?<\/p>\n<p>Nul doute en tout cas que depuis cette annonce qui a fait le tour du monde et se rengorger Vulcain-ex-Jupiter, nombre d\u2019agences \u00ab\u00a0internationales\u00a0\u00bb pr\u00e9parent leurs \u00e9quipes et fourbissent leurs arguments. \u00c0 la fin cependant, il restera quatre agences s\u00e9lectionn\u00e9es par un jury souverain. Nouvel, de Portzampac, Lacaton&amp;Vassal\u2026 Les Pritzkers hors course, Ricciotti ayant d\u00e9j\u00e0 au Louvre r\u00e9alis\u00e9 les Arts de l\u2019Islam et Wilmotte le Carrousel, qui c\u00f4t\u00e9 fran\u00e7ais\u00a0? Dominique Perrault et sa passion souterraine\u00a0? Mais il est tatou\u00e9 Mitterrand et Macron est d\u00e9sormais tr\u00e8s \u00e0 droite. Philippe Prost\u00a0? Philippe Madec\u00a0? Bernard Desmoulin\u00a0? La Nouvelle AOM\u00a0? Il n\u2019y aura en tout cas, au mieux, pas plus de deux places. Les deux autres, au moins, sont en effet r\u00e9serv\u00e9es \u00e0 un Japonais, un Danois, un Norv\u00e9gien, un N\u00e9erlandais, un Anglais, voire un Italien, qui partiront favoris comme pour un banal immeuble du Monde apr\u00e8s avoir lu l\u2019histoire du Louvre sur Wikipedia en leur langue vernaculaire.<\/p>\n<p>Pour autant, \u00e0 l\u2019heure o\u00f9 la France cherche d\u00e9sesp\u00e9r\u00e9ment des \u00e9conomies pour son budget national \u2013 et 800 M\u20ac, c\u2019est une somme \u2013 est-il bien judicieux, \u00e0 cet endroit-l\u00e0, sous les douves, de s\u2019engager pour un tel projet aussi dispendieux qu\u2019incertain\u00a0? Il y a pourtant une autre fa\u00e7on de r\u00e9pondre aux besoins du Louvre et du budget de l\u2019\u00c9tat tout en \u00e9vitant la pagaille. En effet, le projet \u2013 ou plut\u00f4t contre-projet \u2013 sign\u00e9 SAREA (Alain Sarfati) et Ameller Dubois (St\u00e9phane V\u00e9drenne), que Chroniques d\u2019architecture d\u00e9voile ici, offre pour bien moins cher une solution tout \u00e0 fait \u00e0 l\u2019Ouest sans doute mais autrement plus pratique et prestigieuse. **<\/p>\n<p>De quoi s\u2019agit-il\u00a0? Ce projet, pour citer ses concepteurs, propose par l\u2019ouest donc une entr\u00e9e monumentale, principale et embl\u00e9matique, en relation directe avec le centre du Louvre et la pyramide. Elle int\u00e8gre le Jardin des Tuileries dans le plus grand mus\u00e9e du monde et rend encore plus intense la perspective g\u00e9niale r\u00e9alis\u00e9e depuis la Cour Carr\u00e9e jusqu\u2019\u00e0 La D\u00e9fense. En t\u00e9moigne la coupe ci-dessous.<\/p>\n<p><a href=\"https:\/\/chroniques-architecture.com\/wp-content\/uploads\/2025\/06\/02-Louvre-Coupe-@Ameller-Dubois.jpg\" rel=\"nofollow noopener\" target=\"_blank\"><img loading=\"lazy\" decoding=\"async\" width=\"1024\" height=\"241\" src=\"https:\/\/www.europesays.com\/fr\/wp-content\/uploads\/2025\/06\/02-Louvre-Coupe-@Ameller-Dubois-1024x241.jpg\" alt=\" Louvre Coupe\" class=\"wp-image-78820\"  \/><\/a> @Ameller Dubois<\/p>\n<p>\u00c0 partir des Tuileries, une esplanade en pente douce \u2013 le dromos des Grecs, magnifiquement exploit\u00e9 par Oscar Niemeyer notamment pour la cath\u00e9drale de Brasilia*** \u2013 offre un acc\u00e8s largement ouvert au public et facilite le parcours jusqu\u2019\u00e0 la nouvelle salle de la Joconde sans perturber la fonction symbolique de la pyramide. Depuis le jardin, au bout de l\u2019all\u00e9e centrale, petit \u00e0 petit les visiteurs arrivent de part et d\u2019autre de l\u2019enceinte de Philippe Auguste sans aucune g\u00eane ni attente. \u00c0 l\u2019abri\u00a0des \u00e9l\u00e9ments, passant de la vision prismatique de la pyramide invers\u00e9e \u00e0 l\u2019envol\u00e9e verticale de la pyramide, avant de d\u00e9couvrir la Joconde, ils en seront d\u2019autant plus patients qu\u2019ils auront le temps de se promener dans les vastes espaces commerciaux, culturels et touristiques auxquels, puisque ces m\u00b2 sont d\u00e9j\u00e0 l\u00e0, il sera facile de donner une destination sc\u00e9naris\u00e9e.<\/p>\n<p>Pourquoi une telle diff\u00e9rence de co\u00fbt entre les deux projets\u00a0? Ce n\u2019est pas compliqu\u00e9\u00a0: ici une conception qui s\u2019appuie sur l\u2019existant, dont les deux boulingrins qui bordent cette nouvelle esplanade, des travaux limit\u00e9s, une r\u00e9alisation rapide, pas de d\u00e9molition\u00a0: rien de plus qu\u2019un luxueux terrassement qui ne fera peur \u00e0 aucune entreprise fran\u00e7aise et ne nuira en rien aux recherches arch\u00e9ologiques d\u2019usage. Il n\u2019y a m\u00eame pas besoin de grue, juste de savoir-faire en circuit hyper court (la terre d\u2019extraction ne sera pas perdue \u2013 et pourquoi pas la transformer en briques portant le nom des sponsors\u00a0?). De plus, ces travaux n\u2019auront qu\u2019un faible impact sur le fonctionnement habituel du mus\u00e9e qui n\u2019y perdra rien en termes de revenus. Enfin, comme \u00e0 Notre-Dame, dans l\u2019hypoth\u00e8se d\u2019un coup de pouce administratif et d\u2019un coup de menton du chef, les travaux seront termin\u00e9s bien avant 2031. Le Louvre lui-m\u00eame aura conserv\u00e9 son int\u00e9grit\u00e9 architecturale.<\/p>\n<p>D\u2019ici-l\u00e0, un concours sera donc bient\u00f4t lanc\u00e9 et il est certain que si le pr\u00e9sident (du jury) n\u2019envisage comme pr\u00e9vu que la seule option d\u2019une entr\u00e9e face \u00e0 l\u2019\u00e9glise Saint-Germain-l\u2019Auxerrois, soit un ouvrage orient\u00e9 \u00e0 l\u2019est comme un jour pluvieux de f\u00e9vrier, alors certainement Alain Sarfati et St\u00e9phane V\u00e9drenne, par d\u00e9finition hors concours, ne seront pas retenues pour le seul ou les deux tickets fran\u00e7ais. Mais il faudra alors au pr\u00e9sident (du jury) expliquer pourquoi, en ces temps de disette, il tient tant \u00e0 d\u00e9penser autant pour une danseuse, c\u2019est-\u00e0-dire un projet incertain, compliqu\u00e9 et au co\u00fbt particuli\u00e8rement \u00e9lev\u00e9, quand bien m\u00eame l\u2019alternative est d\u00e9sormais connue et, pour quiconque dou\u00e9 de bon sens, s\u2019impose comme une \u00e9vidence.<\/p>\n<p><img loading=\"lazy\" decoding=\"async\" width=\"1024\" height=\"576\" src=\"https:\/\/www.europesays.com\/fr\/wp-content\/uploads\/2025\/06\/01-Nouvelle-entree-du-Louvre-@Ameller-Dubois.jpg\" alt=\"Nouvelle entr\u00e9e du Louvre\" class=\"wp-image-78818\"  \/> Nouvelle entr\u00e9e ouest du Louvre @Ameller Dubois<\/p>\n<p>\u00ab Ce projet permettra de placer le Louvre au c\u0153ur de la ville et d\u2019en faire un \u00e9picentre de l\u2019histoire de l\u2019art\u00a0\u00bb, a d\u00e9clar\u00e9 le pr\u00e9sident (du pays) lors de son annonce en janvier. Maintenant, si en juin ou juillet le concours \u00ab\u00a0international\u00a0\u00bb ne demande sans autre contrainte qu\u2019une nouvelle entr\u00e9e qui r\u00e9sout tous les probl\u00e8mes et int\u00e8gre le jardin des Tuileries, il verra c\u2019est s\u00fbr ses v\u0153ux exauc\u00e9s. <\/p>\n<p>Et pour SAREA et Ameller Dubois, les paris seront ouverts\u2026<\/p>\n<p><strong>Christophe Leray<\/strong><\/p>\n<p>* Lire notre \u00e9dito <a href=\"https:\/\/chroniques-architecture.com\/nouvelle-entree-du-louvre-par-ici-la-sortie\/\" rel=\"nofollow noopener\" target=\"_blank\">Nouvelle entr\u00e9e du Louvre ? Par ici la sortie !<\/a><br \/>** D\u00e9couvrir la pr\u00e9sentation\u00a0<a href=\"https:\/\/chroniques-architecture.com\/nouvelle-entree-ouest-du-louvre-le-projet\/\" rel=\"nofollow noopener\" target=\"_blank\">Nouvelle entr\u00e9e ouest du Louvre\u00a0: le projet<\/a><br \/>*** Lire la chronique <a href=\"https:\/\/chroniques-architecture.com\/au-louvre-le-plus-grand-musee-du-monde-on-a-oublie-lentree\/\" rel=\"nofollow noopener\" target=\"_blank\">Au Louvre, le plus grand mus\u00e9e du monde, on a oubli\u00e9 l\u2019entr\u00e9e<\/a><\/p>\n","protected":false},"excerpt":{"rendered":"Nouvelle entr\u00e9e ouest du Louvre @Ameller Dubois Le prochain concours international d\u2019architecture lanc\u00e9 par Macron Pr\u00e9sident pour une&hellip;\n","protected":false},"author":2,"featured_media":202894,"comment_status":"","ping_status":"","sticky":false,"template":"","format":"standard","meta":{"footnotes":""},"categories":[1358],"tags":[1348,1384,1385,1386,58,59,1011,27],"class_list":{"0":"post-202893","1":"post","2":"type-post","3":"status-publish","4":"format-standard","5":"has-post-thumbnail","7":"category-arts-et-design","8":"tag-arts","9":"tag-arts-and-design","10":"tag-arts-et-design","11":"tag-design","12":"tag-divertissement","13":"tag-entertainment","14":"tag-fr","15":"tag-france"},"share_on_mastodon":{"url":"https:\/\/pubeurope.com\/@fr\/114743331145168931","error":""},"_links":{"self":[{"href":"https:\/\/www.europesays.com\/fr\/wp-json\/wp\/v2\/posts\/202893","targetHints":{"allow":["GET"]}}],"collection":[{"href":"https:\/\/www.europesays.com\/fr\/wp-json\/wp\/v2\/posts"}],"about":[{"href":"https:\/\/www.europesays.com\/fr\/wp-json\/wp\/v2\/types\/post"}],"author":[{"embeddable":true,"href":"https:\/\/www.europesays.com\/fr\/wp-json\/wp\/v2\/users\/2"}],"replies":[{"embeddable":true,"href":"https:\/\/www.europesays.com\/fr\/wp-json\/wp\/v2\/comments?post=202893"}],"version-history":[{"count":0,"href":"https:\/\/www.europesays.com\/fr\/wp-json\/wp\/v2\/posts\/202893\/revisions"}],"wp:featuredmedia":[{"embeddable":true,"href":"https:\/\/www.europesays.com\/fr\/wp-json\/wp\/v2\/media\/202894"}],"wp:attachment":[{"href":"https:\/\/www.europesays.com\/fr\/wp-json\/wp\/v2\/media?parent=202893"}],"wp:term":[{"taxonomy":"category","embeddable":true,"href":"https:\/\/www.europesays.com\/fr\/wp-json\/wp\/v2\/categories?post=202893"},{"taxonomy":"post_tag","embeddable":true,"href":"https:\/\/www.europesays.com\/fr\/wp-json\/wp\/v2\/tags?post=202893"}],"curies":[{"name":"wp","href":"https:\/\/api.w.org\/{rel}","templated":true}]}}