{"id":202895,"date":"2025-06-25T09:37:14","date_gmt":"2025-06-25T09:37:14","guid":{"rendered":"https:\/\/www.europesays.com\/fr\/202895\/"},"modified":"2025-06-25T09:37:14","modified_gmt":"2025-06-25T09:37:14","slug":"publie-plus-de-90-ans-apres-sa-redaction-un-livre-sur-la-montee-du-nazisme-simpose-en-tete-des-ventes-en-allemagne","status":"publish","type":"post","link":"https:\/\/www.europesays.com\/fr\/202895\/","title":{"rendered":"Publi\u00e9 plus de 90 ans apr\u00e8s sa r\u00e9daction, un livre sur la mont\u00e9e du nazisme s\u2019impose en t\u00eate des ventes en Allemagne"},"content":{"rendered":"<p>Abschied du journaliste allemand Sebastian Haffner a \u00e9t\u00e9 \u00e9crit en 1932 mais n\u2019avait jamais encore \u00e9t\u00e9 publi\u00e9. La famille a retrouv\u00e9 le r\u00e9cit sur le bureau de l\u2019\u00e9crivain disparu en 1999 et a d\u00e9cid\u00e9, apr\u00e8s maintes r\u00e9flexions, de le d\u00e9voiler au monde.<\/p>\n<p class=\"fig-paragraph\">Un livre publi\u00e9 plus de 90 ans apr\u00e8s avoir \u00e9t\u00e9 \u00e9crit par un journaliste allemand conna\u00eet actuellement un succ\u00e8s fou en librairie. Abschied (\u00ab\u00a0Adieu\u00a0\u00bb en fran\u00e7ais) de Sebastian Haffner, connu pour ses \u00e9crits sur\u00a0<a href=\"http:\/\/www.lefigaro.fr\/actualite-france\/hitler-avait-raison-huit-mois-de-prison-ferme-pour-une-enseignante-ayant-tenu-des-propos-antisemites-en-ligne-20250619\" target=\"_blank\" data-fig-type=\"NewsFlash\" rel=\"noopener nofollow\" data-gtm-custom-categorie=\"navigation\" data-gtm-custom-action=\"crossclick\" data-gtm-custom-label=\"Contextuel\" data-gtm-event=\"customEventSPE\" data-fig-domain=\"LEFIGARO\">Hitler\u00a0<\/a>et sur l\u2019Allemagne nazie, se retrouve dans le top 3 des livres les plus vendus en Allemagne depuis sa sortie au d\u00e9but du mois de juin, comme on peut le voir sur le classement \u00e9tabli par le magazine<a href=\"https:\/\/www.spiegel.de\/kultur\/bestseller-buecher-belletristik-sachbuch-auf-spiegel-liste-a-458623.html\" target=\"_blank\" rel=\"nofollow noopener\" data-gtm-custom-categorie=\"navigation\" data-gtm-custom-action=\"crossclick\" data-gtm-custom-label=\"Contextuel\" data-gtm-event=\"customEventSPE\">\u00a0Spiegel.\u00a0<\/a><\/p>\n<p class=\"fig-paragraph\">Le roman a \u00e9t\u00e9 retrouv\u00e9 par les enfants de l\u2019\u00e9crivain, dans des tiroirs du bureau de leur p\u00e8re, apr\u00e8s sa disparition en 1999. Ils ont longtemps h\u00e9sit\u00e9 avant de le publier, craignant que la trame narrative nuise \u00e0 la r\u00e9putation de son p\u00e8re, raconte Oliver Pretzel, le fils de Sebastian Haffner dans les colonnes du<a href=\"https:\/\/www.sueddeutsche.de\/kultur\/sebastian-haffner-abschied-roman-posthum-interview-sohn-oliver-pretzel-li.3245899?reduced=true\" target=\"_blank\" rel=\"nofollow noopener\" data-gtm-custom-categorie=\"navigation\" data-gtm-custom-action=\"crossclick\" data-gtm-custom-label=\"Contextuel\" data-gtm-event=\"customEventSPE\">\u00a0S\u00fcddeutsche Zeitung<\/a> . Dans Abschied, le journaliste raconte les derniers jours de la R\u00e9publique de Weimar \u00e0 travers une histoire d\u2019amour. Raimund, un jeune Allemand, a quitt\u00e9 Berlin au printemps 1931 pour venir \u00e0 Paris pendant les vacances. Il tombe follement amoureux de Teddy, une Allemande \u00e9galement venue \u00e0 Paris pour fuir son pays. Mais les deux sont contraints de retourner en Allemagne, alors que l\u2019inqui\u00e9tude et la peur les gagnent face au contexte politique.<\/p>\n<p>Un livre acclam\u00e9 par les critiques allemandes<\/p>\n<p class=\"fig-paragraph\">\u00ab\u00a0Ma s\u0153ur n\u2019a pas trouv\u00e9 le roman tr\u00e8s bon\u00a0\u00bb, r\u00e9v\u00e8le Oliver Pretzel, alors qu\u2019il partageait le m\u00eame point de vue que sa famille, avant de le relire et de le trouver finalement \u00ab\u00a0tr\u00e8s bien construit\u00a0\u00bb. Aujourd\u2019hui, le livre a \u00e9t\u00e9 tr\u00e8s bien accueilli en Allemagne, le critique litt\u00e9raire reconnu Volker Weidermann, ayant salu\u00e9 un ouvrage \u00ab\u00a0d\u00e9crivant avec justesse le chagrin que pouvaient ressentir les Allemands de l\u2019\u00e9poque\u00a0\u00bb.<\/p>\n<p class=\"fig-paragraph\">Sebastian Haffner a \u00e9t\u00e9 r\u00e9v\u00e9l\u00e9 gr\u00e2ce \u00e0 la publication de Germany: Jekyll And Hyde: A Contemporary Account of Nazi Germany\u00a0 dans lequel il expose les dangers du r\u00e9gime de Hitler. En parall\u00e8le de son activit\u00e9 journalistique \u00e0 The Observer, l\u2019\u00e9crivain travaillait \u00e9galement sur un autre r\u00e9cit\u00a0: History of a German, \u00e0 la fin des ann\u00e9es 1930, dans lequel il raconte son exp\u00e9rience en tant qu\u2019allemand ayant fui Berlin en 1938. Le livre n\u2019a finalement \u00e9t\u00e9 publi\u00e9 qu\u2019en 2000, apr\u00e8s sa disparition et s\u2019est \u00e9galement hiss\u00e9 en t\u00eate des classements allemands.<\/p>\n","protected":false},"excerpt":{"rendered":"Abschied du journaliste allemand Sebastian Haffner a \u00e9t\u00e9 \u00e9crit en 1932 mais n\u2019avait jamais encore \u00e9t\u00e9 publi\u00e9. La&hellip;\n","protected":false},"author":2,"featured_media":202896,"comment_status":"","ping_status":"","sticky":false,"template":"","format":"standard","meta":{"footnotes":""},"categories":[1357],"tags":[19146,2008,2007,1379,58,2005,2006,59,1011,27,1351,2003,1380,16684,2009,2004,1479],"class_list":{"0":"post-202895","1":"post","2":"type-post","3":"status-publish","4":"format-standard","5":"has-post-thumbnail","7":"category-livres","8":"tag-adolf-hitler","9":"tag-autobiographies","10":"tag-biographies","11":"tag-books","12":"tag-divertissement","13":"tag-ecrivain","14":"tag-ecrivains","15":"tag-entertainment","16":"tag-fr","17":"tag-france","18":"tag-litterature","19":"tag-livre","20":"tag-livres","21":"tag-nazisme","22":"tag-oeuvre","23":"tag-roman","24":"tag-romans"},"share_on_mastodon":{"url":"","error":""},"_links":{"self":[{"href":"https:\/\/www.europesays.com\/fr\/wp-json\/wp\/v2\/posts\/202895","targetHints":{"allow":["GET"]}}],"collection":[{"href":"https:\/\/www.europesays.com\/fr\/wp-json\/wp\/v2\/posts"}],"about":[{"href":"https:\/\/www.europesays.com\/fr\/wp-json\/wp\/v2\/types\/post"}],"author":[{"embeddable":true,"href":"https:\/\/www.europesays.com\/fr\/wp-json\/wp\/v2\/users\/2"}],"replies":[{"embeddable":true,"href":"https:\/\/www.europesays.com\/fr\/wp-json\/wp\/v2\/comments?post=202895"}],"version-history":[{"count":0,"href":"https:\/\/www.europesays.com\/fr\/wp-json\/wp\/v2\/posts\/202895\/revisions"}],"wp:featuredmedia":[{"embeddable":true,"href":"https:\/\/www.europesays.com\/fr\/wp-json\/wp\/v2\/media\/202896"}],"wp:attachment":[{"href":"https:\/\/www.europesays.com\/fr\/wp-json\/wp\/v2\/media?parent=202895"}],"wp:term":[{"taxonomy":"category","embeddable":true,"href":"https:\/\/www.europesays.com\/fr\/wp-json\/wp\/v2\/categories?post=202895"},{"taxonomy":"post_tag","embeddable":true,"href":"https:\/\/www.europesays.com\/fr\/wp-json\/wp\/v2\/tags?post=202895"}],"curies":[{"name":"wp","href":"https:\/\/api.w.org\/{rel}","templated":true}]}}