{"id":202897,"date":"2025-06-25T09:38:14","date_gmt":"2025-06-25T09:38:14","guid":{"rendered":"https:\/\/www.europesays.com\/fr\/202897\/"},"modified":"2025-06-25T09:38:14","modified_gmt":"2025-06-25T09:38:14","slug":"tout-beau-tout-9-la-nouvelle-emission-de-cyril-hanouna-fait-deja-le-buzz","status":"publish","type":"post","link":"https:\/\/www.europesays.com\/fr\/202897\/","title":{"rendered":"\u00ab\u00a0Tout beau, tout 9\u00a0\u00bb : la nouvelle \u00e9mission de Cyril Hanouna fait d\u00e9j\u00e0 le buzz"},"content":{"rendered":"<p>Le <strong>28\u00a0f\u00e9vrier<\/strong> dernier est une date qui restera dans l&rsquo;Histoire de la t\u00e9l\u00e9vision fran\u00e7aise. Et pour cause, ce jour-l\u00e0, <strong>C8 et NRJ 12 ont cess\u00e9 d&rsquo;\u00e9mettre <\/strong>sur d\u00e9cision de l&rsquo;Arcom. R\u00e9sultat\u00a0: de nombreuses \u00e9missions ont \u00e9t\u00e9 <strong>mises au placard<\/strong>. C&rsquo;est le cas de \u00ab\u00a0Chez Jordan\u00a0\u00bb, \u00ab\u00a0William \u00e0 midi\u00a0\u00bb et, bien s\u00fbr, \u00ab\u00a0Touche pas \u00e0 mon poste\u00a0\u00bb. La fin d&rsquo;une aventure pour Cyril Hanouna et sa bande m\u00eame si <a href=\"https:\/\/www.public.fr\/cyril-hanouna-et-tiphaine-auziere-reunis-pour-la-premiere-fois-a-lelysee-et-un-gros-bidon-un\" rel=\"nofollow noopener\" target=\"_blank\">l&rsquo;animateur de 50 ans<\/a> a <strong>plus d&rsquo;un tour dans son sac<\/strong>. Ainsi, lors de sa derni\u00e8re sur C8, ce dernier a r\u00e9serv\u00e9 <strong>une surprise<\/strong> \u00e0 ses t\u00e9l\u00e9spectateurs et ses chroniqueurs.<\/p>\n<p>Dans un minibus, la fine \u00e9quipe est partie les yeux band\u00e9s <strong>en direction de Neuilly-sur-Seine<\/strong> avant de se retrouver <strong>devant les locaux du groupe M6<\/strong>. C&rsquo;est alors que <a href=\"https:\/\/www.public.fr\/cyril-hanouna-anesthesie-generale-pour-une-operation-avant-la-rentree-ce-quil-a-fait-de-completement-fou-a-la-sortie\" rel=\"nofollow noopener\" target=\"_blank\">le papa de Lino et Bianca<\/a> a annonc\u00e9 qu&rsquo;il ferait <strong>sa rentr\u00e9e sur W9<\/strong>. Si au d\u00e9but, tout semblait flou concernant ce nouveau projet, les choses se pr\u00e9cisent de jour en jour. En effet, on sait d&rsquo;ores et d\u00e9j\u00e0 que cette <a href=\"https:\/\/www.public.fr\/tout-beau-tout-9-date-de-lancement-chroniqueurs-tout-ce-quil-faut-savoir-sur-la-nouvelle-emission-de-cyril-hanouna\" rel=\"nofollow noopener\" target=\"_blank\">nouvelle \u00e9mission<\/a>, <strong>dans la m\u00eame veine que \u00ab\u00a0TPMP\u00a0\u00bb<\/strong>, s&rsquo;intitulera <a href=\"https:\/\/www.public.fr\/tout-beau-tout-9-3-interdits-pour-cyril-hanouna-et-sa-bande\" rel=\"nofollow noopener\" target=\"_blank\">\u00ab\u00a0Tout beau, tout 9\u00a0\u00bb<\/a>. Le coup d&rsquo;envoi sera donn\u00e9 le <strong>1er\u00a0septembre<\/strong> \u00e0 <strong>18\u00a0heures 45<\/strong> p\u00e9tante.<\/p>\n<p>Quant aux chroniqueurs. Si <a href=\"https:\/\/www.public.fr\/valerie-benaim-son-idylle-avec-george-clooney-balancee-en-direct-par-cyril-hanouna-elle-est-sortie-avec-le-vrai\" rel=\"nofollow noopener\" target=\"_blank\">Val\u00e9rie B\u00e9na\u00efm<\/a> fera \u00e0 coup s\u00fbr partie de la bande, c&rsquo;est <strong>encore incertain pour ses camarades<\/strong>. Il semblerait toutefois que Jordan de Luxe, <a href=\"https:\/\/www.public.fr\/un-ravalement-de-facade-geraldine-maillet-honnete-sur-la-chirurgie-esthetique\" rel=\"nofollow noopener\" target=\"_blank\">G\u00e9raldine Maillet<\/a> ou encore Matthieu Delormeau rejoindre cette nouvelle aventure. <strong>L&rsquo;\u00e9t\u00e9 s&rsquo;annonce charg\u00e9 <\/strong>pour Cyril Hanouna et ses \u00e9quipes qui vont sans doute <strong>peaufiner les d\u00e9tails de ce programme<\/strong> tout beau, tout neuf. D&rsquo;ailleurs, d&rsquo;ici-l\u00e0, <a href=\"https:\/\/www.public.fr\/je-nai-pas-dormi-de-la-nuit-cest-tombe-la-cyril-hanouna-bouleverse-par-une-mauvaise-nouvelle-concernant-son-fils\" rel=\"nofollow noopener\" target=\"_blank\">le supporter du PSG<\/a> a trouv\u00e9 <strong>de quoi mettre en haleine ses t\u00e9l\u00e9spectateurs<\/strong>. <\/p>\n<p>Cyril Hanouna pr\u00eat \u00e0 sortir du bois<\/p>\n<p>Ce 24\u00a0juin, W9 a d\u00e9voil\u00e9 sur ses r\u00e9seaux sociaux <strong>une bande-annonce pas comme les autres<\/strong> mettant en sc\u00e8ne Cyril Hanouna pour annoncer son arriv\u00e9e sur la cha\u00eene \u00e0 la rentr\u00e9e. Et autant dire que <a href=\"https:\/\/www.google.com\/url?sa=t&amp;source=web&amp;rct=j&amp;opi=89978449&amp;url=https:\/\/vsd.fr\/82777-c-a-vous-rachida-dati-pulverise-patrick-cohen-cyril-hanouna-sen-mele\/&amp;ved=2ahUKEwiKlpDR9IuOAxUeR6QEHTHkOYYQvOMEKAB6BAgbEAE&amp;usg=AOvVaw1gUCL0v7Ru9TDESb-9XBuf\" rel=\"nofollow noopener\" target=\"_blank\">le pr\u00e9sentateur TV<\/a> <strong>ne manque pas d&rsquo;humour.<\/strong> Ainsi, cette vid\u00e9o d\u00e9bute par le <strong>g\u00e9n\u00e9rique d&rsquo;une \u00e9dition sp\u00e9ciale<\/strong>. Le journaliste, pr\u00e9nomm\u00e9 <strong>Jean N\u00e9mard<\/strong>, lance alors face cam\u00e9ra\u00a0: \u00ab\u00a0<strong>La France a besoin de rire<\/strong>\u00ab\u00a0. Sur cette cha\u00eene pas comme les autres, on d\u00e9couvre alors <strong>l&rsquo;interview de Jessica Boring<\/strong>, sp\u00e9cialiste en ennui chronique ou encore une publicit\u00e9 pour<strong> le m\u00e9dicament Ennuix 4000<\/strong>.<\/p>\n<p>Face \u00e0 ce triste constat, les dirigeants de W9 d\u00e9cident alors d&rsquo;enfiler leurs chaussures de marche et de partir en for\u00eat. L\u00e0-bas, \u00ab\u00a0quelque part in the hood\u00a0\u00bb, \u00ab\u00a0<strong><a href=\"https:\/\/www.google.com\/url?sa=t&amp;source=web&amp;rct=j&amp;opi=89978449&amp;url=https:\/\/vsd.fr\/81770-cyril-hanouna-lheure-des-au-revoir-a-sonne\/&amp;ved=2ahUKEwiKlpDR9IuOAxUeR6QEHTHkOYYQFnoECCIQAQ&amp;usg=AOvVaw1T2AWzSgNyirE7ynWrAELW\" rel=\"nofollow noopener\" target=\"_blank\">un homme bizarre<\/a><\/strong>\u00a0\u00bb a install\u00e9 son campement. Les cheveux longs, la voix enrou\u00e9e, Cyril Hanouna se d\u00e9couvre alors et lance \u00e0 ses interlocuteurs\u00a0: \u00ab\u00a0<strong>J&rsquo;ai men\u00e9 mon dernier combat il y a encore quelques mois. C&rsquo;est fini<\/strong>. Je ne suis plus l\u00e0-dedans les gars. J&rsquo;ai chang\u00e9. <strong>Je parle avec les arbres<\/strong>\u00ab\u00a0.<\/p>\n<p>Tentant d\u00e9sesp\u00e9r\u00e9ment de convaincre <a href=\"https:\/\/www.google.com\/url?sa=t&amp;source=web&amp;rct=j&amp;opi=89978449&amp;url=https:\/\/vsd.fr\/80474-tout-beau-tout-9-un-humoriste-sen-prend-a-cyril-hanouna-sur-w9-la-nouvelle-chaine-de-baba-le-coupe\/&amp;ved=2ahUKEwiKlpDR9IuOAxUeR6QEHTHkOYYQFnoECCAQAQ&amp;usg=AOvVaw2kqGQsjIy8lJKVphEb5qpS\" rel=\"nofollow noopener\" target=\"_blank\">\u00ab\u00a0Baba\u00a0\u00bb<\/a> afin qu&rsquo;il reprenne du service, les deux hommes envoy\u00e9s par M6 finiront par l&rsquo;avoir en lui pr\u00e9sentant <strong>une mallette noire<\/strong> dans laquelle se trouve le DVD de la prochaine saison du <a href=\"https:\/\/www.google.com\/url?sa=t&amp;source=web&amp;rct=j&amp;opi=89978449&amp;url=https:\/\/vsd.fr\/71027-sequence-collector-dans-le-meilleur-patissier-cyril-lignac-en-panique\/&amp;ved=2ahUKEwijosXi94uOAxWlcKQEHYD_L2MQFnoECBYQAQ&amp;usg=AOvVaw1HTID1i9oQkpIiTSWJUU0S\" rel=\"nofollow noopener\" target=\"_blank\">\u00ab\u00a0Meilleur p\u00e2tissier\u00a0\u00bb sur M6<\/a>. \u00ab\u00a0<strong>Je le fais pour <a href=\"https:\/\/www.google.com\/url?sa=t&amp;source=web&amp;rct=j&amp;opi=89978449&amp;url=https:\/\/vsd.fr\/64186-je-goute-tout-mais-laetitia-milot-devoile-les-coulisses-du-tournage-de-lemission-culinaire-le-meilleur-patissier\/&amp;ved=2ahUKEwil2IHB-IuOAxXHTqQEHcjjMeMQFnoECBUQAQ&amp;usg=AOvVaw3igtMwBaDNSEW_g6lJL5l1\" rel=\"nofollow noopener\" target=\"_blank\">Mercotte<\/a>. Salam Aleykoum mes petits p\u00e2tissiers<\/strong>\u00a0\u00bb l\u00e2che alors <a href=\"https:\/\/www.google.com\/url?sa=t&amp;source=web&amp;rct=j&amp;opi=89978449&amp;url=https:\/\/vsd.fr\/83166-tiphaine-auziere-saffiche-avec-cyril-hanouna-brigitte-macron-elle-ose-la-tenue-transparente-en-visite-officielle-en-norvege\/&amp;ved=2ahUKEwiC29rH-IuOAxU-TaQEHZOELu4QvOMEKAB6BAgcEAE&amp;usg=AOvVaw05oEorq2_EIowQWhGHQ4ne\" rel=\"nofollow noopener\" target=\"_blank\">le p\u00e8re de famille<\/a>. Cyril Hanouna finira alors par <strong>quitter les bois pour retrouver <\/strong><a href=\"https:\/\/www.public.fr\/on-va-arreter-le-traitement-on-ne-pourra-pas-le-sauver-les-terribles-aveux-de-raymond-de-tpmp\" rel=\"nofollow noopener\" target=\"_blank\"><strong>son chroniqueur Raymond<\/strong> <\/a>dans son v\u00e9hicule. <strong>\u00ab\u00a0\u00c0 suivre\u00a0\u00bb<\/strong> peut-on enfin lire en guise de conclusion.<\/p>\n<p>      Mentionn\u00e9s dans cet article<\/p>\n<p>\u00c0 lire aussi<\/p>\n","protected":false},"excerpt":{"rendered":"Le 28\u00a0f\u00e9vrier dernier est une date qui restera dans l&rsquo;Histoire de la t\u00e9l\u00e9vision fran\u00e7aise. Et pour cause, ce&hellip;\n","protected":false},"author":2,"featured_media":202898,"comment_status":"","ping_status":"","sticky":false,"template":"","format":"standard","meta":{"footnotes":""},"categories":[1356],"tags":[5586,1409,7278,1083,58,59,1011,27,2440,252,549,22498,22497,1364,2395],"class_list":{"0":"post-202897","1":"post","2":"type-post","3":"status-publish","4":"format-standard","5":"has-post-thumbnail","7":"category-television","8":"tag-animateur-de-television","9":"tag-bande-annonce","10":"tag-c8","11":"tag-cyril-hanouna","12":"tag-divertissement","13":"tag-entertainment","14":"tag-fr","15":"tag-france","16":"tag-instagram","17":"tag-television","18":"tag-touche-pas-a-mon-poste","19":"tag-tout-9-tbt9","20":"tag-tout-beau","21":"tag-tv","22":"tag-w9"},"share_on_mastodon":{"url":"https:\/\/pubeurope.com\/@fr\/114743338809643673","error":""},"_links":{"self":[{"href":"https:\/\/www.europesays.com\/fr\/wp-json\/wp\/v2\/posts\/202897","targetHints":{"allow":["GET"]}}],"collection":[{"href":"https:\/\/www.europesays.com\/fr\/wp-json\/wp\/v2\/posts"}],"about":[{"href":"https:\/\/www.europesays.com\/fr\/wp-json\/wp\/v2\/types\/post"}],"author":[{"embeddable":true,"href":"https:\/\/www.europesays.com\/fr\/wp-json\/wp\/v2\/users\/2"}],"replies":[{"embeddable":true,"href":"https:\/\/www.europesays.com\/fr\/wp-json\/wp\/v2\/comments?post=202897"}],"version-history":[{"count":0,"href":"https:\/\/www.europesays.com\/fr\/wp-json\/wp\/v2\/posts\/202897\/revisions"}],"wp:featuredmedia":[{"embeddable":true,"href":"https:\/\/www.europesays.com\/fr\/wp-json\/wp\/v2\/media\/202898"}],"wp:attachment":[{"href":"https:\/\/www.europesays.com\/fr\/wp-json\/wp\/v2\/media?parent=202897"}],"wp:term":[{"taxonomy":"category","embeddable":true,"href":"https:\/\/www.europesays.com\/fr\/wp-json\/wp\/v2\/categories?post=202897"},{"taxonomy":"post_tag","embeddable":true,"href":"https:\/\/www.europesays.com\/fr\/wp-json\/wp\/v2\/tags?post=202897"}],"curies":[{"name":"wp","href":"https:\/\/api.w.org\/{rel}","templated":true}]}}