{"id":202903,"date":"2025-06-25T09:41:10","date_gmt":"2025-06-25T09:41:10","guid":{"rendered":"https:\/\/www.europesays.com\/fr\/202903\/"},"modified":"2025-06-25T09:41:10","modified_gmt":"2025-06-25T09:41:10","slug":"la-vaccination-des-enfants-faiblit-dans-le-monde-selon-une-etude-des-millions-de-vies-en-danger","status":"publish","type":"post","link":"https:\/\/www.europesays.com\/fr\/202903\/","title":{"rendered":"la vaccination des enfants faiblit dans le monde selon une \u00e9tude, des millions de vies en danger"},"content":{"rendered":"<p>La proportion d\u2019enfants ayant re\u00e7u au moins une dose de vaccin contre la dipht\u00e9rie, le t\u00e9tanos, la coqueluche, la rougeole, la polio ou la tuberculose a recul\u00e9 dans plusieurs pays, y compris les plus d\u00e9velopp\u00e9s, alerte une \u00e9tude publi\u00e9e dans The Lancet.<\/p>\n<p class=\"fig-paragraph\">La\u00a0<a href=\"http:\/\/sante.lefigaro.fr\/social\/sante-publique\/encore-trop-d-enfants-sont-laisses-sans-vaccination-dans-le-monde-20240716\" target=\"_blank\" data-fig-type=\"Article\" rel=\"noopener\" data-gtm-custom-categorie=\"navigation\" data-gtm-custom-action=\"crossclick\" data-gtm-custom-label=\"Contextuel\" data-gtm-event=\"customEventSPE\" data-fig-domain=\"SANTE\">vaccination des enfants<\/a>\u00a0contre les maladies potentiellement mortelles s&rsquo;essouffle dans le monde, sous l&rsquo;effet d&rsquo;in\u00e9galit\u00e9s \u00e9conomiques persistantes, de perturbations li\u00e9es \u00e0 l&rsquo;\u00e8re Covid et de d\u00e9sinformation vaccinale, mettant en danger des millions de vies, avertit une \u00e9tude publi\u00e9e mercredi. Ce panorama mondial de la vaccination infantile de 1980 \u00e0 2023, publi\u00e9 dans The Lancet, fournit des estimations actualis\u00e9es pour 204 pays et territoires, en amont d&rsquo;une conf\u00e9rence des donateurs de l&rsquo;Alliance du vaccin (Gavi) mercredi \u00e0 Bruxelles.<\/p>\n<p class=\"fig-paragraph\">Ces cinquante derni\u00e8res ann\u00e9es ont connu des avanc\u00e9es sans pr\u00e9c\u00e9dent, et le programme essentiel de vaccination de l&rsquo;Organisation mondiale de la sant\u00e9 a sauv\u00e9 quelque 154 millions de vies d&rsquo;enfants. La\u00a0<a href=\"https:\/\/sante.lefigaro.fr\/mieux-etre\/vaccination-depistage\/vaccination-contre-tetanos\/qui-peut-me-vacciner\" target=\"_blank\" data-fig-type=\"Keyword\" rel=\"noopener\" data-gtm-custom-categorie=\"navigation\" data-gtm-custom-action=\"crossclick\" data-gtm-custom-label=\"Contextuel\" data-gtm-event=\"customEventSPE\" data-fig-domain=\"SANTE\">couverture vaccinale contre des maladies comme la dipht\u00e9rie<\/a>, le t\u00e9tanos, la coqueluche, la rougeole, la poliomy\u00e9lite, la tuberculose a par exemple doubl\u00e9 entre 1980 et 2023 dans le monde, retracent les chercheurs.<\/p>\n<p class=\"fig-paragraph\">Mais \u00abces progr\u00e8s \u00e0 long terme masquent des d\u00e9fis r\u00e9cents et des disparit\u00e9s notables\u00bb, note la revue m\u00e9dicale. Les vaccinations contre la rougeole ont ainsi diminu\u00e9 entre 2010 et 2019 dans pr\u00e8s de la moiti\u00e9 des pays, surtout d&rsquo;Am\u00e9rique latine et des Cara\u00efbes, et la proportion d&rsquo;enfants ayant re\u00e7u au moins une dose de vaccin contre la dipht\u00e9rie, le t\u00e9tanos, la coqueluche, la rougeole, la polio ou la tuberculose a recul\u00e9 dans la plupart des pays riches.<\/p>\n<p class=\"fig-paragraph\"><a href=\"http:\/\/www.lefigaro.fr\/sciences\/dossier\/cinquieme-vague-ou-en-est-on-de-l-epidemie-de-covid-19\" target=\"_blank\" data-fig-type=\"Topic\" rel=\"noopener\" data-gtm-custom-categorie=\"navigation\" data-gtm-custom-action=\"crossclick\" data-gtm-custom-label=\"Contextuel\" data-gtm-event=\"customEventSPE\" data-fig-domain=\"LEFIGARO\">C&rsquo;est alors que la pand\u00e9mie de Covid-19 a frapp\u00e9<\/a>, exacerbant les difficult\u00e9s. Exemples de ses impacts: entre 2020 et 2023, pr\u00e8s de 13 millions d&rsquo;enfants suppl\u00e9mentaires n&rsquo;ont jamais re\u00e7u la moindre dose de vaccin, et environ 15,6 millions d&rsquo;enfants n&rsquo;ont pas eu les trois doses compl\u00e8tes de vaccin contre la dipht\u00e9rie, le t\u00e9tanos et la coqueluche ou contre la rougeole.<\/p>\n<p class=\"fig-body-link\">\n            \u00c0 lire aussi<br \/>\n        <a class=\"fig-body-link__link fig-premium-mark\" href=\"http:\/\/sante.lefigaro.fr\/medecine\/comment-un-vaccin-contre-la-meningite-protege-aussi-contre-la-gonorrhee-20250521\" target=\"_blank\" data-fig-type=\"Article\" rel=\"noopener\" data-gtm-custom-categorie=\"navigation\" data-gtm-custom-action=\"crossclick\" data-gtm-custom-label=\"Contextuel\" data-gtm-event=\"customEventSPE\" data-fig-domain=\"SANTE\">Comment ce vaccin contre la m\u00e9ningite prot\u00e8ge aussi contre la gonorrh\u00e9e<br \/>\n    <\/a>\n<\/p>\n<p>\u00abLes in\u00e9galit\u00e9s mondiales\u00bb, \u00abl\u2019augmentation de la d\u00e9sinformation\u00bb&#8230;<\/p>\n<p class=\"fig-paragraph\">Et de grandes disparit\u00e9s subsistent, surtout au d\u00e9triment des pays les plus pauvres. En 2023, plus de la moiti\u00e9 des 15,7 millions d&rsquo;enfants non vaccin\u00e9s dans le monde vivaient ainsi dans seulement huit pays, principalement en Afrique subsaharienne et en Asie du Sud.<\/p>\n<p class=\"fig-paragraph\">\u00abLa vaccination syst\u00e9matique des enfants est l&rsquo;une des actions de sant\u00e9 publique les plus puissantes et rentables\u00bb, a d\u00e9clar\u00e9 Jonathan Mosser, auteur principal de l&rsquo;\u00e9tude et membre de l&rsquo;Institut \u00e9tasunien de m\u00e9trologie et d&rsquo;\u00e9valuation de la sant\u00e9 (IHME). \u00abMais les in\u00e9galit\u00e9s mondiales persistantes, les d\u00e9fis pos\u00e9s par la pand\u00e9mie de Covid,\u00a0<a href=\"http:\/\/www.lefigaro.fr\/medias\/desinformation-youtube-supprimera-toute-video-mettant-en-cause-les-vaccins-reconnus-20210929\" data-fig-type=\"NewsFlash\" data-gtm-custom-categorie=\"navigation\" data-gtm-custom-action=\"crossclick\" data-gtm-custom-label=\"Contextuel\" data-gtm-event=\"customEventSPE\" data-fig-domain=\"LEFIGARO\" target=\"_blank\" rel=\"noopener\">l&rsquo;augmentation de la d\u00e9sinformation<\/a> \u00a0et de l&rsquo;h\u00e9sitation vaccinale ont tous contribu\u00e9 \u00e0 affaiblir les progr\u00e8s de la vaccination\u00bb, a-t-il r\u00e9sum\u00e9 dans un communiqu\u00e9.<\/p>\n<p class=\"fig-paragraph\">S&rsquo;y ajoutent \u00abun nombre croissant de personnes d\u00e9plac\u00e9es et des disparit\u00e9s grandissantes dues aux conflits arm\u00e9s, \u00e0 la volatilit\u00e9 politique, \u00e0 l&rsquo;incertitude \u00e9conomique, aux crises climatiques\u00bb, a point\u00e9 Emily Haeuser, autre autrice et chercheuse de l&rsquo;IHME.<\/p>\n<p class=\"fig-paragraph\">R\u00e9sultat: les \u00e9pid\u00e9mies de maladies \u00e9vitables gr\u00e2ce aux vaccins augmentent dans le monde, mettant des vies en danger et exposant les pays touch\u00e9s \u00e0 des d\u00e9penses croissantes pour y faire face.<\/p>\n<p class=\"fig-body-link\">\n            \u00c0 lire aussi<br \/>\n        <a class=\"fig-body-link__link fig-premium-mark\" href=\"http:\/\/sante.lefigaro.fr\/medecine\/les-vaccins-seront-ils-la-prochaine-revolution-contre-le-cancer-20250605\" target=\"_blank\" data-fig-type=\"Article\" rel=\"noopener\" data-gtm-custom-categorie=\"navigation\" data-gtm-custom-action=\"crossclick\" data-gtm-custom-label=\"Contextuel\" data-gtm-event=\"customEventSPE\" data-fig-domain=\"SANTE\">Les vaccins seront-ils la prochaine r\u00e9volution contre le cancer\u00a0?<br \/>\n    <\/a>\n<\/p>\n<p>Hausse des cas de rougeole en Europe<\/p>\n<p class=\"fig-paragraph\">L&rsquo;Union europ\u00e9enne a ainsi enregistr\u00e9\u00a0<a href=\"http:\/\/sante.lefigaro.fr\/epidemie-de-rougeole-deux-morts-et-pres-de-700-cas-depuis-debut-2025-le-nord-particulierement-touche-20250623\" target=\"_blank\" data-fig-type=\"NewsFlash\" rel=\"noopener\" data-gtm-custom-categorie=\"navigation\" data-gtm-custom-action=\"crossclick\" data-gtm-custom-label=\"Contextuel\" data-gtm-event=\"customEventSPE\" data-fig-domain=\"SANTE\">pr\u00e8s de dix fois plus de cas de rougeole en 2024 qu&rsquo;en 2023<\/a>, et les \u00c9tats-Unis ont d\u00e9pass\u00e9 les 1.000 cas confirm\u00e9s le mois dernier, soit d\u00e9j\u00e0 beaucoup plus que dans toute l&rsquo;ann\u00e9e 2024. Et un nombre croissant de cas de polio \u2013 longtemps effac\u00e9e de plusieurs parties du globe par la vaccination \u2014 est signal\u00e9 au Pakistan et en Afghanistan, tandis qu&rsquo;une \u00e9pid\u00e9mie touche la Papouasie-Nouvelle-Guin\u00e9e.<\/p>\n<p class=\"fig-paragraph\">Tous ces revers risquent d&#8217;emp\u00eacher d&rsquo;atteindre les objectifs mondiaux de vaccination de l&rsquo;OMS pour 2030. Parmi eux: administrer \u00e0 90% des enfants et adolescents les vaccins essentiels.<\/p>\n<p class=\"fig-paragraph\">L&rsquo;OMS vise \u00e9galement une r\u00e9duction de moiti\u00e9 du nombre d&rsquo;enfants de moins d&rsquo;un an n&rsquo;ayant re\u00e7u aucune dose du vaccin contre la dipht\u00e9rie, le t\u00e9tanos et la coqueluche par rapport \u00e0 2019. Seuls 18 pays y sont parvenus jusqu&rsquo;ici, selon l&rsquo;\u00e9tude, financ\u00e9e par la Fondation Gates et le Gavi.<\/p>\n<p class=\"fig-paragraph\">La communaut\u00e9 mondiale de la sant\u00e9 est \u00e9galement \u00e9branl\u00e9e depuis les coupes drastiques de l&rsquo;administration du pr\u00e9sident Donald Trump\u00a0<a href=\"http:\/\/www.lefigaro.fr\/conjoncture\/donald-trump-jette-un-froid-sur-le-monde-de-l-aide-au-developpement-20250421\" target=\"_blank\" data-fig-type=\"Article\" rel=\"noopener\" data-gtm-custom-categorie=\"navigation\" data-gtm-custom-action=\"crossclick\" data-gtm-custom-label=\"Contextuel\" data-gtm-event=\"customEventSPE\" data-fig-domain=\"LEFIGARO\">\u00e0 l&rsquo;aide internationale \u00e9tasunienne d\u00e9but 2025.<\/a><\/p>\n<p class=\"fig-paragraph\">\u00abPour la premi\u00e8re fois depuis des d\u00e9cennies, le nombre d&rsquo;enfants qui meurent dans le monde va probablement augmenter cette ann\u00e9e, au lieu de diminuer\u00bb, a d\u00e9clar\u00e9 Bill Gates dans un communiqu\u00e9 distinct diffus\u00e9 mardi. \u00abC&rsquo;est une trag\u00e9die\u00bb, a ajout\u00e9 le cofondateur de Microsoft, promettant 1,6 milliard de dollars \u00e0 Gavi pour la conf\u00e9rence. Sa fondation contribue aussi \u00e0 financer l&rsquo;OMS ou le groupement de lutte contre la poliomy\u00e9lite.<\/p>\n","protected":false},"excerpt":{"rendered":"La proportion d\u2019enfants ayant re\u00e7u au moins une dose de vaccin contre la dipht\u00e9rie, le t\u00e9tanos, la coqueluche,&hellip;\n","protected":false},"author":2,"featured_media":202904,"comment_status":"","ping_status":"","sticky":false,"template":"","format":"standard","meta":{"footnotes":""},"categories":[10],"tags":[8704,47,8699,8707,8706,4988,1011,27,8705,72,8700,5362,226,224,8701,225,8702,298,71,8703,801,227],"class_list":{"0":"post-202903","1":"post","2":"type-post","3":"status-publish","4":"format-standard","5":"has-post-thumbnail","7":"category-sante","8":"tag-actu-sante","9":"tag-actualite","10":"tag-actualite-sante","11":"tag-conseil-medical","12":"tag-conseils-medicaux","13":"tag-forme","14":"tag-fr","15":"tag-france","16":"tag-guide-des-medicaments","17":"tag-health","18":"tag-info-sante","19":"tag-magazine-sante","20":"tag-maladie","21":"tag-medecine","22":"tag-medical","23":"tag-medicament","24":"tag-nutrition-et-sante","25":"tag-psychologie","26":"tag-sante","27":"tag-sexualite","28":"tag-social","29":"tag-traitement"},"share_on_mastodon":{"url":"https:\/\/pubeurope.com\/@fr\/114743350634467915","error":""},"_links":{"self":[{"href":"https:\/\/www.europesays.com\/fr\/wp-json\/wp\/v2\/posts\/202903","targetHints":{"allow":["GET"]}}],"collection":[{"href":"https:\/\/www.europesays.com\/fr\/wp-json\/wp\/v2\/posts"}],"about":[{"href":"https:\/\/www.europesays.com\/fr\/wp-json\/wp\/v2\/types\/post"}],"author":[{"embeddable":true,"href":"https:\/\/www.europesays.com\/fr\/wp-json\/wp\/v2\/users\/2"}],"replies":[{"embeddable":true,"href":"https:\/\/www.europesays.com\/fr\/wp-json\/wp\/v2\/comments?post=202903"}],"version-history":[{"count":0,"href":"https:\/\/www.europesays.com\/fr\/wp-json\/wp\/v2\/posts\/202903\/revisions"}],"wp:featuredmedia":[{"embeddable":true,"href":"https:\/\/www.europesays.com\/fr\/wp-json\/wp\/v2\/media\/202904"}],"wp:attachment":[{"href":"https:\/\/www.europesays.com\/fr\/wp-json\/wp\/v2\/media?parent=202903"}],"wp:term":[{"taxonomy":"category","embeddable":true,"href":"https:\/\/www.europesays.com\/fr\/wp-json\/wp\/v2\/categories?post=202903"},{"taxonomy":"post_tag","embeddable":true,"href":"https:\/\/www.europesays.com\/fr\/wp-json\/wp\/v2\/tags?post=202903"}],"curies":[{"name":"wp","href":"https:\/\/api.w.org\/{rel}","templated":true}]}}