{"id":202908,"date":"2025-06-25T09:44:09","date_gmt":"2025-06-25T09:44:09","guid":{"rendered":"https:\/\/www.europesays.com\/fr\/202908\/"},"modified":"2025-06-25T09:44:09","modified_gmt":"2025-06-25T09:44:09","slug":"lyon-abandonne-microsoft-office-pour-renforcer-sa-souverainete-numerique","status":"publish","type":"post","link":"https:\/\/www.europesays.com\/fr\/202908\/","title":{"rendered":"Lyon abandonne Microsoft office pour renforcer sa \u00ab\u00a0souverainet\u00e9 num\u00e9rique\u00a0\u00bb"},"content":{"rendered":"<p>La Ville de Lyon va progressivement remplacer la suite Microsoft par des logiciels bureautiques libres, dont \u00ab\u00a0Only Office pour la bureautique, ainsi que Linux et PostgreSQL pour les syst\u00e8mes et bases de donn\u00e9es\u00a0\u00bb.<\/p>\n<p>Le but\u00a0: \u00ab\u00a0ne plus \u00eatre d\u00e9pendante des solutions logicielles \u00e9tats-uniennes et acqu\u00e9rir une v\u00e9ritable souverainet\u00e9 num\u00e9rique\u00a0\u00bb, indique-t-elle dans un <a href=\"https:\/\/www.lyon.fr\/actualite\/action-municipale\/la-ville-de-lyon-renforce-sa-souverainete-numerique\" target=\"_blank\" rel=\"noreferrer noopener nofollow\">communiqu\u00e9<\/a>.<\/p>\n<p>Elle s\u2019appuiera aussi sur la suite libre et interop\u00e9rable <a href=\"https:\/\/territoirenumeriqueouvert.fr\/\" target=\"_blank\" rel=\"noreferrer noopener nofollow\">Territoire Num\u00e9rique Ouvert<\/a>, d\u00e9velopp\u00e9e avec la SITIV (le Syndicat Intercommunal des Technologies de l\u2019Information pour les Villes) et la M\u00e9tropole de Lyon. \u2028<\/p>\n<p><img decoding=\"async\" src=\"https:\/\/www.europesays.com\/fr\/wp-content\/uploads\/2025\/06\/Souverainete-1024x496.webp.webp\" alt=\"\" class=\"wp-image-168559\"\/><\/p>\n<p>Cette suite est d\u00e9j\u00e0 utilis\u00e9e par \u00ab\u00a0plusieurs milliers d\u2019agents issus de 9 collectivit\u00e9s\u00a0\u00bb, d\u00e9clare la Ville de Lyon. \u2028<\/p>\n<p>Par cette d\u00e9cision, la ville rejoint un mouvement lanc\u00e9 dans d\u2019autres villes d\u2019Europe. Les deux plus grandes villes danoises, Copenhague et Aarhus, ont ainsi chacune <a href=\"https:\/\/www.usine-digitale.fr\/article\/souverainete-numerique-copenhague-et-aarhus-enclenchent-leur-divorce-avec-microsoft.N2233228\" target=\"_blank\" rel=\"noreferrer noopener nofollow\">annonc\u00e9<\/a> d\u00e9but juin tourner le dos \u00e0 Windows et Microsoft Office.<\/p>\n","protected":false},"excerpt":{"rendered":"La Ville de Lyon va progressivement remplacer la suite Microsoft par des logiciels bureautiques libres, dont \u00ab\u00a0Only Office&hellip;\n","protected":false},"author":2,"featured_media":202909,"comment_status":"","ping_status":"","sticky":false,"template":"","format":"standard","meta":{"footnotes":""},"categories":[7],"tags":[1011,27,43,40,41,39,42,44],"class_list":{"0":"post-202908","1":"post","2":"type-post","3":"status-publish","4":"format-standard","5":"has-post-thumbnail","7":"category-sciences-et-technologies","8":"tag-fr","9":"tag-france","10":"tag-science","11":"tag-science-and-technology","12":"tag-sciences","13":"tag-sciences-et-technologies","14":"tag-technologies","15":"tag-technology"},"share_on_mastodon":{"url":"https:\/\/pubeurope.com\/@fr\/114743364082488057","error":""},"_links":{"self":[{"href":"https:\/\/www.europesays.com\/fr\/wp-json\/wp\/v2\/posts\/202908","targetHints":{"allow":["GET"]}}],"collection":[{"href":"https:\/\/www.europesays.com\/fr\/wp-json\/wp\/v2\/posts"}],"about":[{"href":"https:\/\/www.europesays.com\/fr\/wp-json\/wp\/v2\/types\/post"}],"author":[{"embeddable":true,"href":"https:\/\/www.europesays.com\/fr\/wp-json\/wp\/v2\/users\/2"}],"replies":[{"embeddable":true,"href":"https:\/\/www.europesays.com\/fr\/wp-json\/wp\/v2\/comments?post=202908"}],"version-history":[{"count":0,"href":"https:\/\/www.europesays.com\/fr\/wp-json\/wp\/v2\/posts\/202908\/revisions"}],"wp:featuredmedia":[{"embeddable":true,"href":"https:\/\/www.europesays.com\/fr\/wp-json\/wp\/v2\/media\/202909"}],"wp:attachment":[{"href":"https:\/\/www.europesays.com\/fr\/wp-json\/wp\/v2\/media?parent=202908"}],"wp:term":[{"taxonomy":"category","embeddable":true,"href":"https:\/\/www.europesays.com\/fr\/wp-json\/wp\/v2\/categories?post=202908"},{"taxonomy":"post_tag","embeddable":true,"href":"https:\/\/www.europesays.com\/fr\/wp-json\/wp\/v2\/tags?post=202908"}],"curies":[{"name":"wp","href":"https:\/\/api.w.org\/{rel}","templated":true}]}}