{"id":202910,"date":"2025-06-25T09:45:35","date_gmt":"2025-06-25T09:45:35","guid":{"rendered":"https:\/\/www.europesays.com\/fr\/202910\/"},"modified":"2025-06-25T09:45:35","modified_gmt":"2025-06-25T09:45:35","slug":"fnac-et-darty-pratiquent-deja-les-prix-casses-pour-le-debut-des-soldes-dete","status":"publish","type":"post","link":"https:\/\/www.europesays.com\/fr\/202910\/","title":{"rendered":"Fnac et Darty pratiquent d\u00e9j\u00e0 les prix cass\u00e9s pour le d\u00e9but des soldes d\u2019\u00e9t\u00e9"},"content":{"rendered":"<p>La Fnac et Darty commencent la premi\u00e8re journ\u00e9e des soldes d\u2019\u00e9t\u00e9 en bonne et due forme, avec au programme des tonnes de promotions sur de nombreux produits Tech. Pour ne pas vous perdre dans cette avalanche d\u2019offres, nous vous avons s\u00e9lectionn\u00e9 uniquement celles qui valent le coup.<\/p>\n<p><a href=\"https:\/\/images.frandroid.com\/wp-content\/uploads\/2025\/06\/fnac-darty-soldes-dete-2025.jpg\" target=\"_blank\" class=\"article-content__figure\" rel=\"noopener\"><img fetchpriority=\"high\" decoding=\"async\" loading=\"eager\" width=\"1200\" height=\"799\" src=\"https:\/\/www.europesays.com\/fr\/wp-content\/uploads\/2025\/06\/fnac-darty-soldes-dete-2025.jpg\" alt=\"\" class=\"wp-image-2685877 wp-image wp-image\"  \/><\/a><\/p>\n<p>Fnac et Darty viennent de mettre en ligne leurs offres pour les <a href=\"https:\/\/www.frandroid.com\/tag\/soldes\" target=\"_blank\" rel=\"noopener\">soldes d\u2019\u00e9t\u00e9<\/a>. Les deux enseignes fran\u00e7aises ont de quoi vous faire \u00e9conomiser d\u00e8s maintenant beaucoup d\u2019argent sur des produits populaires de la Tech, en passant par les <a href=\"https:\/\/www.frandroid.com\/guide-dachat\/smartphones\/332196_10-smartphones-attendus-debut-2016\" target=\"_blank\" rel=\"noopener\">smartphones<\/a>, les <a href=\"https:\/\/www.frandroid.com\/guide-dachat\/guide-tablettes\/320702_guide-dachat-tablette-choisir-noel\" target=\"_blank\" rel=\"noopener\">tablettes<\/a>, les <a href=\"https:\/\/www.frandroid.com\/guide-dachat\/guides-dachat-tv\/508152_quelle-television-4k-choisir-la-selection-de-la-redaction\" target=\"_blank\" rel=\"noopener\">TV<\/a> et m\u00eame <a href=\"https:\/\/www.frandroid.com\/guide-dachat\/guides-dachat-survoltes\/guides-dachat-trottinettes-electriques\/617520_quelle-trottinette-electrique-acheter\" target=\"_blank\" rel=\"noopener\">les trottinettes \u00e9lectriques.<\/a> Des promotions, il y en a beaucoup, mais nous avons regroup\u00e9 uniquement les meilleures offres dans cette s\u00e9lection.<\/p>\n<p>Les meilleures offres Fnac &amp; Darty durant les soldes d\u2019\u00e9t\u00e9 2025<\/p>\n<ul class=\"wp-block-list\">\n<li>PlayStation Pulse Explore \u00e0 99 euros au lieu de 219 euros : <a href=\"https:\/\/shop.frandroid.com\/iyq2538f\" target=\"_blank\" rel=\"noreferrer noopener affiliate nofollow\" data-gtm=\"{&quot;event&quot;:&quot;afficlic&quot;,&quot;nom_marchand&quot;:&quot;fnac&quot;,&quot;nom_produit&quot;:&quot;inconnu&quot;,&quot;categorie_produit&quot;:&quot;inconnu&quot;,&quot;module_produit&quot;:&quot;editolink&quot;,&quot;position_marchand&quot;:0,&quot;texte&quot;:&quot;fnac&quot;,&quot;offer_url&quot;:&quot;https:\/\/shop.frandroid.com\/iyq2538f&quot;,&quot;zone&quot;:&quot;contenu-page&quot;}\">Fnac<\/a> <\/li>\n<li>Ninebot F3 Pro E \u00e0 599 euros au lieu de 649 euros : <a href=\"https:\/\/shop.frandroid.com\/zciuqa9r\" target=\"_blank\" rel=\"noreferrer noopener affiliate nofollow\" data-gtm=\"{&quot;event&quot;:&quot;afficlic&quot;,&quot;nom_marchand&quot;:&quot;fnac&quot;,&quot;nom_produit&quot;:&quot;inconnu&quot;,&quot;categorie_produit&quot;:&quot;inconnu&quot;,&quot;module_produit&quot;:&quot;editolink&quot;,&quot;position_marchand&quot;:0,&quot;texte&quot;:&quot;fnac&quot;,&quot;offer_url&quot;:&quot;https:\/\/shop.frandroid.com\/zciuqa9r&quot;,&quot;zone&quot;:&quot;contenu-page&quot;}\">Fnac<\/a> et <a href=\"https:\/\/shop.frandroid.com\/10udh34s\" target=\"_blank\" rel=\"noreferrer noopener affiliate nofollow\" data-gtm=\"{&quot;event&quot;:&quot;afficlic&quot;,&quot;nom_marchand&quot;:&quot;darty&quot;,&quot;nom_produit&quot;:&quot;inconnu&quot;,&quot;categorie_produit&quot;:&quot;inconnu&quot;,&quot;module_produit&quot;:&quot;editolink&quot;,&quot;position_marchand&quot;:0,&quot;texte&quot;:&quot;darty&quot;,&quot;offer_url&quot;:&quot;https:\/\/shop.frandroid.com\/10udh34s&quot;,&quot;zone&quot;:&quot;contenu-page&quot;}\">Darty<\/a><\/li>\n<li>Samsung Galaxy S24 FE \u00e0 552 euros au lieu de 752 euros : <a href=\"https:\/\/shop.frandroid.com\/tu08e3do\" target=\"_blank\" rel=\"noreferrer noopener affiliate nofollow\" data-gtm=\"{&quot;event&quot;:&quot;afficlic&quot;,&quot;nom_marchand&quot;:&quot;fnac&quot;,&quot;nom_produit&quot;:&quot;inconnu&quot;,&quot;categorie_produit&quot;:&quot;inconnu&quot;,&quot;module_produit&quot;:&quot;editolink&quot;,&quot;position_marchand&quot;:0,&quot;texte&quot;:&quot;fnac&quot;,&quot;offer_url&quot;:&quot;https:\/\/shop.frandroid.com\/tu08e3do&quot;,&quot;zone&quot;:&quot;contenu-page&quot;}\">Fnac<\/a> et <a href=\"https:\/\/shop.frandroid.com\/966b64bz\" target=\"_blank\" rel=\"noreferrer noopener affiliate nofollow\" data-gtm=\"{&quot;event&quot;:&quot;afficlic&quot;,&quot;nom_marchand&quot;:&quot;darty&quot;,&quot;nom_produit&quot;:&quot;inconnu&quot;,&quot;categorie_produit&quot;:&quot;inconnu&quot;,&quot;module_produit&quot;:&quot;editolink&quot;,&quot;position_marchand&quot;:0,&quot;texte&quot;:&quot;darty&quot;,&quot;offer_url&quot;:&quot;https:\/\/shop.frandroid.com\/966b64bz&quot;,&quot;zone&quot;:&quot;contenu-page&quot;}\">Darty<\/a> <\/li>\n<li>Kobo Clara BW \u00e0 129 euros au lieu de 149 euros : <a href=\"https:\/\/shop.frandroid.com\/8383wfb0\" target=\"_blank\" rel=\"noreferrer noopener affiliate nofollow\" data-gtm=\"{&quot;event&quot;:&quot;afficlic&quot;,&quot;nom_marchand&quot;:&quot;fnac&quot;,&quot;nom_produit&quot;:&quot;inconnu&quot;,&quot;categorie_produit&quot;:&quot;inconnu&quot;,&quot;module_produit&quot;:&quot;editolink&quot;,&quot;position_marchand&quot;:0,&quot;texte&quot;:&quot;fnac&quot;,&quot;offer_url&quot;:&quot;https:\/\/shop.frandroid.com\/8383wfb0&quot;,&quot;zone&quot;:&quot;contenu-page&quot;}\">Fnac<\/a> et <a href=\"https:\/\/shop.frandroid.com\/i3k5539u\" target=\"_blank\" rel=\"noreferrer noopener affiliate nofollow\" data-gtm=\"{&quot;event&quot;:&quot;afficlic&quot;,&quot;nom_marchand&quot;:&quot;darty&quot;,&quot;nom_produit&quot;:&quot;inconnu&quot;,&quot;categorie_produit&quot;:&quot;inconnu&quot;,&quot;module_produit&quot;:&quot;editolink&quot;,&quot;position_marchand&quot;:0,&quot;texte&quot;:&quot;darty&quot;,&quot;offer_url&quot;:&quot;https:\/\/shop.frandroid.com\/i3k5539u&quot;,&quot;zone&quot;:&quot;contenu-page&quot;}\">Darty<\/a><\/li>\n<li>Lenovo Idea Tab Pro Matte Edition \u00e0 329 euros au lieu de 449 euros : <a href=\"https:\/\/shop.frandroid.com\/3yzsfvtt\" target=\"_blank\" rel=\"noreferrer noopener affiliate nofollow\" data-gtm=\"{&quot;event&quot;:&quot;afficlic&quot;,&quot;nom_marchand&quot;:&quot;fnac&quot;,&quot;nom_produit&quot;:&quot;inconnu&quot;,&quot;categorie_produit&quot;:&quot;inconnu&quot;,&quot;module_produit&quot;:&quot;editolink&quot;,&quot;position_marchand&quot;:0,&quot;texte&quot;:&quot;fnac&quot;,&quot;offer_url&quot;:&quot;https:\/\/shop.frandroid.com\/3yzsfvtt&quot;,&quot;zone&quot;:&quot;contenu-page&quot;}\">Fnac<\/a> et <a href=\"https:\/\/shop.frandroid.com\/e3ks8kos\" target=\"_blank\" rel=\"noreferrer noopener affiliate nofollow\" data-gtm=\"{&quot;event&quot;:&quot;afficlic&quot;,&quot;nom_marchand&quot;:&quot;darty&quot;,&quot;nom_produit&quot;:&quot;inconnu&quot;,&quot;categorie_produit&quot;:&quot;inconnu&quot;,&quot;module_produit&quot;:&quot;editolink&quot;,&quot;position_marchand&quot;:0,&quot;texte&quot;:&quot;darty&quot;,&quot;offer_url&quot;:&quot;https:\/\/shop.frandroid.com\/e3ks8kos&quot;,&quot;zone&quot;:&quot;contenu-page&quot;}\">Darty<\/a> <\/li>\n<li>Suunto Wing \u00e0 179 euros au lieu de 199 euros : <a href=\"https:\/\/shop.frandroid.com\/xi0eqngm\" target=\"_blank\" rel=\"noreferrer noopener affiliate nofollow\" data-gtm=\"{&quot;event&quot;:&quot;afficlic&quot;,&quot;nom_marchand&quot;:&quot;fnac&quot;,&quot;nom_produit&quot;:&quot;inconnu&quot;,&quot;categorie_produit&quot;:&quot;inconnu&quot;,&quot;module_produit&quot;:&quot;editolink&quot;,&quot;position_marchand&quot;:0,&quot;texte&quot;:&quot;fnac&quot;,&quot;offer_url&quot;:&quot;https:\/\/shop.frandroid.com\/xi0eqngm&quot;,&quot;zone&quot;:&quot;contenu-page&quot;}\">Fnac<\/a><\/li>\n<li>Dyson OnTrac \u00e0 399 euros au lieu de 499 euros : <a href=\"https:\/\/shop.frandroid.com\/rzs2s85d\" target=\"_blank\" rel=\"noreferrer noopener affiliate nofollow\" data-gtm=\"{&quot;event&quot;:&quot;afficlic&quot;,&quot;nom_marchand&quot;:&quot;fnac&quot;,&quot;nom_produit&quot;:&quot;inconnu&quot;,&quot;categorie_produit&quot;:&quot;inconnu&quot;,&quot;module_produit&quot;:&quot;editolink&quot;,&quot;position_marchand&quot;:0,&quot;texte&quot;:&quot;fnac&quot;,&quot;offer_url&quot;:&quot;https:\/\/shop.frandroid.com\/rzs2s85d&quot;,&quot;zone&quot;:&quot;contenu-page&quot;}\">Fnac<\/a> et  <a href=\"https:\/\/shop.frandroid.com\/ipgk9l80\" target=\"_blank\" rel=\"noreferrer noopener affiliate nofollow\" data-gtm=\"{&quot;event&quot;:&quot;afficlic&quot;,&quot;nom_marchand&quot;:&quot;darty&quot;,&quot;nom_produit&quot;:&quot;inconnu&quot;,&quot;categorie_produit&quot;:&quot;inconnu&quot;,&quot;module_produit&quot;:&quot;editolink&quot;,&quot;position_marchand&quot;:0,&quot;texte&quot;:&quot;darty&quot;,&quot;offer_url&quot;:&quot;https:\/\/shop.frandroid.com\/ipgk9l80&quot;,&quot;zone&quot;:&quot;contenu-page&quot;}\">Darty<\/a><\/li>\n<li>Motorola Edge 50 Ultra \u00e0 802 euros au lieu de 1 002 euros : <a href=\"https:\/\/shop.frandroid.com\/2uzb3xbl\" target=\"_blank\" rel=\"noreferrer noopener affiliate nofollow\" data-gtm=\"{&quot;event&quot;:&quot;afficlic&quot;,&quot;nom_marchand&quot;:&quot;fnac&quot;,&quot;nom_produit&quot;:&quot;inconnu&quot;,&quot;categorie_produit&quot;:&quot;inconnu&quot;,&quot;module_produit&quot;:&quot;editolink&quot;,&quot;position_marchand&quot;:0,&quot;texte&quot;:&quot;fnac&quot;,&quot;offer_url&quot;:&quot;https:\/\/shop.frandroid.com\/2uzb3xbl&quot;,&quot;zone&quot;:&quot;contenu-page&quot;}\">Fnac<\/a> et <a href=\"https:\/\/shop.frandroid.com\/f9hrzsxs\" target=\"_blank\" rel=\"noreferrer noopener affiliate nofollow\" data-gtm=\"{&quot;event&quot;:&quot;afficlic&quot;,&quot;nom_marchand&quot;:&quot;darty&quot;,&quot;nom_produit&quot;:&quot;inconnu&quot;,&quot;categorie_produit&quot;:&quot;inconnu&quot;,&quot;module_produit&quot;:&quot;editolink&quot;,&quot;position_marchand&quot;:0,&quot;texte&quot;:&quot;darty&quot;,&quot;offer_url&quot;:&quot;https:\/\/shop.frandroid.com\/f9hrzsxs&quot;,&quot;zone&quot;:&quot;contenu-page&quot;}\">Darty<\/a> <\/li>\n<li>Google Pixel 9 Pro XL (256 Go) \u00e0 949 euros au lieu de 1 299 euros : <a href=\"https:\/\/shop.frandroid.com\/6vzh18l9\" target=\"_blank\" rel=\"noreferrer noopener affiliate nofollow\" data-gtm=\"{&quot;event&quot;:&quot;afficlic&quot;,&quot;nom_marchand&quot;:&quot;fnac&quot;,&quot;nom_produit&quot;:&quot;inconnu&quot;,&quot;categorie_produit&quot;:&quot;inconnu&quot;,&quot;module_produit&quot;:&quot;editolink&quot;,&quot;position_marchand&quot;:0,&quot;texte&quot;:&quot;fnac&quot;,&quot;offer_url&quot;:&quot;https:\/\/shop.frandroid.com\/6vzh18l9&quot;,&quot;zone&quot;:&quot;contenu-page&quot;}\">Fnac<\/a> et <a href=\"https:\/\/shop.frandroid.com\/tikw7gly\" target=\"_blank\" rel=\"noreferrer noopener affiliate nofollow\" data-gtm=\"{&quot;event&quot;:&quot;afficlic&quot;,&quot;nom_marchand&quot;:&quot;darty&quot;,&quot;nom_produit&quot;:&quot;inconnu&quot;,&quot;categorie_produit&quot;:&quot;inconnu&quot;,&quot;module_produit&quot;:&quot;editolink&quot;,&quot;position_marchand&quot;:0,&quot;texte&quot;:&quot;darty&quot;,&quot;offer_url&quot;:&quot;https:\/\/shop.frandroid.com\/tikw7gly&quot;,&quot;zone&quot;:&quot;contenu-page&quot;}\">Darty<\/a> <\/li>\n<li>Samsung Galaxy S25 Edge \u00e0 1 102 euros au lieu de 1 252 euros (pour adh\u00e9rents et membre Darty Max) : <a href=\"https:\/\/shop.frandroid.com\/1eua8gow\" target=\"_blank\" rel=\"noreferrer noopener affiliate nofollow\" data-gtm=\"{&quot;event&quot;:&quot;afficlic&quot;,&quot;nom_marchand&quot;:&quot;fnac&quot;,&quot;nom_produit&quot;:&quot;inconnu&quot;,&quot;categorie_produit&quot;:&quot;inconnu&quot;,&quot;module_produit&quot;:&quot;editolink&quot;,&quot;position_marchand&quot;:0,&quot;texte&quot;:&quot;fnac&quot;,&quot;offer_url&quot;:&quot;https:\/\/shop.frandroid.com\/1eua8gow&quot;,&quot;zone&quot;:&quot;contenu-page&quot;}\">Fnac<\/a> et <a href=\"https:\/\/shop.frandroid.com\/4rmd5bkm\" target=\"_blank\" rel=\"noreferrer noopener affiliate nofollow\" data-gtm=\"{&quot;event&quot;:&quot;afficlic&quot;,&quot;nom_marchand&quot;:&quot;darty&quot;,&quot;nom_produit&quot;:&quot;inconnu&quot;,&quot;categorie_produit&quot;:&quot;inconnu&quot;,&quot;module_produit&quot;:&quot;editolink&quot;,&quot;position_marchand&quot;:0,&quot;texte&quot;:&quot;darty&quot;,&quot;offer_url&quot;:&quot;https:\/\/shop.frandroid.com\/4rmd5bkm&quot;,&quot;zone&quot;:&quot;contenu-page&quot;}\">Darty<\/a><\/li>\n<li>Samsung Galaxy Buds FE \u00e0 69 euros (59 euros pour les adhr\u00e9ents) au lieu de 99 euros : <a href=\"https:\/\/shop.frandroid.com\/7iix1ndh\" target=\"_blank\" rel=\"noreferrer noopener affiliate nofollow\" data-gtm=\"{&quot;event&quot;:&quot;afficlic&quot;,&quot;nom_marchand&quot;:&quot;fnac&quot;,&quot;nom_produit&quot;:&quot;inconnu&quot;,&quot;categorie_produit&quot;:&quot;inconnu&quot;,&quot;module_produit&quot;:&quot;editolink&quot;,&quot;position_marchand&quot;:0,&quot;texte&quot;:&quot;fnac&quot;,&quot;offer_url&quot;:&quot;https:\/\/shop.frandroid.com\/7iix1ndh&quot;,&quot;zone&quot;:&quot;contenu-page&quot;}\">Fnac<\/a> et <a href=\"https:\/\/shop.frandroid.com\/s267jr2a\" target=\"_blank\" rel=\"noreferrer noopener affiliate nofollow\" data-gtm=\"{&quot;event&quot;:&quot;afficlic&quot;,&quot;nom_marchand&quot;:&quot;darty&quot;,&quot;nom_produit&quot;:&quot;inconnu&quot;,&quot;categorie_produit&quot;:&quot;inconnu&quot;,&quot;module_produit&quot;:&quot;editolink&quot;,&quot;position_marchand&quot;:0,&quot;texte&quot;:&quot;darty&quot;,&quot;offer_url&quot;:&quot;https:\/\/shop.frandroid.com\/s267jr2a&quot;,&quot;zone&quot;:&quot;contenu-page&quot;}\">Darty<\/a><\/li>\n<li>Bose QC Ultra \u00e0 349 euros au lieu de 399 euros : <a href=\"https:\/\/shop.frandroid.com\/2qbebjnk\" target=\"_blank\" rel=\"noreferrer noopener affiliate nofollow\" data-gtm=\"{&quot;event&quot;:&quot;afficlic&quot;,&quot;nom_marchand&quot;:&quot;fnac&quot;,&quot;nom_produit&quot;:&quot;inconnu&quot;,&quot;categorie_produit&quot;:&quot;inconnu&quot;,&quot;module_produit&quot;:&quot;editolink&quot;,&quot;position_marchand&quot;:0,&quot;texte&quot;:&quot;fnac&quot;,&quot;offer_url&quot;:&quot;https:\/\/shop.frandroid.com\/2qbebjnk&quot;,&quot;zone&quot;:&quot;contenu-page&quot;}\">Fnac<\/a> et <a href=\"https:\/\/shop.frandroid.com\/ecgn8g1g\" target=\"_blank\" rel=\"noreferrer noopener affiliate nofollow\" data-gtm=\"{&quot;event&quot;:&quot;afficlic&quot;,&quot;nom_marchand&quot;:&quot;darty&quot;,&quot;nom_produit&quot;:&quot;inconnu&quot;,&quot;categorie_produit&quot;:&quot;inconnu&quot;,&quot;module_produit&quot;:&quot;editolink&quot;,&quot;position_marchand&quot;:0,&quot;texte&quot;:&quot;darty&quot;,&quot;offer_url&quot;:&quot;https:\/\/shop.frandroid.com\/ecgn8g1g&quot;,&quot;zone&quot;:&quot;contenu-page&quot;}\">Darty<\/a><\/li>\n<li>LG OLED55C5 \u00e0 1499 euros au lieu de 1 799 euros : <a href=\"https:\/\/shop.frandroid.com\/yhe5m663\" target=\"_blank\" rel=\"noreferrer noopener affiliate nofollow\" data-gtm=\"{&quot;event&quot;:&quot;afficlic&quot;,&quot;nom_marchand&quot;:&quot;fnac&quot;,&quot;nom_produit&quot;:&quot;inconnu&quot;,&quot;categorie_produit&quot;:&quot;inconnu&quot;,&quot;module_produit&quot;:&quot;editolink&quot;,&quot;position_marchand&quot;:0,&quot;texte&quot;:&quot;fnac&quot;,&quot;offer_url&quot;:&quot;https:\/\/shop.frandroid.com\/yhe5m663&quot;,&quot;zone&quot;:&quot;contenu-page&quot;}\">Fnac<\/a> et <a href=\"https:\/\/shop.frandroid.com\/12xfwctp\" target=\"_blank\" rel=\"noreferrer noopener affiliate nofollow\" data-gtm=\"{&quot;event&quot;:&quot;afficlic&quot;,&quot;nom_marchand&quot;:&quot;darty&quot;,&quot;nom_produit&quot;:&quot;inconnu&quot;,&quot;categorie_produit&quot;:&quot;inconnu&quot;,&quot;module_produit&quot;:&quot;editolink&quot;,&quot;position_marchand&quot;:0,&quot;texte&quot;:&quot;darty&quot;,&quot;offer_url&quot;:&quot;https:\/\/shop.frandroid.com\/12xfwctp&quot;,&quot;zone&quot;:&quot;contenu-page&quot;}\">Darty<\/a><\/li>\n<li>LG Gram 16 \u00e0 1 199 euros au lieu de 1 599 euros : <a href=\"https:\/\/shop.frandroid.com\/ex9y873s\" target=\"_blank\" rel=\"noreferrer noopener affiliate nofollow\" data-gtm=\"{&quot;event&quot;:&quot;afficlic&quot;,&quot;nom_marchand&quot;:&quot;fnac&quot;,&quot;nom_produit&quot;:&quot;inconnu&quot;,&quot;categorie_produit&quot;:&quot;inconnu&quot;,&quot;module_produit&quot;:&quot;editolink&quot;,&quot;position_marchand&quot;:0,&quot;texte&quot;:&quot;fnac&quot;,&quot;offer_url&quot;:&quot;https:\/\/shop.frandroid.com\/ex9y873s&quot;,&quot;zone&quot;:&quot;contenu-page&quot;}\">Fnac<\/a> et <a href=\"https:\/\/shop.frandroid.com\/ymrbfpvr\" target=\"_blank\" rel=\"noreferrer noopener affiliate nofollow\" data-gtm=\"{&quot;event&quot;:&quot;afficlic&quot;,&quot;nom_marchand&quot;:&quot;darty&quot;,&quot;nom_produit&quot;:&quot;inconnu&quot;,&quot;categorie_produit&quot;:&quot;inconnu&quot;,&quot;module_produit&quot;:&quot;editolink&quot;,&quot;position_marchand&quot;:0,&quot;texte&quot;:&quot;darty&quot;,&quot;offer_url&quot;:&quot;https:\/\/shop.frandroid.com\/ymrbfpvr&quot;,&quot;zone&quot;:&quot;contenu-page&quot;}\">Darty<\/a><\/li>\n<li>Samsung Galaxy Tab S6 Lite 2024 \u00e0 224,79 euros au lieu de 450 euros : <a href=\"https:\/\/shop.frandroid.com\/01qb0whm\" target=\"_blank\" rel=\"noreferrer noopener affiliate nofollow\" data-gtm=\"{&quot;event&quot;:&quot;afficlic&quot;,&quot;nom_marchand&quot;:&quot;fnac&quot;,&quot;nom_produit&quot;:&quot;inconnu&quot;,&quot;categorie_produit&quot;:&quot;inconnu&quot;,&quot;module_produit&quot;:&quot;editolink&quot;,&quot;position_marchand&quot;:0,&quot;texte&quot;:&quot;fnac&quot;,&quot;offer_url&quot;:&quot;https:\/\/shop.frandroid.com\/01qb0whm&quot;,&quot;zone&quot;:&quot;contenu-page&quot;}\">Fnac<\/a> et <a href=\"https:\/\/shop.frandroid.com\/o7dmpype\" target=\"_blank\" rel=\"noreferrer noopener affiliate nofollow\" data-gtm=\"{&quot;event&quot;:&quot;afficlic&quot;,&quot;nom_marchand&quot;:&quot;darty&quot;,&quot;nom_produit&quot;:&quot;inconnu&quot;,&quot;categorie_produit&quot;:&quot;inconnu&quot;,&quot;module_produit&quot;:&quot;editolink&quot;,&quot;position_marchand&quot;:0,&quot;texte&quot;:&quot;darty&quot;,&quot;offer_url&quot;:&quot;https:\/\/shop.frandroid.com\/o7dmpype&quot;,&quot;zone&quot;:&quot;contenu-page&quot;}\">Darty<\/a> <\/li>\n<\/ul>\n<p>PlayStation Pulse Explore<\/p>\n<p>Les <a href=\"https:\/\/www.frandroid.com\/produits\/audio-casques-ecouteurs\/sony\/1774307-playstation-pulse-explore\" target=\"_blank\" rel=\"noopener\">PlayStation Pulse Explore<\/a> sont des \u00e9couteurs pens\u00e9s pour la <a href=\"https:\/\/www.frandroid.com\/produits\/consoles\/sony\/677161-sony-playstation-5\" target=\"_blank\" rel=\"noopener\">PlayStation 5<\/a> qui promettent une faible latence, des voix bien isol\u00e9es et des sons r\u00e9alistes. Si ces derniers vous int\u00e9ressent, c\u2019est le moment de craquer, les soldes leur font perdre la moiti\u00e9 de leur prix. <\/p>\n<p><a target=\"_blank\" href=\"https:\/\/images.frandroid.com\/wp-content\/uploads\/2025\/06\/sony-pulse-explore-soldes-dete-2025.jpg\" class=\"article-content__figure\" rel=\"noopener\"><img loading=\"lazy\" decoding=\"async\" width=\"1200\" height=\"799\" src=\"https:\/\/www.europesays.com\/fr\/wp-content\/uploads\/2025\/06\/sony-pulse-explore-soldes-dete-2025-1200x799.jpg\" alt=\"\" class=\"wp-image-2708039 wp-image\"  \/><\/a><\/p>\n<p>Ce qu\u2019il faut retenir des PlayStation Pulse Explore <\/p>\n<ul class=\"wp-block-list\">\n<li>Des sons r\u00e9alistes<\/li>\n<li>L\u2019\u00e9limination des bruits parasites du micro<\/li>\n<li>Une faible latence<\/li>\n<\/ul>\n<p>Lanc\u00e9s \u00e0 219,99 euros, les PlayStation Pulse Explore sont actuellement <a href=\"https:\/\/shop.frandroid.com\/iyq2538f\" target=\"_blank\" rel=\"noreferrer noopener affiliate nofollow\" data-gtm=\"{&quot;event&quot;:&quot;afficlic&quot;,&quot;nom_marchand&quot;:&quot;fnac&quot;,&quot;nom_produit&quot;:&quot;inconnu&quot;,&quot;categorie_produit&quot;:&quot;inconnu&quot;,&quot;module_produit&quot;:&quot;editolink&quot;,&quot;position_marchand&quot;:0,&quot;texte&quot;:&quot;affiches-a-99-99-euros-chez-la-fnac&quot;,&quot;offer_url&quot;:&quot;https:\/\/shop.frandroid.com\/iyq2538f&quot;,&quot;zone&quot;:&quot;contenu-page&quot;}\">affich\u00e9s \u00e0 99,99 euros chez la Fnac.<\/a><\/p>\n<p>Ninebot F3 Pro E<\/p>\n<p>Avec ce mod\u00e8le <a href=\"https:\/\/www.frandroid.com\/marques\/segway-ninebot\/2536203_on-a-roule-avec-la-future-star-des-trottinettes-electriques-segway-de-tres-bonnes-premieres-impressions\" target=\"_blank\" rel=\"noopener\">F3 Pro E<\/a>, Ninebot revoit sa copie et fait \u00e9voluer la formule de la\u00a0<a href=\"https:\/\/www.frandroid.com\/produits\/trottinette-electrique\/ninebot\/1712125-ninebot-kickscooter-f2-pro\" target=\"_blank\" rel=\"noreferrer noopener\">F2 Pro E<\/a>\u00a0tout en s\u2019inspirant de l\u2019excellente\u00a0<a href=\"https:\/\/www.frandroid.com\/produits\/trottinette-electrique\/ninebot\/2488162-ninebot-segway-max-g3-e\" target=\"_blank\" rel=\"noreferrer noopener\">Max G3 E<\/a>. Agile, vive, confortable et endurante, la toute r\u00e9cente Ninebot F3 Pro E pourrait bien devenir <a href=\"https:\/\/www.frandroid.com\/marques\/2032120_segway-ninebot-comment-choisir-sa-trottinette-electrique-kickscooter\" target=\"_blank\" rel=\"noopener\">une r\u00e9f\u00e9rence incontournable de la gamme<\/a>. Bonne nouvelle : pendant les soldes elle co\u00fbte 50 euros de moins. <\/p>\n<p><a href=\"https:\/\/images.frandroid.com\/wp-content\/uploads\/2025\/06\/ninebot-f3-pro-e-soldes-ete-2025.jpg\" target=\"_blank\" class=\"article-content__figure\" rel=\"noopener\"><img loading=\"lazy\" decoding=\"async\" width=\"1200\" height=\"799\" src=\"https:\/\/www.europesays.com\/fr\/wp-content\/uploads\/2025\/06\/ninebot-f3-pro-e-soldes-ete-2025-1200x799.jpg\" alt=\"\" class=\"wp-image-2659055 wp-image\"  \/><\/a><\/p>\n<p>La Ninebot F3 Pro E en r\u00e9sum\u00e9 <\/p>\n<ul class=\"wp-block-list\">\n<li>Un \u00e9cran moderne et bien lisible<\/li>\n<li>Une trottinette confortable et stable<\/li>\n<li>Une autonomie de plus de 30 km<\/li>\n<\/ul>\n<p>Habituellement affich\u00e9e \u00e0 649,99 euros, la Ninebot F3 Pro E est actuellement <a href=\"https:\/\/shop.frandroid.com\/zciuqa9r\" target=\"_blank\" rel=\"noreferrer noopener affiliate nofollow\" data-gtm=\"{&quot;event&quot;:&quot;afficlic&quot;,&quot;nom_marchand&quot;:&quot;fnac&quot;,&quot;nom_produit&quot;:&quot;inconnu&quot;,&quot;categorie_produit&quot;:&quot;inconnu&quot;,&quot;module_produit&quot;:&quot;editolink&quot;,&quot;position_marchand&quot;:0,&quot;texte&quot;:&quot;proposee-a-599-99-euros-a-la-fnac&quot;,&quot;offer_url&quot;:&quot;https:\/\/shop.frandroid.com\/zciuqa9r&quot;,&quot;zone&quot;:&quot;contenu-page&quot;}\">propos\u00e9e \u00e0 599,99 euros \u00e0 la Fnac<\/a> et <a href=\"https:\/\/shop.frandroid.com\/10udh34s\" target=\"_blank\" rel=\"noreferrer noopener affiliate nofollow\" data-gtm=\"{&quot;event&quot;:&quot;afficlic&quot;,&quot;nom_marchand&quot;:&quot;darty&quot;,&quot;nom_produit&quot;:&quot;inconnu&quot;,&quot;categorie_produit&quot;:&quot;inconnu&quot;,&quot;module_produit&quot;:&quot;editolink&quot;,&quot;position_marchand&quot;:0,&quot;texte&quot;:&quot;chez-darty&quot;,&quot;offer_url&quot;:&quot;https:\/\/shop.frandroid.com\/10udh34s&quot;,&quot;zone&quot;:&quot;contenu-page&quot;}\">chez Darty<\/a>.<\/p>\n<p>Le mod\u00e8le en dessous, la Ninebot F3 E, est de son c\u00f4t\u00e9 <a href=\"https:\/\/shop.frandroid.com\/71jmcab5\" target=\"_blank\" rel=\"noreferrer noopener affiliate nofollow\" data-gtm=\"{&quot;event&quot;:&quot;afficlic&quot;,&quot;nom_marchand&quot;:&quot;fnac&quot;,&quot;nom_produit&quot;:&quot;inconnu&quot;,&quot;categorie_produit&quot;:&quot;inconnu&quot;,&quot;module_produit&quot;:&quot;editolink&quot;,&quot;position_marchand&quot;:0,&quot;texte&quot;:&quot;vendu-a-529-99-euros-au-lieu-de-599-99-euros-a-la-fnac&quot;,&quot;offer_url&quot;:&quot;https:\/\/shop.frandroid.com\/71jmcab5&quot;,&quot;zone&quot;:&quot;contenu-page&quot;}\">vendu \u00e0 529,99 euros au lieu de 599,99 euros \u00e0 la Fnac<\/a>.<\/p>\n<p>Samsung Galaxy S24 FE<\/p>\n<p>Malgr\u00e9 quelques petites concessions sur la fiche technique, le <a href=\"https:\/\/www.frandroid.com\/produits\/smartphones\/samsung\/2351332-samsung-galaxy-s24-fe\" target=\"_blank\" rel=\"noopener\">Samsung Galaxy S24 FE<\/a> reste un smartphone tr\u00e8s \u00e9quilibr\u00e9 et que l\u2019on recommande sans souci.\u00a0Il pla\u00eet pour\u00a0sa qualit\u00e9 de fabrication, son excellent logiciel et ses bonnes performances. Aujourd\u2019hui, il perd 200 euros \u00e0 l\u2019occasion des soldes. <\/p>\n<p><a href=\"https:\/\/images.frandroid.com\/wp-content\/uploads\/2025\/06\/samsung-galaxy-s24-fe-soldes-ete-2025.jpg\" target=\"_blank\" class=\"article-content__figure\" rel=\"noopener\"><img loading=\"lazy\" decoding=\"async\" width=\"1200\" height=\"799\" src=\"https:\/\/www.europesays.com\/fr\/wp-content\/uploads\/2025\/06\/samsung-galaxy-s24-fe-soldes-ete-2025-1200x799.jpg\" alt=\"\" class=\"wp-image-2660009 wp-image\"  \/><\/a><\/p>\n<p>Les points forts du Samsung Galaxy S24 FE<\/p>\n<ul class=\"wp-block-list\">\n<li>Un design haut de gamme<\/li>\n<li>Une dalle lumineuse<\/li>\n<li>One UI et l\u2019int\u00e9gration de fonctions IA<\/li>\n<\/ul>\n<p>Affich\u00e9 \u00e0 752 euros, le Samsung Galaxy S24 FE est actuellement en <a href=\"https:\/\/shop.frandroid.com\/tu08e3do\" target=\"_blank\" rel=\"noreferrer noopener affiliate nofollow\" data-gtm=\"{&quot;event&quot;:&quot;afficlic&quot;,&quot;nom_marchand&quot;:&quot;fnac&quot;,&quot;nom_produit&quot;:&quot;inconnu&quot;,&quot;categorie_produit&quot;:&quot;inconnu&quot;,&quot;module_produit&quot;:&quot;editolink&quot;,&quot;position_marchand&quot;:0,&quot;texte&quot;:&quot;promotion-a-552-euros-sur-le-site-de-la-fnac&quot;,&quot;offer_url&quot;:&quot;https:\/\/shop.frandroid.com\/tu08e3do&quot;,&quot;zone&quot;:&quot;contenu-page&quot;}\">promotion \u00e0 552 euros sur le site de la Fnac<\/a> et le site <a href=\"https:\/\/shop.frandroid.com\/966b64bz\" target=\"_blank\" rel=\"noreferrer noopener affiliate nofollow\" data-gtm=\"{&quot;event&quot;:&quot;afficlic&quot;,&quot;nom_marchand&quot;:&quot;darty&quot;,&quot;nom_produit&quot;:&quot;inconnu&quot;,&quot;categorie_produit&quot;:&quot;inconnu&quot;,&quot;module_produit&quot;:&quot;editolink&quot;,&quot;position_marchand&quot;:0,&quot;texte&quot;:&quot;darty&quot;,&quot;offer_url&quot;:&quot;https:\/\/shop.frandroid.com\/966b64bz&quot;,&quot;zone&quot;:&quot;contenu-page&quot;}\">Darty<\/a>. <\/p>\n<p>Kobo Clara BW<\/p>\n<p>La <a href=\"https:\/\/www.frandroid.com\/produits\/liseuses\/kobo\/2314064-kobo-clara-bw\" target=\"_blank\" rel=\"noopener\">Kobo Clara BW<\/a> est l\u2019une des <a href=\"https:\/\/www.frandroid.com\/guide-dachat\/371603_3-des-meilleures-liseuses-pour-la-rentree\" target=\"_blank\" rel=\"noopener\">liseuses<\/a> les moins ch\u00e8res du catalogue de la marque. Compacte, confortable, \u00e9coresponsable et compatible Bluetooth, ce mod\u00e8le devient encore plus int\u00e9ressant pendant les soldes d\u2019\u00e9t\u00e9 gr\u00e2ce \u00e0 cette offre.<\/p>\n<p><a href=\"https:\/\/images.frandroid.com\/wp-content\/uploads\/2025\/06\/kobo-clara-bw-soldes-ete-2025.jpg\" target=\"_blank\" class=\"article-content__figure\" rel=\"noopener\"><img loading=\"lazy\" decoding=\"async\" width=\"1200\" height=\"799\" src=\"https:\/\/www.europesays.com\/fr\/wp-content\/uploads\/2025\/06\/kobo-clara-bw-soldes-ete-2025-1200x799.jpg\" alt=\"\" class=\"wp-image-2658641 wp-image\"  \/><\/a><\/p>\n<p>La Kobo Clara BW, c\u2019est quoi ?<\/p>\n<ul class=\"wp-block-list\">\n<li>Une liseuse l\u00e9g\u00e8re, \u00e9coresponsable et certifi\u00e9e IPX8<\/li>\n<li>Un \u00e9cran de 6 pouces confortable<\/li>\n<li>Avec le Bluetooth pour les livres audio<\/li>\n<\/ul>\n<p>Initialement affich\u00e9e \u00e0 149,99 euros, la liseuse Kobo Clara BW est aujourd\u2019hui <a href=\"https:\/\/shop.frandroid.com\/8383wfb0\" target=\"_blank\" rel=\"noreferrer noopener affiliate nofollow\" data-gtm=\"{&quot;event&quot;:&quot;afficlic&quot;,&quot;nom_marchand&quot;:&quot;fnac&quot;,&quot;nom_produit&quot;:&quot;inconnu&quot;,&quot;categorie_produit&quot;:&quot;inconnu&quot;,&quot;module_produit&quot;:&quot;editolink&quot;,&quot;position_marchand&quot;:0,&quot;texte&quot;:&quot;disponible-en-promotion-a-129-99-euros-a-la-fnac&quot;,&quot;offer_url&quot;:&quot;https:\/\/shop.frandroid.com\/8383wfb0&quot;,&quot;zone&quot;:&quot;contenu-page&quot;}\">disponible en promotion \u00e0 129,99 euros \u00e0 la Fnac<\/a>. L\u2019offre est <a href=\"https:\/\/shop.frandroid.com\/i3k5539u\" target=\"_blank\" rel=\"noreferrer noopener affiliate nofollow\" data-gtm=\"{&quot;event&quot;:&quot;afficlic&quot;,&quot;nom_marchand&quot;:&quot;darty&quot;,&quot;nom_produit&quot;:&quot;inconnu&quot;,&quot;categorie_produit&quot;:&quot;inconnu&quot;,&quot;module_produit&quot;:&quot;editolink&quot;,&quot;position_marchand&quot;:0,&quot;texte&quot;:&quot;aussi-disponible-sur-le-site-darty&quot;,&quot;offer_url&quot;:&quot;https:\/\/shop.frandroid.com\/i3k5539u&quot;,&quot;zone&quot;:&quot;contenu-page&quot;}\">aussi disponible sur le site Darty<\/a>. <\/p>\n<p>Lenovo Idea Tab Pro Matte Edition<\/p>\n<p>Fluide, polyvalente et accompagn\u00e9e d\u2019un stylet efficace, la<a href=\"https:\/\/www.frandroid.com\/marques\/lenovo\/2494708_lenovo-lance-deux-nouvelles-tablettes-android-puissantes-pour-les-pros-et-les-etudiants\" target=\"_blank\" rel=\"noopener\"> Lenovo Idea Tab Pro Matte Edition<\/a> est une tablette taill\u00e9e pour les \u00e9tudiants, qui pourront par exemple \u00eatre plus productifs gr\u00e2ce \u00e0 l\u2019IA. Actuellement, on la trouve \u00e0 moins de 330 euros gr\u00e2ce \u00e0 une promo sp\u00e9ciale soldes.<\/p>\n<p><a href=\"https:\/\/images.frandroid.com\/wp-content\/uploads\/2025\/06\/lenovo-idea-tab-pro-soldes-ete-2025.jpg\" target=\"_blank\" class=\"article-content__figure\" rel=\"noopener\"><img loading=\"lazy\" decoding=\"async\" width=\"1200\" height=\"799\" src=\"https:\/\/www.europesays.com\/fr\/wp-content\/uploads\/2025\/06\/lenovo-idea-tab-pro-soldes-ete-2025-1200x799.jpg\" alt=\"\" class=\"wp-image-2659283 wp-image\"  \/><\/a><\/p>\n<p>Les points forts de la Lenovo Idea Tab Pro Matte Edition<\/p>\n<ul class=\"wp-block-list\">\n<li>Une dalle mate 3K de 12,7 pouces + 144 Hz<\/li>\n<li>Google Gemini int\u00e9gr\u00e9<\/li>\n<li>Un stylet fourni<\/li>\n<\/ul>\n<p>Auparavant affich\u00e9e \u00e0 449,99 euros, la tablette Lenovo Idea Tab Pro Matte Edition est aujourd\u2019hui <a href=\"https:\/\/shop.frandroid.com\/3yzsfvtt\" target=\"_blank\" rel=\"noreferrer noopener affiliate nofollow\" data-gtm=\"{&quot;event&quot;:&quot;afficlic&quot;,&quot;nom_marchand&quot;:&quot;fnac&quot;,&quot;nom_produit&quot;:&quot;inconnu&quot;,&quot;categorie_produit&quot;:&quot;inconnu&quot;,&quot;module_produit&quot;:&quot;editolink&quot;,&quot;position_marchand&quot;:0,&quot;texte&quot;:&quot;disponible-en-promotion-a-329-99-euros-a-la-fnac&quot;,&quot;offer_url&quot;:&quot;https:\/\/shop.frandroid.com\/3yzsfvtt&quot;,&quot;zone&quot;:&quot;contenu-page&quot;}\">disponible en promotion \u00e0 329,99 euros \u00e0 la Fnac<\/a> et <a href=\"https:\/\/shop.frandroid.com\/e3ks8kos\" target=\"_blank\" rel=\"noreferrer noopener affiliate nofollow\" data-gtm=\"{&quot;event&quot;:&quot;afficlic&quot;,&quot;nom_marchand&quot;:&quot;darty&quot;,&quot;nom_produit&quot;:&quot;inconnu&quot;,&quot;categorie_produit&quot;:&quot;inconnu&quot;,&quot;module_produit&quot;:&quot;editolink&quot;,&quot;position_marchand&quot;:0,&quot;texte&quot;:&quot;chez-darty&quot;,&quot;offer_url&quot;:&quot;https:\/\/shop.frandroid.com\/e3ks8kos&quot;,&quot;zone&quot;:&quot;contenu-page&quot;}\">chez Darty<\/a>.<\/p>\n<p>Suunto Wing<\/p>\n<p>Les <a href=\"https:\/\/www.frandroid.com\/produits\/audio-casques-ecouteurs\/suunto\/1819075-suunto-wing\" target=\"_blank\" rel=\"noopener\">Suunto Wing<\/a> sont des <a href=\"https:\/\/www.frandroid.com\/guide-dachat\/1368305_quel-casque-a-conduction-osseuse-choisir\" target=\"_blank\" rel=\"noopener\">\u00e9couteurs \u00e0 conduction osseuse<\/a> orient\u00e9s pour les sports outdoors. Il se d\u00e9marque de la concurrence avec les lumi\u00e8res LED int\u00e9gr\u00e9es pour une meilleure visibilit\u00e9 dans l\u2019obscurit\u00e9, du contr\u00f4le des mouvements de la t\u00eate et sont certifi\u00e9s IP67. Si ce mod\u00e8le, sachez qu\u2019il profite de 10 % de remise. <\/p>\n<p><a href=\"https:\/\/images.frandroid.com\/wp-content\/uploads\/2025\/06\/suunto-wing-soldes-dete-2025.jpg\" target=\"_blank\" class=\"article-content__figure\" rel=\"noopener\"><img loading=\"lazy\" decoding=\"async\" width=\"1200\" height=\"799\" src=\"https:\/\/www.europesays.com\/fr\/wp-content\/uploads\/2025\/06\/suunto-wing-soldes-dete-2025-1200x799.jpg\" alt=\"\" class=\"wp-image-2674193 wp-image\"  \/><\/a><\/p>\n<p>Les forces des Suunto Wing <\/p>\n<ul class=\"wp-block-list\">\n<li>Une \u00e9coute confortable<\/li>\n<li>La connexion stable<\/li>\n<li>L\u2019autonomie et la batterie externe<\/li>\n<\/ul>\n<p>Propos\u00e9s \u00e0 199,99 euros, les \u00e9couteurs Suunto Wing se vendent pendant les soldes <a href=\"https:\/\/shop.frandroid.com\/xi0eqngm\" target=\"_blank\" rel=\"noreferrer noopener affiliate nofollow\" data-gtm=\"{&quot;event&quot;:&quot;afficlic&quot;,&quot;nom_marchand&quot;:&quot;fnac&quot;,&quot;nom_produit&quot;:&quot;inconnu&quot;,&quot;categorie_produit&quot;:&quot;inconnu&quot;,&quot;module_produit&quot;:&quot;editolink&quot;,&quot;position_marchand&quot;:0,&quot;texte&quot;:&quot;a-179-99-euros-chez-la-fnac&quot;,&quot;offer_url&quot;:&quot;https:\/\/shop.frandroid.com\/xi0eqngm&quot;,&quot;zone&quot;:&quot;contenu-page&quot;}\">\u00e0 179,99 euros chez la Fnac<\/a>.<\/p>\n<p>Dyson OnTrac<\/p>\n<p>Le<a href=\"https:\/\/www.frandroid.com\/produits\/audio-casques-ecouteurs\/dyson\/2084876-dyson-ontrac\" target=\"_blank\" rel=\"noopener\"> Dyson OnTrac <\/a>est le deuxi\u00e8me <a href=\"https:\/\/www.frandroid.com\/guide-dachat\/guide-audio\/457173_guide-dachat-les-meilleurs-casques-bluetooth-sans-fil-de-2017\" target=\"_blank\" rel=\"noopener\">casque audio<\/a> sans fil con\u00e7u par la marque. Il propose un design soign\u00e9 avec une collection d\u2019accessoires pour un maximum de personnalisation, une fonction r\u00e9duction de bruit performante ainsi qu\u2019une grande autonomie.\u00a0Si vous souhaitez d\u00e9couvrir ce produit, il profite de 100 euros de remise pendant les soldes. <\/p>\n<p><a href=\"https:\/\/images.frandroid.com\/wp-content\/uploads\/2025\/06\/dyson-ontrac-soldes-dete-2025.jpg\" target=\"_blank\" class=\"article-content__figure\" rel=\"noopener\"><img loading=\"lazy\" decoding=\"async\" width=\"1200\" height=\"799\" src=\"https:\/\/www.europesays.com\/fr\/wp-content\/uploads\/2025\/06\/dyson-ontrac-soldes-dete-2025-1200x799.jpg\" alt=\"\" class=\"wp-image-2675457 wp-image\"  \/><\/a><\/p>\n<p>Les points forts du Dyson OnTrac <\/p>\n<ul class=\"wp-block-list\">\n<li>Un casque confortable aux finitions soign\u00e9es <\/li>\n<li>Une autonomie longue dur\u00e9e <\/li>\n<li>La r\u00e9duction de bruit active jusqu\u2019\u00e0 40 dB <\/li>\n<\/ul>\n<p>De base \u00e0 499,99 euros, le casque Dyson OnTrac est vendu <a href=\"https:\/\/shop.frandroid.com\/ipgk9l80\" target=\"_blank\" rel=\"noreferrer noopener affiliate nofollow\" data-gtm=\"{&quot;event&quot;:&quot;afficlic&quot;,&quot;nom_marchand&quot;:&quot;darty&quot;,&quot;nom_produit&quot;:&quot;inconnu&quot;,&quot;categorie_produit&quot;:&quot;inconnu&quot;,&quot;module_produit&quot;:&quot;editolink&quot;,&quot;position_marchand&quot;:0,&quot;texte&quot;:&quot;desormais-a-399-euros-sur-le-site-darty&quot;,&quot;offer_url&quot;:&quot;https:\/\/shop.frandroid.com\/ipgk9l80&quot;,&quot;zone&quot;:&quot;contenu-page&quot;}\">d\u00e9sormais \u00e0 399 euros sur le site Darty.<\/a> L\u2019offre est aussi <a href=\"https:\/\/shop.frandroid.com\/rzs2s85d\" target=\"_blank\" rel=\"noreferrer noopener affiliate nofollow\" data-gtm=\"{&quot;event&quot;:&quot;afficlic&quot;,&quot;nom_marchand&quot;:&quot;fnac&quot;,&quot;nom_produit&quot;:&quot;inconnu&quot;,&quot;categorie_produit&quot;:&quot;inconnu&quot;,&quot;module_produit&quot;:&quot;editolink&quot;,&quot;position_marchand&quot;:0,&quot;texte&quot;:&quot;disponible-sur-le-site-de-la-fnac&quot;,&quot;offer_url&quot;:&quot;https:\/\/shop.frandroid.com\/rzs2s85d&quot;,&quot;zone&quot;:&quot;contenu-page&quot;}\">disponible sur le site de la Fnac<\/a>. <\/p>\n<p>Motorola Edge 50 Ultra<\/p>\n<p>Le Motorola Edge 50 Ultra est <a href=\"https:\/\/www.frandroid.com\/guide-dachat\/smartphones\/289788_quels-sont-les-meilleurs-smartphones-haut-de-gamme-android-en-2017\" target=\"_blank\" rel=\"noopener\">un smartphone haut de gamme<\/a> et qui a de quoi satisfaire avec sa fiche technique muscl\u00e9e : \u00e9cran OLED incurv\u00e9, puce performante, charge v\u00e9lo\u2026 Bref tout ce qu\u2019il faut pour en faire un bon smartphone, dont le prix baisse fortement pendant les soldes. <\/p>\n<p><a href=\"https:\/\/images.frandroid.com\/wp-content\/uploads\/2025\/06\/motorola-edge-50-ultra-soldes-dete-2025.jpg\" target=\"_blank\" class=\"article-content__figure\" rel=\"noopener\"><img loading=\"lazy\" decoding=\"async\" width=\"1200\" height=\"799\" src=\"https:\/\/www.europesays.com\/fr\/wp-content\/uploads\/2025\/06\/motorola-edge-50-ultra-soldes-dete-2025-1200x799.jpg\" alt=\"\" class=\"wp-image-2678093 wp-image\"  \/><\/a><\/p>\n<p>Ce qu\u2019on appr\u00e9cie du Motorola Edge 50 Ultra<\/p>\n<ul class=\"wp-block-list\">\n<li>Ses finitions haut de gamme<\/li>\n<li>Sa dalle pOLED de 6,7 pouces + 144 Hz<\/li>\n<li>Sa puce Snadragon 8s Gen 3 et sa charge de 125 W<\/li>\n<\/ul>\n<p>Initialement \u00e0 1 002 euros, le Motorola Edge 50 Ultra est aujourd\u2019hui\u00a0disponible <a href=\"https:\/\/shop.frandroid.com\/f9hrzsxs\" target=\"_blank\" rel=\"noreferrer noopener affiliate nofollow\" data-gtm=\"{&quot;event&quot;:&quot;afficlic&quot;,&quot;nom_marchand&quot;:&quot;darty&quot;,&quot;nom_produit&quot;:&quot;inconnu&quot;,&quot;categorie_produit&quot;:&quot;inconnu&quot;,&quot;module_produit&quot;:&quot;editolink&quot;,&quot;position_marchand&quot;:0,&quot;texte&quot;:&quot;en-promotion-a-802-euros-chez-darty&quot;,&quot;offer_url&quot;:&quot;https:\/\/shop.frandroid.com\/f9hrzsxs&quot;,&quot;zone&quot;:&quot;contenu-page&quot;}\">en promotion \u00e0 802 euros chez Darty<\/a>\u00a0et \u00e0\u00a0<a href=\"https:\/\/shop.frandroid.com\/2uzb3xbl\" target=\"_blank\" rel=\"noreferrer noopener affiliate nofollow\" data-gtm=\"{&quot;event&quot;:&quot;afficlic&quot;,&quot;nom_marchand&quot;:&quot;fnac&quot;,&quot;nom_produit&quot;:&quot;inconnu&quot;,&quot;categorie_produit&quot;:&quot;inconnu&quot;,&quot;module_produit&quot;:&quot;editolink&quot;,&quot;position_marchand&quot;:0,&quot;texte&quot;:&quot;la-fnac&quot;,&quot;offer_url&quot;:&quot;https:\/\/shop.frandroid.com\/2uzb3xbl&quot;,&quot;zone&quot;:&quot;contenu-page&quot;}\">la Fnac.<\/a><\/p>\n<p>Google Pixel 9 Pro XL<\/p>\n<p>Puissant et bourr\u00e9 de fonctionnalit\u00e9s d\u2019IA, le dernier mod\u00e8le de <a href=\"https:\/\/www.frandroid.com\/guide-dachat\/2043088_quel-smartphone-google-pixel-choisir\" target=\"_blank\" rel=\"noopener\">smartphone premium de Google<\/a> est \u00e0 prix tr\u00e8s r\u00e9duit durant les soldes d\u2019\u00e9t\u00e9 : sa version XL perd 350 euros de son prix. <\/p>\n<p><a href=\"https:\/\/images.frandroid.com\/wp-content\/uploads\/2025\/06\/google-pixel-9-pro-xl-soldes-dete-2025.jpg\" target=\"_blank\" class=\"article-content__figure\" rel=\"noopener\"><img loading=\"lazy\" decoding=\"async\" width=\"1200\" height=\"799\" src=\"https:\/\/www.europesays.com\/fr\/wp-content\/uploads\/2025\/06\/google-pixel-9-pro-xl-soldes-dete-2025-1200x799.jpg\" alt=\"\" class=\"wp-image-2679183 wp-image\"  \/><\/a><\/p>\n<p>Ce qu\u2019il faut retenir du Google Pixel 9 Pro XL <\/p>\n<ul class=\"wp-block-list\">\n<li>Un volet photo tr\u00e8s bien ex\u00e9cut\u00e9<\/li>\n<li>Un beau design avec un \u00e9cran tr\u00e8s lumineux<\/li>\n<li>Autonomie en hausse<\/li>\n<\/ul>\n<p>Affich\u00e9 \u00e0 1 299 euros, le Google Pixel 9 Pro XL (256 Go) se n\u00e9gocie en ce moment <a href=\"https:\/\/shop.frandroid.com\/shimhbp6\" target=\"_blank\" rel=\"noreferrer noopener affiliate nofollow\" data-gtm=\"{&quot;event&quot;:&quot;afficlic&quot;,&quot;nom_marchand&quot;:&quot;fnac&quot;,&quot;nom_produit&quot;:&quot;inconnu&quot;,&quot;categorie_produit&quot;:&quot;inconnu&quot;,&quot;module_produit&quot;:&quot;editolink&quot;,&quot;position_marchand&quot;:0,&quot;texte&quot;:&quot;remise-a-949-euros-sur-le-site-de-la-fnac&quot;,&quot;offer_url&quot;:&quot;https:\/\/shop.frandroid.com\/shimhbp6&quot;,&quot;zone&quot;:&quot;contenu-page&quot;}\">remis\u00e9 \u00e0 949 euros sur le site de la Fnac<\/a> et <a href=\"https:\/\/shop.frandroid.com\/tikw7gly\" target=\"_blank\" rel=\"noreferrer noopener affiliate nofollow\" data-gtm=\"{&quot;event&quot;:&quot;afficlic&quot;,&quot;nom_marchand&quot;:&quot;darty&quot;,&quot;nom_produit&quot;:&quot;inconnu&quot;,&quot;categorie_produit&quot;:&quot;inconnu&quot;,&quot;module_produit&quot;:&quot;editolink&quot;,&quot;position_marchand&quot;:0,&quot;texte&quot;:&quot;darty&quot;,&quot;offer_url&quot;:&quot;https:\/\/shop.frandroid.com\/tikw7gly&quot;,&quot;zone&quot;:&quot;contenu-page&quot;}\">Darty<\/a>. <\/p>\n<p>Samsung Galaxy S25 Edge <\/p>\n<p>Le <a href=\"https:\/\/www.frandroid.com\/produits\/smartphones\/samsung\/2611593-samsung-galaxy-s25-edge\" target=\"_blank\" rel=\"noopener\">Samsung Galaxy S25 Edge <\/a>est une pi\u00e8ce de design pour une niche d\u2019utilisateurs pour qui l\u2019esth\u00e9tique et la finesse\u00a0sur tout le reste. Si ce mod\u00e8le vous int\u00e9resse, sachez qu\u2019il est possible d\u2019\u00e9conomiser 150 euros dessus. <\/p>\n<p><a href=\"https:\/\/images.frandroid.com\/wp-content\/uploads\/2025\/06\/samsung-galaxy-s25-edge-soldes-dete-2025.jpg\" target=\"_blank\" class=\"article-content__figure\" rel=\"noopener\"><img loading=\"lazy\" decoding=\"async\" width=\"1200\" height=\"799\" src=\"https:\/\/www.europesays.com\/fr\/wp-content\/uploads\/2025\/06\/samsung-galaxy-s25-edge-soldes-dete-2025-1200x799.jpg\" alt=\"\" class=\"wp-image-2680921 wp-image\"  \/><\/a><\/p>\n<p>Les avantages du Samsung Galaxy S25 Edge <\/p>\n<ul class=\"wp-block-list\">\n<li>Finesse et l\u00e9geret\u00e9<\/li>\n<li>Qualit\u00e9 du grand-angle de 200 MP<\/li>\n<li>Le logiciel toujours aussi agr\u00e9able et complet<\/li>\n<\/ul>\n<p>Disponible \u00e0 1 249 euros, le Samsung Galaxy S25 Edge se n\u00e9gocie <a href=\"https:\/\/shop.frandroid.com\/1eua8gow\" target=\"_blank\" rel=\"noreferrer noopener affiliate nofollow\" data-gtm=\"{&quot;event&quot;:&quot;afficlic&quot;,&quot;nom_marchand&quot;:&quot;fnac&quot;,&quot;nom_produit&quot;:&quot;inconnu&quot;,&quot;categorie_produit&quot;:&quot;inconnu&quot;,&quot;module_produit&quot;:&quot;editolink&quot;,&quot;position_marchand&quot;:0,&quot;texte&quot;:&quot;aujourd-hui-a-1-102-euros-chez-la-fnac&quot;,&quot;offer_url&quot;:&quot;https:\/\/shop.frandroid.com\/1eua8gow&quot;,&quot;zone&quot;:&quot;contenu-page&quot;}\">aujourd\u2019hui \u00e0 1 102 euros chez la Fnac<\/a> et <a href=\"https:\/\/shop.frandroid.com\/4rmd5bkm\" target=\"_blank\" rel=\"noreferrer noopener affiliate nofollow\" data-gtm=\"{&quot;event&quot;:&quot;afficlic&quot;,&quot;nom_marchand&quot;:&quot;darty&quot;,&quot;nom_produit&quot;:&quot;inconnu&quot;,&quot;categorie_produit&quot;:&quot;inconnu&quot;,&quot;module_produit&quot;:&quot;editolink&quot;,&quot;position_marchand&quot;:0,&quot;texte&quot;:&quot;darty&quot;,&quot;offer_url&quot;:&quot;https:\/\/shop.frandroid.com\/4rmd5bkm&quot;,&quot;zone&quot;:&quot;contenu-page&quot;}\">Darty<\/a> gr\u00e2ce \u00e0 un bonus de reprise de 150 euros. <\/p>\n<p>Samsung Galaxy Buds FE <\/p>\n<p>Si vous \u00eates \u00e0 la recherche <a href=\"https:\/\/www.frandroid.com\/guide-dachat\/guide-audio\/482350_quels-sont-les-meilleurs-ecouteurs-true-wireless-a-moins-de-200-euros-en-2018\" target=\"_blank\" rel=\"noopener\">d\u2019\u00e9couteurs sans fil <\/a>avec un bon rapport qualit\u00e9\/prix, avec la pr\u00e9sence de l\u2019ANC et d\u2019un confort optimal, les <a href=\"https:\/\/www.frandroid.com\/produits\/audio-casques-ecouteurs\/samsung\/1822775-samsung-galaxy-buds-fe\" target=\"_blank\" rel=\"noopener\">Samsung Galaxy Buds FE <\/a>sont un bon choix.<\/p>\n<p><a href=\"https:\/\/images.frandroid.com\/wp-content\/uploads\/2025\/06\/samsung-galaxy-buds-fe-soldes-dete-2025.jpg\" target=\"_blank\" class=\"article-content__figure\" rel=\"noopener\"><img loading=\"lazy\" decoding=\"async\" width=\"1200\" height=\"799\" src=\"https:\/\/www.europesays.com\/fr\/wp-content\/uploads\/2025\/06\/samsung-galaxy-buds-fe-soldes-dete-2025-1200x799.jpg\" alt=\"\" class=\"wp-image-2681891 wp-image\"  \/><\/a><\/p>\n<p>En quoi les Samsung Galaxy Buds FE sont int\u00e9ressants ?<\/p>\n<ul class=\"wp-block-list\">\n<li>Des \u00e9couteurs tr\u00e8s confortables et l\u00e9gers<\/li>\n<li>La r\u00e9duction de bruit active pr\u00e9sente<\/li>\n<li>Une belle autonomie<\/li>\n<\/ul>\n<p>Sortie \u00e0 99 euros, les Samsung Galaxy Buds FE sont aujourd\u2019hui <a href=\"https:\/\/shop.frandroid.com\/7iix1ndh\" target=\"_blank\" rel=\"noreferrer noopener affiliate nofollow\" data-gtm=\"{&quot;event&quot;:&quot;afficlic&quot;,&quot;nom_marchand&quot;:&quot;fnac&quot;,&quot;nom_produit&quot;:&quot;inconnu&quot;,&quot;categorie_produit&quot;:&quot;inconnu&quot;,&quot;module_produit&quot;:&quot;editolink&quot;,&quot;position_marchand&quot;:0,&quot;texte&quot;:&quot;en-promotion-a-59-euros-a-la-fnac&quot;,&quot;offer_url&quot;:&quot;https:\/\/shop.frandroid.com\/7iix1ndh&quot;,&quot;zone&quot;:&quot;contenu-page&quot;}\">en promotion \u00e0 59 euros \u00e0 la Fnac<\/a> et le site <a href=\"https:\/\/shop.frandroid.com\/s267jr2a\" target=\"_blank\" rel=\"noreferrer noopener affiliate nofollow\" data-gtm=\"{&quot;event&quot;:&quot;afficlic&quot;,&quot;nom_marchand&quot;:&quot;darty&quot;,&quot;nom_produit&quot;:&quot;inconnu&quot;,&quot;categorie_produit&quot;:&quot;inconnu&quot;,&quot;module_produit&quot;:&quot;editolink&quot;,&quot;position_marchand&quot;:0,&quot;texte&quot;:&quot;darty&quot;,&quot;offer_url&quot;:&quot;https:\/\/shop.frandroid.com\/s267jr2a&quot;,&quot;zone&quot;:&quot;contenu-page&quot;}\">Darty<\/a>. <\/p>\n<p>Bose QC Ultra<\/p>\n<p>Le constructeur am\u00e9ricain a soign\u00e9 son <a href=\"https:\/\/www.frandroid.com\/marques\/bose\/1841613_test-du-bose-quietcomfort-ultra-headphones-le-casque-ultra-premium-a-la-sauce-bose\" target=\"_blank\" rel=\"noopener\">QC Ultra<\/a> avec un design et un confort haut de gamme, une longue autonomie et une r\u00e9duction de bruit active au top du top.\u00a0<\/p>\n<p><a href=\"https:\/\/images.frandroid.com\/wp-content\/uploads\/2025\/06\/bose-quietcomfort-ultra-soldes-dete-2025.jpg\" target=\"_blank\" class=\"article-content__figure\" rel=\"noopener\"><img loading=\"lazy\" decoding=\"async\" width=\"1200\" height=\"799\" src=\"https:\/\/www.europesays.com\/fr\/wp-content\/uploads\/2025\/06\/bose-quietcomfort-ultra-soldes-dete-2025-1200x799.jpg\" alt=\"\" class=\"wp-image-2682753 wp-image\"  \/><\/a><\/p>\n<p>Ce qu\u2019il faut retenir du Bose QuietComfort Ultra<\/p>\n<ul class=\"wp-block-list\">\n<li>Un confort haut de gamme avec son design circum-aural<\/li>\n<li>Une excellente qualit\u00e9 audio, idem pour l\u2019ANC<\/li>\n<li>Le Bluetooth multipoint<\/li>\n<li>Une autonomie de plus de 30 heures<\/li>\n<\/ul>\n<p>Au lieu de 399 euros, le casque Bose QuietComfort Ultra est aujourd\u2019hui <a href=\"https:\/\/shop.frandroid.com\/2qbebjnk\" target=\"_blank\" rel=\"noreferrer noopener affiliate nofollow\" data-gtm=\"{&quot;event&quot;:&quot;afficlic&quot;,&quot;nom_marchand&quot;:&quot;fnac&quot;,&quot;nom_produit&quot;:&quot;inconnu&quot;,&quot;categorie_produit&quot;:&quot;inconnu&quot;,&quot;module_produit&quot;:&quot;editolink&quot;,&quot;position_marchand&quot;:0,&quot;texte&quot;:&quot;remise-a-349-euros-chez-la-fnac&quot;,&quot;offer_url&quot;:&quot;https:\/\/shop.frandroid.com\/2qbebjnk&quot;,&quot;zone&quot;:&quot;contenu-page&quot;}\">remis\u00e9 \u00e0 349 euros chez la Fnac<\/a> et <a href=\"https:\/\/shop.frandroid.com\/ecgn8g1g\" target=\"_blank\" rel=\"noreferrer noopener affiliate nofollow\" data-gtm=\"{&quot;event&quot;:&quot;afficlic&quot;,&quot;nom_marchand&quot;:&quot;darty&quot;,&quot;nom_produit&quot;:&quot;inconnu&quot;,&quot;categorie_produit&quot;:&quot;inconnu&quot;,&quot;module_produit&quot;:&quot;editolink&quot;,&quot;position_marchand&quot;:0,&quot;texte&quot;:&quot;darty&quot;,&quot;offer_url&quot;:&quot;https:\/\/shop.frandroid.com\/ecgn8g1g&quot;,&quot;zone&quot;:&quot;contenu-page&quot;}\">Darty<\/a>. <\/p>\n<p>LG OLED55C5<\/p>\n<p>La s\u00e9rie C des <a href=\"https:\/\/www.frandroid.com\/guide-dachat\/guides-dachat-tv\/1172961_meilleures-tv-lg\" target=\"_blank\" rel=\"noopener\">TV OLED de LG<\/a> est souvent l\u2019option la plus int\u00e9ressante pour go\u00fbter au savoir-faire de la marque.\u00a0Si vous attendiez les soldes pour vous le procurer, c\u2019est le moment : il tombe \u00e0 moins de 1 500 euros. <\/p>\n<p><a href=\"https:\/\/images.frandroid.com\/wp-content\/uploads\/2025\/06\/lg-oled55c5-soldes-dete-2025.jpg\" target=\"_blank\" class=\"article-content__figure\" rel=\"noopener\"><img loading=\"lazy\" decoding=\"async\" width=\"1200\" height=\"799\" src=\"https:\/\/www.europesays.com\/fr\/wp-content\/uploads\/2025\/06\/lg-oled55c5-soldes-dete-2025-1200x799.jpg\" alt=\"\" class=\"wp-image-2683131 wp-image\"  \/><\/a><\/p>\n<p>Les forces du LG OLED55C5<\/p>\n<ul class=\"wp-block-list\">\n<li>Une dalle White-OLED Evo de 55 pouces<\/li>\n<li>Sa compatibilit\u00e9 avec les normes HLG, HDR10, Dolby Vision et Dolby Vision IQ<\/li>\n<li>Les performances gaming<\/li>\n<\/ul>\n<p>Au lieu de 1 790 euros, le t\u00e9l\u00e9viseur LG OLED55C5 est en ce moment <a href=\"https:\/\/shop.frandroid.com\/yhe5m663\" target=\"_blank\" rel=\"noreferrer noopener affiliate nofollow\" data-gtm=\"{&quot;event&quot;:&quot;afficlic&quot;,&quot;nom_marchand&quot;:&quot;fnac&quot;,&quot;nom_produit&quot;:&quot;inconnu&quot;,&quot;categorie_produit&quot;:&quot;inconnu&quot;,&quot;module_produit&quot;:&quot;editolink&quot;,&quot;position_marchand&quot;:0,&quot;texte&quot;:&quot;en-promotion-a-1-499-euros-sur-le-site-de-la-fnac&quot;,&quot;offer_url&quot;:&quot;https:\/\/shop.frandroid.com\/yhe5m663&quot;,&quot;zone&quot;:&quot;contenu-page&quot;}\">en promotion \u00e0 1 499 euros sur le site de la Fnac<\/a> et <a href=\"https:\/\/shop.frandroid.com\/12xfwctp\" target=\"_blank\" rel=\"noreferrer noopener affiliate nofollow\" data-gtm=\"{&quot;event&quot;:&quot;afficlic&quot;,&quot;nom_marchand&quot;:&quot;darty&quot;,&quot;nom_produit&quot;:&quot;inconnu&quot;,&quot;categorie_produit&quot;:&quot;inconnu&quot;,&quot;module_produit&quot;:&quot;editolink&quot;,&quot;position_marchand&quot;:0,&quot;texte&quot;:&quot;darty&quot;,&quot;offer_url&quot;:&quot;https:\/\/shop.frandroid.com\/12xfwctp&quot;,&quot;zone&quot;:&quot;contenu-page&quot;}\">Darty<\/a>. <\/p>\n<p>LG Gram 16 <\/p>\n<p>Avec son poids plume et son design fin, le <a href=\"https:\/\/www.frandroid.com\/guide-dachat\/638058_quels-sont-les-meilleurs-pc-portables-haut-de-gamme-de-2019\" target=\"_blank\" rel=\"noopener\">PC portable<\/a> LG Gram 16 est taill\u00e9 pour les utilisateurs qui se d\u00e9placent fr\u00e9quemment au quotidien et qui ont donc besoin d\u2019une machine l\u00e9g\u00e8re, mais aussi performante. La bonne nouvelle, c\u2019est qu\u2019il co\u00fbte 400 euros de moins. \u00a0<\/p>\n<p><a href=\"https:\/\/images.frandroid.com\/wp-content\/uploads\/2025\/06\/lg-gram-16-soldes-dete-2025.jpg\" target=\"_blank\" class=\"article-content__figure\" rel=\"noopener\"><img loading=\"lazy\" decoding=\"async\" width=\"1200\" height=\"799\" src=\"https:\/\/www.europesays.com\/fr\/wp-content\/uploads\/2025\/06\/lg-gram-16-soldes-dete-2025-1200x799.jpg\" alt=\"\" class=\"wp-image-2683943 wp-image\"  \/><\/a><\/p>\n<p>Les points forts du LG Gram 16<\/p>\n<ul class=\"wp-block-list\">\n<li>Un laptop tout l\u00e9ger<\/li>\n<li>Une dalle QHD+ de 16 pouces<\/li>\n<li>Combo Ultra 5 125H + 16 Go de RAM + SSD 512 Go<\/li>\n<\/ul>\n<p>Initialement affich\u00e9 \u00e0 1 599,99 euros, le LG Gram 16 est d\u00e9sormais <a href=\"https:\/\/shop.frandroid.com\/ex9y873s\" target=\"_blank\" rel=\"noreferrer noopener affiliate nofollow\" data-gtm=\"{&quot;event&quot;:&quot;afficlic&quot;,&quot;nom_marchand&quot;:&quot;fnac&quot;,&quot;nom_produit&quot;:&quot;inconnu&quot;,&quot;categorie_produit&quot;:&quot;inconnu&quot;,&quot;module_produit&quot;:&quot;editolink&quot;,&quot;position_marchand&quot;:0,&quot;texte&quot;:&quot;propose-a-1-199-99-euros-a-la-fnac&quot;,&quot;offer_url&quot;:&quot;https:\/\/shop.frandroid.com\/ex9y873s&quot;,&quot;zone&quot;:&quot;contenu-page&quot;}\">propos\u00e9 \u00e0 1 199,99 euros \u00e0 la Fnac<\/a> et chez <a href=\"https:\/\/shop.frandroid.com\/ymrbfpvr\" target=\"_blank\" rel=\"noreferrer noopener affiliate nofollow\" data-gtm=\"{&quot;event&quot;:&quot;afficlic&quot;,&quot;nom_marchand&quot;:&quot;darty&quot;,&quot;nom_produit&quot;:&quot;inconnu&quot;,&quot;categorie_produit&quot;:&quot;inconnu&quot;,&quot;module_produit&quot;:&quot;editolink&quot;,&quot;position_marchand&quot;:0,&quot;texte&quot;:&quot;darty&quot;,&quot;offer_url&quot;:&quot;https:\/\/shop.frandroid.com\/ymrbfpvr&quot;,&quot;zone&quot;:&quot;contenu-page&quot;}\">Darty<\/a>.<\/p>\n<p>Samsung Galaxy Tab S6 Lite 2024 <\/p>\n<p>La <a href=\"https:\/\/www.frandroid.com\/produits\/tablettes-tactiles\/samsung\/1981320-samsung-galaxy-tab-s6-lite-2024\" target=\"_blank\" rel=\"noopener\">Samsung Galaxy Tab S6 Lite (2024)<\/a> est une petite tablette familiale pr\u00e9sentant un tr\u00e8s bon rapport qualit\u00e9-prix. On la trouve aujourd\u2019hui pour \u00e0 un prix plus doux \u00e0 l\u2019occasion des soldes. <\/p>\n<p><a href=\"https:\/\/images.frandroid.com\/wp-content\/uploads\/2025\/06\/samsung-galaxy-tab-s6-lite-2024-soldes-dete-2025.jpg\" target=\"_blank\" class=\"article-content__figure\" rel=\"noopener\"><img loading=\"lazy\" decoding=\"async\" width=\"1200\" height=\"799\" src=\"https:\/\/www.europesays.com\/fr\/wp-content\/uploads\/2025\/06\/samsung-galaxy-tab-s6-lite-2024-soldes-dete-2025-1200x799.jpg\" alt=\"\" class=\"wp-image-2684591 wp-image\"  \/><\/a><\/p>\n<p>Les points essentiels de la Samsung Galaxy Tab S6 Lite<\/p>\n<ul class=\"wp-block-list\">\n<li>Une dalle de 10,4 pouces compatible avec le S Pen<\/li>\n<li>Une puce Exynos 1280<\/li>\n<li>Une batterie de 7 040\u00a0mAh<\/li>\n<\/ul>\n<p>De base \u00e0 449 euros, la Samsung Galaxy Tab S6 Lite est aujourd\u2019hui <a href=\"https:\/\/shop.frandroid.com\/01qb0whm\" target=\"_blank\" rel=\"noreferrer noopener affiliate nofollow\" data-gtm=\"{&quot;event&quot;:&quot;afficlic&quot;,&quot;nom_marchand&quot;:&quot;fnac&quot;,&quot;nom_produit&quot;:&quot;inconnu&quot;,&quot;categorie_produit&quot;:&quot;inconnu&quot;,&quot;module_produit&quot;:&quot;editolink&quot;,&quot;position_marchand&quot;:0,&quot;texte&quot;:&quot;remisee-a-224-79-euros-sur-le-site-de-la-fnac&quot;,&quot;offer_url&quot;:&quot;https:\/\/shop.frandroid.com\/01qb0whm&quot;,&quot;zone&quot;:&quot;contenu-page&quot;}\">remis\u00e9e \u00e0 224,79 euros sur le site de la Fnac<\/a> et <a href=\"https:\/\/shop.frandroid.com\/o7dmpype\" target=\"_blank\" rel=\"noreferrer noopener affiliate nofollow\" data-gtm=\"{&quot;event&quot;:&quot;afficlic&quot;,&quot;nom_marchand&quot;:&quot;darty&quot;,&quot;nom_produit&quot;:&quot;inconnu&quot;,&quot;categorie_produit&quot;:&quot;inconnu&quot;,&quot;module_produit&quot;:&quot;editolink&quot;,&quot;position_marchand&quot;:0,&quot;texte&quot;:&quot;darty&quot;,&quot;offer_url&quot;:&quot;https:\/\/shop.frandroid.com\/o7dmpype&quot;,&quot;zone&quot;:&quot;contenu-page&quot;}\">Darty<\/a>. <\/p>\n<p>Les Soldes d\u2019\u00e9t\u00e9 2025 avec Frandroid<\/p>\n<p>Jusqu\u2019au 22 juillet prochain, ce sont <a href=\"https:\/\/www.frandroid.com\/bons-plans\/2670159_les-soldes-dete-2025-demarrent-fort-voici-les-meilleures-offres-en-direct\" target=\"_blank\" rel=\"noreferrer noopener\">les soldes d\u2019\u00e9t\u00e9 en France<\/a>. En cette occasion, la r\u00e9daction de Frandroid met \u00e0 votre service son expertise en mati\u00e8re de nouvelles technologies pour vous aider \u00e0 faire votre choix dans votre prochain achat Tech \u00e0 prix r\u00e9duit. Il y a plusieurs articles avec diff\u00e9rentes th\u00e9matiques, \u00e0 vous de choisir :<\/p>\n<p>Et pour \u00eatre s\u00fbr de ne manquer aucun bon plan de l\u2019\u00e9dition 2025 des soldes d\u2019\u00e9t\u00e9, vous pouvez aussi : <\/p>\n<ul class=\"wp-block-list\">\n<li>Nous suivre sur notre compte X\u00a0<a href=\"https:\/\/twitter.com\/FrandroidPromos\" target=\"_blank\" rel=\"noopener noreferrer\">@FrandroidPromos<\/a> uniquement d\u00e9di\u00e9 aux bons plans (pensez \u00e0 activer la cloche pour recevoir les notifications en temps r\u00e9el)<\/li>\n<li>\n<a href=\"https:\/\/whatsapp.com\/channel\/0029VabYxm5LI8YhSlD8xc05\" target=\"_blank\" rel=\"noopener\">Rejoindre notre canal WhatsApp<\/a> pour recevoir une fois par jour un condens\u00e9 des meilleures offres<\/li>\n<li>T\u00e9l\u00e9charger notre <a href=\"https:\/\/www.frandroid.com\/telecharger\/apps\/frandroid\" target=\"_blank\" rel=\"noopener\">application Frandroid<\/a> (disponible sur iOS et Android) pour activer les notifications de la cat\u00e9gorie \u00ab Bons Plans \u00bb et ainsi recevoir en temps r\u00e9el les nouveaux articles li\u00e9s aux soldes d\u2019\u00e9t\u00e9 2025<\/li>\n<li>S\u2019abonner \u00e0 notre newsletter pour \u00eatre s\u00fbr de recevoir les offres en avant-premi\u00e8re (pas plus d\u2019un mail par jour, d\u00e9sinscription en 1 clic, aucune diffusion \u00e0 des tiers) :<\/li>\n<\/ul>\n<p class=\"newsletter-form__title is-size-6 is-size-7-mobile is-uppercase has-text-good-deals has-text-weight-semibold mb-4 px-5\">Frandroid Bons plans<\/p>\n<p class=\"has-text-centered-tablet newsletter-form__subtitle is-size-4 has-text-weight-bold has-text-primary column is-9-tablet is-10-mobile\">\n                C\u2019est enregistr\u00e9 ! Surveillez votre bo\u00eete aux lettres, vous allez entendre parler de nous\u00a0!\n            <\/p>\n<p class=\"newsletter-form__subtitle is-size-4 has-text-weight-bold has-text-gradient-pink\">Ne manquez aucun bon plan avec notre newsletter<\/p>\n<p class=\"is-size-7\">\n                Les donn\u00e9es transmises par le biais de ce formulaire sont destin\u00e9es \u00e0 Humanoid,<br \/>\n                soci\u00e9t\u00e9 \u00e9ditrice du site Frandroid en sa qualit\u00e9 de responsable de traitement.<br \/>\n                Elles ne seront en aucun cas c\u00e9d\u00e9es \u00e0 des tiers. Ces donn\u00e9es sont trait\u00e9es sous r\u00e9serve d\u2019obtention de<br \/>\n                votre consentement pour vous envoyer par e-mail des actualit\u00e9s et informations relatives aux contenus<br \/>\n                \u00e9ditoriaux publi\u00e9s sur Frandroid. Vous pouvez vous opposer \u00e0 tout moment \u00e0 ces e-mails<br \/>\n                en cliquant sur les liens de d\u00e9sinscriptions pr\u00e9sents dans chacun d\u2019eux. Pour plus d\u2019informations, vous<br \/>\n                pouvez consulter l\u2019int\u00e9gralit\u00e9 de notre <a href=\"https:\/\/www.frandroid.com\/politique-donnees-personnelles\" target=\"_blank\" rel=\"noopener\"><br \/>\n                politique de traitement de vos donn\u00e9es personnelles<\/a>.<br \/>\n                Vous disposez d\u2019un droit d\u2019acc\u00e8s, de rectification, d\u2019effacement, de limitation, de portabilit\u00e9 et<br \/>\n                d\u2019opposition pour motif l\u00e9gitime aux donn\u00e9es personnelles vous concernant. Pour exercer l\u2019un de ces droits,<br \/>\n                merci d\u2019effectuer votre demande via notre <a href=\"https:\/\/www.frandroid.com\/contact\/#RGPD\" target=\"_blank\" rel=\"noopener\">formulaire<br \/>\n                de demandes d\u2019exercices de droits d\u00e9di\u00e9<\/a>.\n            <\/p>\n<p>Le saviez-vous ? Google News vous permet de choisir vos m\u00e9dias. Ne passez pas \u00e0 c\u00f4t\u00e9 de <a href=\"https:\/\/news.google.com\/publications\/CAAqBggKMICKMDCuyQU?oc=3\" target=\"_blank\" rel=\"noopener\">Frandroid<\/a> et <a href=\"https:\/\/news.google.com\/publications\/CAAqBwgKMNO2ogkwmIaYAg?oc=3\" target=\"_blank\" rel=\"noopener\">Numerama<\/a>.<\/p>\n<p>            <script async src=\"https:\/\/platform.twitter.com\/widgets.js\" charset=\"utf-8\"><\/script><\/p>\n","protected":false},"excerpt":{"rendered":"La Fnac et Darty commencent la premi\u00e8re journ\u00e9e des soldes d\u2019\u00e9t\u00e9 en bonne et due forme, avec au&hellip;\n","protected":false},"author":2,"featured_media":202911,"comment_status":"","ping_status":"","sticky":false,"template":"","format":"standard","meta":{"footnotes":""},"categories":[6],"tags":[943,944,35,33,34,1011,27,34230],"class_list":{"0":"post-202910","1":"post","2":"type-post","3":"status-publish","4":"format-standard","5":"has-post-thumbnail","7":"category-economie","8":"tag-bons-plans-darty","9":"tag-bons-plans-fnac","10":"tag-business","11":"tag-economie","12":"tag-economy","13":"tag-fr","14":"tag-france","15":"tag-soldes-dete-2025"},"share_on_mastodon":{"url":"https:\/\/pubeurope.com\/@fr\/114743366798498445","error":""},"_links":{"self":[{"href":"https:\/\/www.europesays.com\/fr\/wp-json\/wp\/v2\/posts\/202910","targetHints":{"allow":["GET"]}}],"collection":[{"href":"https:\/\/www.europesays.com\/fr\/wp-json\/wp\/v2\/posts"}],"about":[{"href":"https:\/\/www.europesays.com\/fr\/wp-json\/wp\/v2\/types\/post"}],"author":[{"embeddable":true,"href":"https:\/\/www.europesays.com\/fr\/wp-json\/wp\/v2\/users\/2"}],"replies":[{"embeddable":true,"href":"https:\/\/www.europesays.com\/fr\/wp-json\/wp\/v2\/comments?post=202910"}],"version-history":[{"count":0,"href":"https:\/\/www.europesays.com\/fr\/wp-json\/wp\/v2\/posts\/202910\/revisions"}],"wp:featuredmedia":[{"embeddable":true,"href":"https:\/\/www.europesays.com\/fr\/wp-json\/wp\/v2\/media\/202911"}],"wp:attachment":[{"href":"https:\/\/www.europesays.com\/fr\/wp-json\/wp\/v2\/media?parent=202910"}],"wp:term":[{"taxonomy":"category","embeddable":true,"href":"https:\/\/www.europesays.com\/fr\/wp-json\/wp\/v2\/categories?post=202910"},{"taxonomy":"post_tag","embeddable":true,"href":"https:\/\/www.europesays.com\/fr\/wp-json\/wp\/v2\/tags?post=202910"}],"curies":[{"name":"wp","href":"https:\/\/api.w.org\/{rel}","templated":true}]}}