{"id":202912,"date":"2025-06-25T09:46:09","date_gmt":"2025-06-25T09:46:09","guid":{"rendered":"https:\/\/www.europesays.com\/fr\/202912\/"},"modified":"2025-06-25T09:46:09","modified_gmt":"2025-06-25T09:46:09","slug":"une-tentative-de-coup-detat-dejouee-affirme-le-premier-ministre","status":"publish","type":"post","link":"https:\/\/www.europesays.com\/fr\/202912\/","title":{"rendered":"une tentative de coup d&rsquo;\u00c9tat d\u00e9jou\u00e9e affirme le premier ministre"},"content":{"rendered":"<p>Selon le Comit\u00e9 d\u2019enqu\u00eate arm\u00e9nien, un fameux archev\u00eaque et opposant, qui avait men\u00e9 en 2024 d\u2019importantes manifestations pour demander la d\u00e9mission du premier ministre, est impliqu\u00e9 dans cette tentative pr\u00e9sum\u00e9e de prendre le pouvoir.<\/p>\n<p class=\"fig-paragraph\">Le premier ministre arm\u00e9nien<a href=\"http:\/\/www.lefigaro.fr\/international\/une-visite-historique-le-premier-ministre-armenien-nikol-pachinian-se-rend-en-turquie-ce-vendredi-20250620\" target=\"_blank\" data-fig-type=\"NewsFlash\" rel=\"noopener\" data-gtm-custom-categorie=\"navigation\" data-gtm-custom-action=\"crossclick\" data-gtm-custom-label=\"Contextuel\" data-gtm-event=\"customEventSPE\" data-fig-domain=\"LEFIGARO\">\u00a0Nikol Pachinian<\/a>\u00a0a affirm\u00e9 ce mercredi que les forces de l&rsquo;ordre avaient d\u00e9jou\u00e9 une\u00a0<a href=\"http:\/\/www.lefigaro.fr\/international\/la-justice-bresilienne-confirme-que-l-ex-president-bolsonaro-sera-juge-pour-tentative-de-coup-d-etat-20250326\" target=\"_blank\" data-fig-type=\"NewsFlash\" rel=\"noopener\" data-gtm-custom-categorie=\"navigation\" data-gtm-custom-action=\"crossclick\" data-gtm-custom-label=\"Contextuel\" data-gtm-event=\"customEventSPE\" data-fig-domain=\"LEFIGARO\">tentative de coup d&rsquo;\u00c9tat<\/a>\u00a0impliquant un eccl\u00e9siastique et opposant, sur fond de d\u00e9t\u00e9rioration de ses relations avec l&rsquo;\u00c9glise apostolique.<\/p>\n<p class=\"fig-paragraph\">\u00abLes agents des forces de l&rsquo;ordre ont d\u00e9jou\u00e9 un sinistre plan \u00e0 grande \u00e9chelle du +clerg\u00e9 criminel oligarchique+ pour d\u00e9stabiliser la r\u00e9publique d&rsquo;Arm\u00e9nie et prendre le pouvoir\u00bb, a \u00e9crit, sur Telegram, Nikol Pachinian.<\/p>\n<p class=\"fig-paragraph\">Selon le Comit\u00e9 d&rsquo;enqu\u00eate arm\u00e9nien, l&rsquo;archev\u00eaque et opposant Bagrat Galstanian, qui avait men\u00e9 en 2024 d&rsquo;importantes manifestations pour demander la d\u00e9mission de Nikol Pachinian en raison de sa gestion des relations avec l&rsquo;<a href=\"http:\/\/www.lefigaro.fr\/international\/ils-seront-condamnes-probablement-a-vie-la-grande-peur-des-familles-de-prisonniers-armeniens-en-azerbaidjan-20250424\" target=\"_blank\" data-fig-type=\"Article\" rel=\"noopener\" data-gtm-custom-categorie=\"navigation\" data-gtm-custom-action=\"crossclick\" data-gtm-custom-label=\"Contextuel\" data-gtm-event=\"customEventSPE\" data-fig-domain=\"LEFIGARO\">Azerba\u00efdjan<\/a>, est impliqu\u00e9 dans cette tentative pr\u00e9sum\u00e9e de prendre le pouvoir.<\/p>\n","protected":false},"excerpt":{"rendered":"Selon le Comit\u00e9 d\u2019enqu\u00eate arm\u00e9nien, un fameux archev\u00eaque et opposant, qui avait men\u00e9 en 2024 d\u2019importantes manifestations pour&hellip;\n","protected":false},"author":2,"featured_media":202913,"comment_status":"","ping_status":"","sticky":false,"template":"","format":"standard","meta":{"footnotes":""},"categories":[5],"tags":[259,11,260,5950,34231,1011,27,14,261,12,262,28],"class_list":{"0":"post-202912","1":"post","2":"type-post","3":"status-publish","4":"format-standard","5":"has-post-thumbnail","7":"category-international","8":"tag-actualite-internationale","9":"tag-actualites","10":"tag-affaires-etrangeres","11":"tag-armenie","12":"tag-coup-detat","13":"tag-fr","14":"tag-france","15":"tag-international","16":"tag-ministere-des-affaires-etrangeres","17":"tag-news","18":"tag-politique-etrangere","19":"tag-world"},"share_on_mastodon":{"url":"","error":""},"_links":{"self":[{"href":"https:\/\/www.europesays.com\/fr\/wp-json\/wp\/v2\/posts\/202912","targetHints":{"allow":["GET"]}}],"collection":[{"href":"https:\/\/www.europesays.com\/fr\/wp-json\/wp\/v2\/posts"}],"about":[{"href":"https:\/\/www.europesays.com\/fr\/wp-json\/wp\/v2\/types\/post"}],"author":[{"embeddable":true,"href":"https:\/\/www.europesays.com\/fr\/wp-json\/wp\/v2\/users\/2"}],"replies":[{"embeddable":true,"href":"https:\/\/www.europesays.com\/fr\/wp-json\/wp\/v2\/comments?post=202912"}],"version-history":[{"count":0,"href":"https:\/\/www.europesays.com\/fr\/wp-json\/wp\/v2\/posts\/202912\/revisions"}],"wp:featuredmedia":[{"embeddable":true,"href":"https:\/\/www.europesays.com\/fr\/wp-json\/wp\/v2\/media\/202913"}],"wp:attachment":[{"href":"https:\/\/www.europesays.com\/fr\/wp-json\/wp\/v2\/media?parent=202912"}],"wp:term":[{"taxonomy":"category","embeddable":true,"href":"https:\/\/www.europesays.com\/fr\/wp-json\/wp\/v2\/categories?post=202912"},{"taxonomy":"post_tag","embeddable":true,"href":"https:\/\/www.europesays.com\/fr\/wp-json\/wp\/v2\/tags?post=202912"}],"curies":[{"name":"wp","href":"https:\/\/api.w.org\/{rel}","templated":true}]}}