{"id":202920,"date":"2025-06-25T09:50:10","date_gmt":"2025-06-25T09:50:10","guid":{"rendered":"https:\/\/www.europesays.com\/fr\/202920\/"},"modified":"2025-06-25T09:50:10","modified_gmt":"2025-06-25T09:50:10","slug":"festival-des-legendes-quand-la-loire-se-met-a-lheure-celte","status":"publish","type":"post","link":"https:\/\/www.europesays.com\/fr\/202920\/","title":{"rendered":"FESTIVAL DES L\u00c9GENDES : QUAND LA LOIRE SE MET \u00c0 L&rsquo;HEURE CELTE !"},"content":{"rendered":"<p>Cette manifestation culturelle gratuite mise sur l\u2019authenticit\u00e9 et la proximit\u00e9 pour offrir au public une exp\u00e9rience unique et accessible. Le <strong>mercredi 2 juillet \u00e0 20h30<\/strong>, la cath\u00e9drale Saint-Charles accueillera un r\u00e9cital exceptionnel r\u00e9unissant trois virtuoses de la sc\u00e8ne irlandaise. Zo\u00eb Conway et John McIntyre, duo reconnu par la BBC comme r\u00e9f\u00e9rence mondiale du folk, s\u2019associeront \u00e0 Louise Mulcahy, laur\u00e9ate du titre de musicienne de l\u2019ann\u00e9e aux Live Ireland Awards.<\/p>\n<p>Cette soir\u00e9e inaugurale proposera un voyage musical traversant les r\u00e9pertoires celtique, classique et sacr\u00e9, sublim\u00e9 par la voix cristalline de Zo\u00eb Conway interpr\u00e9tant des m\u00e9lodies irlandaises et ga\u00e9liques envo\u00fbtantes. L\u2019acc\u00e8s \u00e0 ce concert se fait sur invitation, les billets \u00e9tant disponibles en mairie \u00e0 partir du <strong>17 juin \u00e0 14 heures<\/strong>.<\/p>\n<p>Ambiance pub irlandais au Parc Couriot<\/p>\n<p>Le <strong>jeudi 3 juillet<\/strong>, le Parc Couriot se transforme en authentique session irlandaise. Le groupe Shelta, dont le nom fait r\u00e9f\u00e9rence \u00e0 la langue des voyageurs irlandais, transportera le public dans l\u2019atmosph\u00e8re chaleureuse des \u00e9tablissements traditionnels de Dublin et Galway. Cette formation festive distillera un r\u00e9pertoire m\u00ealant airs ancestraux et chansons participatives, accompagn\u00e9e des danseuses de \u00ab\u00a0Join the Dance\u00a0\u00bb qui initieront le public aux chor\u00e9graphies collectives du c\u00e9il\u00ed et du set dancing. Cette soir\u00e9e de 20h30 s\u2019inscrit dans la programmation des Before de Couriot.<\/p>\n<p>La m\u00eame journ\u00e9e, \u00e0 18 heures \u00e0 La Com\u00e8te, les danseuses proposeront une s\u00e9ance d\u2019apprentissage des danses collectives irlandaises. Cercles, colonnes, lignes ou formations group\u00e9es n\u2019auront plus de secrets pour les participants, d\u00e9butants comme curieux, dans une ambiance d\u00e9contract\u00e9e et joyeuse. Le <strong>vendredi 4 juillet \u00e0 20h30<\/strong>, le th\u00e9\u00e2tre de verdure du ch\u00e2teau de Saint-Victor-sur-Loire accueillera le quatuor Ar an Talamh. Cette formation men\u00e9e par Caterina Sangineto propose un r\u00e9pertoire sophistiqu\u00e9 explorant les connexions entre les traditions irlandaise, \u00e9cossaise, bretonne et fran\u00e7aise. L\u2019ensemble d\u00e9veloppe un son distinctif m\u00ealant ballades vocales et arrangements instrumentaux, cr\u00e9ant un \u00e9quilibre subtil entre h\u00e9ritage traditionnel et cr\u00e9ation contemporaine. La voix \u00e9th\u00e9r\u00e9e de Caterina Sangineto guide l\u2019auditeur dans une exp\u00e9rience \u00e9motionnelle profonde.<\/p>\n<p>D\u00e9ambulation musicale m\u00e9di\u00e9vale<\/p>\n<p>La m\u00eame soir\u00e9e, de 18h30 \u00e0 20 heures, le groupe Cisalpipers proposera une promenade sonore \u00e0 travers les ruelles pav\u00e9es du village m\u00e9di\u00e9val. Cette d\u00e9ambulation musicale d\u00e9butera dans l\u2019enceinte du ch\u00e2teau pour serpenter jusqu\u2019\u00e0 l\u2019\u00e9glise romane, au son des cornemuses \u00e9milienne et \u00e9cossaise, du tin whistle et des percussions traditionnelles. Le festival propose \u00e9galement un programme d\u2019activit\u00e9s pour tous les \u00e2ges : narration des plus beaux contes celtiques, ateliers cr\u00e9atifs de confection de chapeaux th\u00e9matiques, parcours ludique, maquillage inspir\u00e9 des Hautes-Terres, balades cont\u00e9es et initiation aux danses m\u00e9di\u00e9vales.<\/p>\n<p>Immersion historique avec la Compagnie Franche du Forez<\/p>\n<p>Les passionn\u00e9s d\u2019histoire pourront revivre l\u2019\u00e9poque m\u00e9di\u00e9vale gr\u00e2ce aux d\u00e9monstrations d\u2019artillerie ancienne, aux ateliers de fabrication de cottes de mailles et de bougies \u00e0 la cire d\u2019abeille, ainsi qu\u2019aux initiations au tir \u00e0 l\u2019arc et aux jeux de plateau d\u2019\u00e9poque. Le festival se conclura par un feu d\u2019artifice tir\u00e9 depuis le ch\u00e2teau, offrant un final spectaculaire \u00e0 cette c\u00e9l\u00e9bration des traditions celtiques.<\/p>\n<p>Transport gratuit depuis Saint-\u00c9tienne<\/p>\n<p>Pour faciliter l\u2019acc\u00e8s aux festivit\u00e9s de Rochetaill\u00e9e, des navettes gratuites circuleront depuis le parking du Z\u00e9nith de Saint-\u00c9tienne les samedi 5 et dimanche 6 juillet d\u00e8s 16 heures. Le service de retour sera assur\u00e9 jusqu\u2019\u00e0 1h15 le samedi et minuit 45 le dimanche, permettant aux festivaliers de profiter pleinement des soir\u00e9es sans contrainte de transport. Plus d\u2019info <strong><a href=\"https:\/\/www.saint-etienne.fr\/festival-des-legendes-une-programmation-musicale-eclectique\" target=\"_blank\" rel=\"noreferrer noopener\">ICI<\/a><\/strong>.<\/p>\n","protected":false},"excerpt":{"rendered":"Cette manifestation culturelle gratuite mise sur l\u2019authenticit\u00e9 et la proximit\u00e9 pour offrir au public une exp\u00e9rience unique et&hellip;\n","protected":false},"author":2,"featured_media":202921,"comment_status":"","ping_status":"","sticky":false,"template":"","format":"standard","meta":{"footnotes":""},"categories":[9653],"tags":[1111,11,2430,251,1777,674,34232,1011,27,3367,7357,12,25,9838,9669,4001,602],"class_list":{"0":"post-202920","1":"post","2":"type-post","3":"status-publish","4":"format-standard","5":"has-post-thumbnail","7":"category-saint-etienne","8":"tag-actu","9":"tag-actualites","10":"tag-auvergne-rhone-alpes","11":"tag-culture","12":"tag-eu","13":"tag-europe","14":"tag-festival-des-legendes","15":"tag-fr","16":"tag-france","17":"tag-loire","18":"tag-montbrison","19":"tag-news","20":"tag-republique-francaise","21":"tag-roanne","22":"tag-saint-chamond","23":"tag-saint-etienne","24":"tag-tourisme"},"share_on_mastodon":{"url":"https:\/\/pubeurope.com\/@fr\/114743385975110568","error":""},"_links":{"self":[{"href":"https:\/\/www.europesays.com\/fr\/wp-json\/wp\/v2\/posts\/202920","targetHints":{"allow":["GET"]}}],"collection":[{"href":"https:\/\/www.europesays.com\/fr\/wp-json\/wp\/v2\/posts"}],"about":[{"href":"https:\/\/www.europesays.com\/fr\/wp-json\/wp\/v2\/types\/post"}],"author":[{"embeddable":true,"href":"https:\/\/www.europesays.com\/fr\/wp-json\/wp\/v2\/users\/2"}],"replies":[{"embeddable":true,"href":"https:\/\/www.europesays.com\/fr\/wp-json\/wp\/v2\/comments?post=202920"}],"version-history":[{"count":0,"href":"https:\/\/www.europesays.com\/fr\/wp-json\/wp\/v2\/posts\/202920\/revisions"}],"wp:featuredmedia":[{"embeddable":true,"href":"https:\/\/www.europesays.com\/fr\/wp-json\/wp\/v2\/media\/202921"}],"wp:attachment":[{"href":"https:\/\/www.europesays.com\/fr\/wp-json\/wp\/v2\/media?parent=202920"}],"wp:term":[{"taxonomy":"category","embeddable":true,"href":"https:\/\/www.europesays.com\/fr\/wp-json\/wp\/v2\/categories?post=202920"},{"taxonomy":"post_tag","embeddable":true,"href":"https:\/\/www.europesays.com\/fr\/wp-json\/wp\/v2\/tags?post=202920"}],"curies":[{"name":"wp","href":"https:\/\/api.w.org\/{rel}","templated":true}]}}