{"id":202922,"date":"2025-06-25T09:52:00","date_gmt":"2025-06-25T09:52:00","guid":{"rendered":"https:\/\/www.europesays.com\/fr\/202922\/"},"modified":"2025-06-25T09:52:00","modified_gmt":"2025-06-25T09:52:00","slug":"le-conducteur-grievement-blesse-transporte-par-helicoptere-au-chru-de-nancy","status":"publish","type":"post","link":"https:\/\/www.europesays.com\/fr\/202922\/","title":{"rendered":"le conducteur gri\u00e8vement bless\u00e9 transport\u00e9 par h\u00e9licopt\u00e8re au CHRU de Nancy"},"content":{"rendered":"<p>\u00c0 9 h 30, ce mardi 24\u00a0juin, un poids lourd s\u2019est couch\u00e9 sur la bande d\u2019arr\u00eat d\u2019urgence sur l\u2019A4, dans le sens Paris-Metz, entre Fresnes-en-Wo\u00ebvre et Jarny, \u00e0 c\u00f4t\u00e9 de Saint-Jean-les-Buzy, au point kilom\u00e9trique 282. Les causes de l\u2019accident sont encore inconnues, le poids lourd est le seul v\u00e9hicule impliqu\u00e9 dans l\u2019accident.<\/p>\n<p>Le conducteur \u00e9tait bloqu\u00e9 \u00e0 l\u2019int\u00e9rieur de son propre v\u00e9hicule.\u00a0D\u00e9sincarc\u00e9r\u00e9 puis m\u00e9dicalis\u00e9 par le SMUR sur place, il a ensuite \u00e9t\u00e9 transport\u00e9 au CHRU de Nancy via un h\u00e9licopt\u00e8re,\u00a0dans un \u00e9tat grave.\u00a0Une vingtaine de personnes (pompiers, gendarmes, secouristes) ont \u00e9t\u00e9 d\u00e9p\u00each\u00e9es sur les lieux.<\/p>\n<p>Suite \u00e0 l\u2019atterrissage et au d\u00e9collage de l\u2019h\u00e9licopt\u00e8re, l\u2019autoroute a \u00e9t\u00e9 bloqu\u00e9e pendant une heure et demie. Le trafic est d\u00e9sormais revenu \u00e0 la normale. Une entreprise a vid\u00e9 la remorque pleine de sable et proc\u00e9d\u00e9 au relevage du camion.<\/p>\n","protected":false},"excerpt":{"rendered":"\u00c0 9 h 30, ce mardi 24\u00a0juin, un poids lourd s\u2019est couch\u00e9 sur la bande d\u2019arr\u00eat d\u2019urgence sur&hellip;\n","protected":false},"author":2,"featured_media":202923,"comment_status":"","ping_status":"","sticky":false,"template":"","format":"standard","meta":{"footnotes":""},"categories":[9635],"tags":[119,1111,11,15834,5598,1777,674,274,1011,27,775,5599,1702,12,34233,25],"class_list":{"0":"post-202922","1":"post","2":"type-post","3":"status-publish","4":"format-standard","5":"has-post-thumbnail","7":"category-nancy","8":"tag-accident","9":"tag-actu","10":"tag-actualites","11":"tag-edition-briey","12":"tag-edition-metz-et-agglomeration","13":"tag-eu","14":"tag-europe","15":"tag-faits-divers-justice","16":"tag-fr","17":"tag-france","18":"tag-grand-est","19":"tag-moselle","20":"tag-nancy","21":"tag-news","22":"tag-olley","23":"tag-republique-francaise"},"share_on_mastodon":{"url":"https:\/\/pubeurope.com\/@fr\/114743393817601206","error":""},"_links":{"self":[{"href":"https:\/\/www.europesays.com\/fr\/wp-json\/wp\/v2\/posts\/202922","targetHints":{"allow":["GET"]}}],"collection":[{"href":"https:\/\/www.europesays.com\/fr\/wp-json\/wp\/v2\/posts"}],"about":[{"href":"https:\/\/www.europesays.com\/fr\/wp-json\/wp\/v2\/types\/post"}],"author":[{"embeddable":true,"href":"https:\/\/www.europesays.com\/fr\/wp-json\/wp\/v2\/users\/2"}],"replies":[{"embeddable":true,"href":"https:\/\/www.europesays.com\/fr\/wp-json\/wp\/v2\/comments?post=202922"}],"version-history":[{"count":0,"href":"https:\/\/www.europesays.com\/fr\/wp-json\/wp\/v2\/posts\/202922\/revisions"}],"wp:featuredmedia":[{"embeddable":true,"href":"https:\/\/www.europesays.com\/fr\/wp-json\/wp\/v2\/media\/202923"}],"wp:attachment":[{"href":"https:\/\/www.europesays.com\/fr\/wp-json\/wp\/v2\/media?parent=202922"}],"wp:term":[{"taxonomy":"category","embeddable":true,"href":"https:\/\/www.europesays.com\/fr\/wp-json\/wp\/v2\/categories?post=202922"},{"taxonomy":"post_tag","embeddable":true,"href":"https:\/\/www.europesays.com\/fr\/wp-json\/wp\/v2\/tags?post=202922"}],"curies":[{"name":"wp","href":"https:\/\/api.w.org\/{rel}","templated":true}]}}