{"id":202926,"date":"2025-06-25T09:54:11","date_gmt":"2025-06-25T09:54:11","guid":{"rendered":"https:\/\/www.europesays.com\/fr\/202926\/"},"modified":"2025-06-25T09:54:11","modified_gmt":"2025-06-25T09:54:11","slug":"a-bandol-baignade-interdite-dans-toute-la-baie-ce-mercredi-apres-une-rupture-de-canalisation-deaux-usees","status":"publish","type":"post","link":"https:\/\/www.europesays.com\/fr\/202926\/","title":{"rendered":"\u00c0 Bandol, baignade interdite dans toute la baie ce mercredi apr\u00e8s une rupture de canalisation d&rsquo;eaux us\u00e9es"},"content":{"rendered":"<p>Une rupture de canalisation d&rsquo;eaux us\u00e9es a entra\u00een\u00e9 <strong>une surverse potentiellement importante en mer<\/strong>, pr\u00e8s de la station de relevage situ\u00e9e \u00e0 c\u00f4t\u00e9 du parking du stade Deferrari, \u00e0 Bandol.<\/p>\n<p>La municipalit\u00e9 a d\u00e9cid\u00e9 d&rsquo;interdire la baignade sur l&rsquo;ensemble du territoire communal <strong>(plages du Grand Vallat, du casino, centrale, R\u00e8necros, Eden Roc, Barry, Capelan, Engraviers)<\/strong>, mais aussi de Sanary c\u00f4t\u00e9 baie de Bandol.<\/p>\n<p>              <img ci-src=\"https:\/\/www.varmatin.com\/environnement\/bandol+pollution2+%281%29-uW3rd4IW.jpg?vh=ae18bf&amp;ci_seal=c61c0a538a\" alt=\"\"\/><br \/>\n        Le parking du stade, \u00e9galement souill\u00e9 lors de la surcharge, n&rsquo;est plus accessible aux v\u00e9hicules pour le moment. <strong>Photo Anne Fuerxer.<\/strong> <\/p>\n<p>Le parking du stade, \u00e9galement souill\u00e9 lors de la surcharge, <strong>n&rsquo;est plus accessible aux v\u00e9hicules pour le moment.<\/strong><\/p>\n<p>La baignade ne sera <strong>rouverte que lorsque les analyses \u00e9carteront tout risque sanitaire<\/strong> plage par plage.<\/p>\n<p><strong>Une intervention de Suez est en cours<\/strong> pour r\u00e9parer le d\u00e9sordre le plus rapidement possible.<\/p>\n","protected":false},"excerpt":{"rendered":"Une rupture de canalisation d&rsquo;eaux us\u00e9es a entra\u00een\u00e9 une surverse potentiellement importante en mer, pr\u00e8s de la station&hellip;\n","protected":false},"author":2,"featured_media":202927,"comment_status":"","ping_status":"","sticky":false,"template":"","format":"standard","meta":{"footnotes":""},"categories":[9619],"tags":[1111,11,436,1777,674,1011,27,12,882,25,2310],"class_list":{"0":"post-202926","1":"post","2":"type-post","3":"status-publish","4":"format-standard","5":"has-post-thumbnail","7":"category-toulon","8":"tag-actu","9":"tag-actualites","10":"tag-environnement","11":"tag-eu","12":"tag-europe","13":"tag-fr","14":"tag-france","15":"tag-news","16":"tag-provence-alpes-cote-dazur","17":"tag-republique-francaise","18":"tag-toulon"},"share_on_mastodon":{"url":"https:\/\/pubeurope.com\/@fr\/114743401699214447","error":""},"_links":{"self":[{"href":"https:\/\/www.europesays.com\/fr\/wp-json\/wp\/v2\/posts\/202926","targetHints":{"allow":["GET"]}}],"collection":[{"href":"https:\/\/www.europesays.com\/fr\/wp-json\/wp\/v2\/posts"}],"about":[{"href":"https:\/\/www.europesays.com\/fr\/wp-json\/wp\/v2\/types\/post"}],"author":[{"embeddable":true,"href":"https:\/\/www.europesays.com\/fr\/wp-json\/wp\/v2\/users\/2"}],"replies":[{"embeddable":true,"href":"https:\/\/www.europesays.com\/fr\/wp-json\/wp\/v2\/comments?post=202926"}],"version-history":[{"count":0,"href":"https:\/\/www.europesays.com\/fr\/wp-json\/wp\/v2\/posts\/202926\/revisions"}],"wp:featuredmedia":[{"embeddable":true,"href":"https:\/\/www.europesays.com\/fr\/wp-json\/wp\/v2\/media\/202927"}],"wp:attachment":[{"href":"https:\/\/www.europesays.com\/fr\/wp-json\/wp\/v2\/media?parent=202926"}],"wp:term":[{"taxonomy":"category","embeddable":true,"href":"https:\/\/www.europesays.com\/fr\/wp-json\/wp\/v2\/categories?post=202926"},{"taxonomy":"post_tag","embeddable":true,"href":"https:\/\/www.europesays.com\/fr\/wp-json\/wp\/v2\/tags?post=202926"}],"curies":[{"name":"wp","href":"https:\/\/api.w.org\/{rel}","templated":true}]}}