{"id":202928,"date":"2025-06-25T09:55:12","date_gmt":"2025-06-25T09:55:12","guid":{"rendered":"https:\/\/www.europesays.com\/fr\/202928\/"},"modified":"2025-06-25T09:55:12","modified_gmt":"2025-06-25T09:55:12","slug":"un-seul-peut-polluer-500-litres-deau-dans-la-metropole-de-toulon-600-bornes-deployees-pour-recuperer-les-megots","status":"publish","type":"post","link":"https:\/\/www.europesays.com\/fr\/202928\/","title":{"rendered":"\u00ab\u00a0Un seul peut polluer 500 litres d&rsquo;eau!\u00a0\u00bb: dans la m\u00e9tropole de Toulon, 600 bornes d\u00e9ploy\u00e9es pour r\u00e9cup\u00e9rer les m\u00e9gots"},"content":{"rendered":"<p>La m\u00e9tropole Toulon Provence M\u00e9diterran\u00e9e (TPM) pr\u00e9voit d\u2019installer 600 bornes de r\u00e9cup\u00e9ration des m\u00e9gots de cigarettes sur l\u2019ensemble du territoire d\u2019ici \u00e0 la fin de l\u2019ann\u00e9e. Une exp\u00e9rimentation de ces bornes a d\u00e9j\u00e0 \u00e9t\u00e9 men\u00e9e sur la commune de Carqueiranne durant 18 mois. Ce dispositif permettra aux fumeurs dans l\u2019espace public de jeter leurs m\u00e9gots dans un endroit pr\u00e9vu \u00e0 cet effet afin qu\u2019il soit recycl\u00e9.<\/p>\n<p>D\u00e8s le mois de juin, 420 nouvelles bornes devaient \u00eatre d\u00e9ploy\u00e9es dans les communes de Six-Fours, Toulon, La Seyne, Carqueiranne, La Crau, Saint-Mandrier, Le Pradet et La Valette. Les communes d\u2019Hy\u00e8res, La Garde, Le Revest-les-Eaux et Ollioules sont en cours de diagnostic pour le d\u00e9ploiement de 180 bornes durant le prochain semestre de 2025.<\/p>\n<p>                                <strong>Une solution pour \u00e9viter la pollution<\/strong><\/p>\n<p>La m\u00e9tropole a d\u00e9cid\u00e9 de contractualiser avec l\u2019\u00e9co-organisme ALCOME pour lancer cette d\u00e9marche. Depuis janvier 2021, avec le principe du pollueur-payeur, les industriels du tabac doivent prendre en charge la gestion des d\u00e9chets de cigarettes en versant une participation \u00e0 un \u00e9co-organisme comme ALCOME.<\/p>\n<p>Chaque ann\u00e9e, <strong>7,7 milliards de m\u00e9gots de cigarette sont jet\u00e9s dans l\u2019espace public<\/strong>. TPM affirme vouloir limiter la pollution de la plan\u00e8te et des eaux. \u00ab\u00a0Un m\u00e9got au sol mettra jusqu\u2019\u00e0 12 ans pour se d\u00e9composer, polluera 500 litres d\u2019eau [\u2026] et finira fr\u00e9quemment sa course dans le r\u00e9seau d\u2019eau pluviale puis dans les mers et oc\u00e9ans\u00a0\u00bb, souligne TPM.<\/p>\n<p>              <img ci-src=\"https:\/\/www.varmatin.com\/environnement\/protec\/DATA_ART_15777676-luHHM51S.jpg?vh=3f7024&amp;ci_seal=ee76d4c715\" alt=\"\"\/><br \/>\n        Outre les panneaux d\u2019information, la M\u00e9tropole TPM \u00e9quipe son territoire de 600 bornes de r\u00e9cup\u00e9ration de m\u00e9gots.  <strong>Photo DR\/ TPM\/ Olivier Pastor.<\/strong> <\/p>\n<p>Les m\u00e9gots collect\u00e9s seront recycl\u00e9s pour \u00eatre transform\u00e9s en panneaux de communication \u00ab\u00a0100% sensibilisation\u00a0\u00bb. Le but de ces panneaux et d\u2019\u00e9veiller les consciences sur le danger du tabac. \u00ab\u00a0Cette solution permet non seulement d\u2019\u00e9viter la pollution des eaux et des sols, de la faune et de la flore, mais aussi de donner \u00e0 ce d\u00e9chet une seconde vie au travers d\u2019une fili\u00e8re de recyclage plus adapt\u00e9e\u00a0\u00bb, d\u00e9clare la M\u00e9tropole.<\/p>\n","protected":false},"excerpt":{"rendered":"La m\u00e9tropole Toulon Provence M\u00e9diterran\u00e9e (TPM) pr\u00e9voit d\u2019installer 600 bornes de r\u00e9cup\u00e9ration des m\u00e9gots de cigarettes sur l\u2019ensemble&hellip;\n","protected":false},"author":2,"featured_media":202929,"comment_status":"","ping_status":"","sticky":false,"template":"","format":"standard","meta":{"footnotes":""},"categories":[9619],"tags":[1111,11,436,1777,674,1011,27,12,882,25,2310],"class_list":{"0":"post-202928","1":"post","2":"type-post","3":"status-publish","4":"format-standard","5":"has-post-thumbnail","7":"category-toulon","8":"tag-actu","9":"tag-actualites","10":"tag-environnement","11":"tag-eu","12":"tag-europe","13":"tag-fr","14":"tag-france","15":"tag-news","16":"tag-provence-alpes-cote-dazur","17":"tag-republique-francaise","18":"tag-toulon"},"share_on_mastodon":{"url":"https:\/\/pubeurope.com\/@fr\/114743405681934893","error":""},"_links":{"self":[{"href":"https:\/\/www.europesays.com\/fr\/wp-json\/wp\/v2\/posts\/202928","targetHints":{"allow":["GET"]}}],"collection":[{"href":"https:\/\/www.europesays.com\/fr\/wp-json\/wp\/v2\/posts"}],"about":[{"href":"https:\/\/www.europesays.com\/fr\/wp-json\/wp\/v2\/types\/post"}],"author":[{"embeddable":true,"href":"https:\/\/www.europesays.com\/fr\/wp-json\/wp\/v2\/users\/2"}],"replies":[{"embeddable":true,"href":"https:\/\/www.europesays.com\/fr\/wp-json\/wp\/v2\/comments?post=202928"}],"version-history":[{"count":0,"href":"https:\/\/www.europesays.com\/fr\/wp-json\/wp\/v2\/posts\/202928\/revisions"}],"wp:featuredmedia":[{"embeddable":true,"href":"https:\/\/www.europesays.com\/fr\/wp-json\/wp\/v2\/media\/202929"}],"wp:attachment":[{"href":"https:\/\/www.europesays.com\/fr\/wp-json\/wp\/v2\/media?parent=202928"}],"wp:term":[{"taxonomy":"category","embeddable":true,"href":"https:\/\/www.europesays.com\/fr\/wp-json\/wp\/v2\/categories?post=202928"},{"taxonomy":"post_tag","embeddable":true,"href":"https:\/\/www.europesays.com\/fr\/wp-json\/wp\/v2\/tags?post=202928"}],"curies":[{"name":"wp","href":"https:\/\/api.w.org\/{rel}","templated":true}]}}