{"id":202938,"date":"2025-06-25T10:01:19","date_gmt":"2025-06-25T10:01:19","guid":{"rendered":"https:\/\/www.europesays.com\/fr\/202938\/"},"modified":"2025-06-25T10:01:19","modified_gmt":"2025-06-25T10:01:19","slug":"records-de-chaleur-pour-meteo-france-cest-loin-detre-fini","status":"publish","type":"post","link":"https:\/\/www.europesays.com\/fr\/202938\/","title":{"rendered":"records de chaleur ? Pour M\u00e9t\u00e9o France, \u00ab\u00a0c&rsquo;est loin d&rsquo;\u00eatre fini\u00a0\u00bb"},"content":{"rendered":"<p>            Par<br \/>\n        <strong><br \/>\n            <a href=\"https:\/\/actu.fr\/auteur\/lisa-rodrigues\" title=\"Consulter tous les articles de Lisa Rodrigues\" rel=\"nofollow noopener\" target=\"_blank\">Lisa Rodrigues<\/a><br \/>\n        <\/strong><\/p>\n<p>        Publi\u00e9 le<\/p>\n<p>            25 juin 2025 \u00e0 10h51        <\/p>\n<p>38,6\u00b0C. C\u2019est la temp\u00e9rature la plus haute mesur\u00e9e \u00e0 <a href=\"https:\/\/actu.fr\/auvergne-rhone-alpes\/grenoble_38185\" rel=\"nofollow noopener\" target=\"_blank\">Grenoble<\/a> au cours d\u2019un mois de juin. Un chiffre qui pourrait \u00eatre atteint, voire d\u00e9pass\u00e9, ce mercredi 25 juin : M\u00e9t\u00e9o France annonce des <strong>maximales \u00e0 38\u00b0C<\/strong> pour la capitale des Alpes.<br \/>Toutefois, le service public de m\u00e9t\u00e9orologie reste prudent quand on le questionne sur un potentiel <strong>record de temp\u00e9rature<\/strong> \u00e0 Grenoble.<\/p>\n<p class=\" wall-content\">Sa station de mesure \u00e9tant situ\u00e9e au croisement de la Drac et de l\u2019Is\u00e8re, un coin plus \u00ab\u00a0frais\u00a0\u00bb que le reste de la ville, il ne refl\u00e8te pas forc\u00e9ment les temp\u00e9ratures ressenties sur l\u2019ensemble de la commune.<\/p>\n<p class=\" wall-content\">Ainsi, \u00ab\u00a0dans le centre de Grenoble, il fait plus chaud\u00a0\u00bb, conc\u00e8de Denis Roy, directeur M\u00e9t\u00e9o France pour les Alpes du Nord.<\/p>\n<p>    <a href=\"https:\/\/www.google.com\/maps\/embed?pb=!1m16!1m12!1m3!1d13372.380241882849!2d5.697601533927387!3d45.20335597454905!2m3!1f0!2f0!3f0!3m2!1i1024!2i768!4f13.1!2m1!1sstation%20m%C3%A9t%C3%A9o%20france%20cea%20grenoble%24!5e0!3m2!1sfr!2sfr!4v1750840793770!5m2!1sfr!2sfr\" title=\"Ouvrie le lien\" rel=\"nofollow noopener\" target=\"_blank\">Cliquez ici pour visualiser le contenu<\/a><\/p>\n<p>\u00ab\u00a0\u00c7a va repartir tr\u00e8s fort ce week-end\u00a0\u00bb<\/p>\n<p class=\" wall-content\">Il n\u2019emp\u00eache, ce mercredi devrait bel et bien \u00eatre la <strong>journ\u00e9e la plus chaude de la semaine<\/strong>. Et m\u00eame avec un petit rafra\u00eechissement attendu jeudi \u2013 32\u00b0C maximum annonc\u00e9s \u00e0 Grenoble tout de m\u00eame -, le mercure va \u00e0 nouveau grimper.<\/p>\n<p class=\" wall-content\">\u00ab\u00a0L\u2019\u00e9pisode de canicule est loin d\u2019\u00eatre fini. \u00c7a va repartir tr\u00e8s fort ce week-end, probablement jusqu\u2019en milieu de semaine prochaine\u00a0\u00bb, pr\u00e9cise Denis Roy \u00e0 actu Grenoble. Les premiers jours de juillet pourraient donc, l\u00e0 aussi, flirter avec les records de chaleur.<\/p>\n<p class=\" wall-content\">Cette canicule, m\u00eame sans \u00eatre exceptionnelle, reste <strong>pr\u00e9coce<\/strong>. Mais \u00ab\u00a0l\u2019\u00e9t\u00e9 qu\u2019on a maintenant, \u00e0 l\u2019horizon 2025, ce sera normal\u00a0\u00bb, souffle le m\u00e9t\u00e9orologue.<\/p>\n<p>Les conditions pour une vigilance rouge canicule\u00a0<\/p>\n<p class=\" wall-content\">La vigilance orange canicule, elle, est toujours en vigueur en <a href=\"https:\/\/actu.fr\/auvergne-rhone-alpes\/isere_38\" rel=\"nofollow noopener\" target=\"_blank\">Is\u00e8re<\/a> ce mercredi, et devrait le rester \u00e9galement jeudi. Les temp\u00e9ratures en journ\u00e9e et la nuit devant toujours \u00eatre aussi \u00e9lev\u00e9es, elle pourrait m\u00eame se maintenir sur les premiers jours de juillet\u2026<\/p>\n<p class=\" wall-content\">Jusqu\u2019\u00e0 passer en <a href=\"https:\/\/actu.fr\/meteo\/carte-canicule-en-france-a-partir-de-quelle-temperature-l-alerte-est-declenchee-dans-votre-departement_62779253.html\" rel=\"nofollow noopener\" target=\"_blank\">vigilance rouge<\/a> canicule ? Ce passage, il \u00ab\u00a0est d\u00e9cid\u00e9 avec Sant\u00e9 Publique France et la Direction g\u00e9n\u00e9rale de la sant\u00e9, qui observent les impacts sanitaires\u00a0\u00bb des fortes chaleurs, comme une hausse d\u2019activit\u00e9 dans les h\u00f4pitaux, explique Denis Roy.<\/p>\n<p class=\" wall-content\">Pour rappel, \u00ab\u00a0la vigilance rouge canicule a d\u00e9j\u00e0 \u00e9t\u00e9 lanc\u00e9e en Is\u00e8re, apr\u00e8s le 15 ao\u00fbt 2022. On avait <strong>d\u00e9pass\u00e9 les 40\u00b0C \u00e0 Grenoble<\/strong>\u00a0\u00bb sur la station m\u00e9t\u00e9o de la Presqu\u2019\u00eele.\u00a0<\/p>\n<p class=\" wall-content\">Suivez toute l\u2019actualit\u00e9 de vos villes et m\u00e9dias favoris en vous inscrivant \u00e0 <a href=\"https:\/\/moncompte.actu.fr\" title=\"D\u00e9couvez Mon Actu\" rel=\"nofollow noopener\" data-trk=\"{&quot;cta&quot;:{&quot;action&quot;:&quot;https:\\\/\\\/moncompte.actu.fr&quot;,&quot;category&quot;:&quot;mon compte&quot;,&quot;from&quot;:&quot;article footer&quot;,&quot;name&quot;:&quot;Mon actu&quot;,&quot;type&quot;:&quot;cta&quot;}}\" target=\"_blank\">Mon Actu<\/a>.<\/p>\n","protected":false},"excerpt":{"rendered":"Par Lisa Rodrigues Publi\u00e9 le 25 juin 2025 \u00e0 10h51 38,6\u00b0C. C\u2019est la temp\u00e9rature la plus haute mesur\u00e9e&hellip;\n","protected":false},"author":2,"featured_media":202939,"comment_status":"","ping_status":"","sticky":false,"template":"","format":"standard","meta":{"footnotes":""},"categories":[9566],"tags":[1111,11,2430,6698,1777,674,1011,27,2731,2487,2357,12,25],"class_list":{"0":"post-202938","1":"post","2":"type-post","3":"status-publish","4":"format-standard","5":"has-post-thumbnail","7":"category-grenoble","8":"tag-actu","9":"tag-actualites","10":"tag-auvergne-rhone-alpes","11":"tag-canicule","12":"tag-eu","13":"tag-europe","14":"tag-fr","15":"tag-france","16":"tag-grenoble","17":"tag-meteo","18":"tag-meteo-france","19":"tag-news","20":"tag-republique-francaise"},"share_on_mastodon":{"url":"https:\/\/pubeurope.com\/@fr\/114743429306683607","error":""},"_links":{"self":[{"href":"https:\/\/www.europesays.com\/fr\/wp-json\/wp\/v2\/posts\/202938","targetHints":{"allow":["GET"]}}],"collection":[{"href":"https:\/\/www.europesays.com\/fr\/wp-json\/wp\/v2\/posts"}],"about":[{"href":"https:\/\/www.europesays.com\/fr\/wp-json\/wp\/v2\/types\/post"}],"author":[{"embeddable":true,"href":"https:\/\/www.europesays.com\/fr\/wp-json\/wp\/v2\/users\/2"}],"replies":[{"embeddable":true,"href":"https:\/\/www.europesays.com\/fr\/wp-json\/wp\/v2\/comments?post=202938"}],"version-history":[{"count":0,"href":"https:\/\/www.europesays.com\/fr\/wp-json\/wp\/v2\/posts\/202938\/revisions"}],"wp:featuredmedia":[{"embeddable":true,"href":"https:\/\/www.europesays.com\/fr\/wp-json\/wp\/v2\/media\/202939"}],"wp:attachment":[{"href":"https:\/\/www.europesays.com\/fr\/wp-json\/wp\/v2\/media?parent=202938"}],"wp:term":[{"taxonomy":"category","embeddable":true,"href":"https:\/\/www.europesays.com\/fr\/wp-json\/wp\/v2\/categories?post=202938"},{"taxonomy":"post_tag","embeddable":true,"href":"https:\/\/www.europesays.com\/fr\/wp-json\/wp\/v2\/tags?post=202938"}],"curies":[{"name":"wp","href":"https:\/\/api.w.org\/{rel}","templated":true}]}}